{"id":2033,"date":"2021-11-29T08:09:25","date_gmt":"2021-11-29T07:09:25","guid":{"rendered":"https:\/\/paroisses-malabry.fr\/?p=2033"},"modified":"2021-11-29T09:38:22","modified_gmt":"2021-11-29T08:38:22","slug":"eveil-a-la-foi2","status":"publish","type":"post","link":"https:\/\/paroisses-chatenay.fr\/stebathilde\/eveil-a-la-foi2\/","title":{"rendered":"\u00c9veil \u00e0 la Foi"},"content":{"rendered":"\n<p>La seconde rencontre de l&rsquo;\u00c9veil \u00e0 la Foi aura lieu samedi 11 d\u00e9cembre \u00e0 15h30 dans les salles paroissiales.<\/p>\n","protected":false},"excerpt":{"rendered":"<p>La seconde rencontre de l&rsquo;\u00c9veil \u00e0 la Foi aura lieu samedi 11 d\u00e9cembre \u00e0 15h30 dans les salles paroissiales.<\/p>\n","protected":false},"author":2,"featured_media":1142,"comment_status":"closed","ping_status":"closed","sticky":false,"template":"","format":"standard","meta":{"iawp_total_views":2,"footnotes":""},"categories":[7],"tags":[],"class_list":["post-2033","post","type-post","status-publish","format-standard","has-post-thumbnail","hentry","category-annonce"],"_links":{"self":[{"href":"https:\/\/paroisses-chatenay.fr\/stebathilde\/wp-json\/wp\/v2\/posts\/2033","targetHints":{"allow":["GET"]}}],"collection":[{"href":"https:\/\/paroisses-chatenay.fr\/stebathilde\/wp-json\/wp\/v2\/posts"}],"about":[{"href":"https:\/\/paroisses-chatenay.fr\/stebathilde\/wp-json\/wp\/v2\/types\/post"}],"author":[{"embeddable":true,"href":"https:\/\/paroisses-chatenay.fr\/stebathilde\/wp-json\/wp\/v2\/users\/2"}],"replies":[{"embeddable":true,"href":"https:\/\/paroisses-chatenay.fr\/stebathilde\/wp-json\/wp\/v2\/comments?post=2033"}],"version-history":[{"count":5,"href":"https:\/\/paroisses-chatenay.fr\/stebathilde\/wp-json\/wp\/v2\/posts\/2033\/revisions"}],"predecessor-version":[{"id":2663,"href":"https:\/\/paroisses-chatenay.fr\/stebathilde\/wp-json\/wp\/v2\/posts\/2033\/revisions\/2663"}],"wp:featuredmedia":[{"embeddable":true,"href":"https:\/\/paroisses-chatenay.fr\/stebathilde\/wp-json\/wp\/v2\/media\/1142"}],"wp:attachment":[{"href":"https:\/\/paroisses-chatenay.fr\/stebathilde\/wp-json\/wp\/v2\/media?parent=2033"}],"wp:term":[{"taxonomy":"category","embeddable":true,"href":"https:\/\/paroisses-chatenay.fr\/stebathilde\/wp-json\/wp\/v2\/categories?post=2033"},{"taxonomy":"post_tag","embeddable":true,"href":"https:\/\/paroisses-chatenay.fr\/stebathilde\/wp-json\/wp\/v2\/tags?post=2033"}],"curies":[{"name":"wp","href":"https:\/\/api.w.org\/{rel}","templated":true}]}}