{"id":2289,"date":"2021-11-23T11:39:00","date_gmt":"2021-11-23T10:39:00","guid":{"rendered":"https:\/\/paroisses-malabry.fr\/stebathilde\/?p=2289"},"modified":"2021-12-03T16:28:32","modified_gmt":"2021-12-03T15:28:32","slug":"conference-dialogue-islamo-chretien","status":"publish","type":"post","link":"https:\/\/paroisses-chatenay.fr\/stebathilde\/conference-dialogue-islamo-chretien\/","title":{"rendered":"L&rsquo;actualit\u00e9 du dialogue islamo-chr\u00e9tien, h\u00e9ritages et perspectives"},"content":{"rendered":"\n<p>\u00ab <strong><a href=\"https:\/\/paroisses-chatenay.fr\/stebathilde\/wp-content\/uploads\/2021\/11\/210919-Mgr-Aveline-.pdf\" target=\"_blank\" rel=\"noreferrer noopener\">L\u2019actualit\u00e9 du dialogue islamo-chr\u00e9tien, h\u00e9ritages et perspectives <\/a><\/strong>\u00bb par <strong>Mgr Jean-Marc Aveline, archev\u00eaque de Marseille<\/strong> et pr\u00e9sident du Conseil pour les relations interreligieuses de la Conf\u00e9rence des Ev\u00eaques de France; compte-rendu de la conf\u00e9rence tenu le <strong>mardi 19 octobre 2021 \u00e0 20h30 \u00e0 la Maison de l\u2019\u00c9glise Saint-Fran\u00e7ois-de-Sales<\/strong> 1 parvis Jean-Paul II, 92100 Boulogne-Billancourt.<\/p>\n\n\n\n<p>Quelques exemplaires du compte-rendu seront disponibles \u00e0 l&rsquo;accueil de Sainte Bathilde.<\/p>\n\n\n\n<p><br>Contact : relations.musulmans@diocese92.fr.<\/p>\n\n\n\n<div class=\"wp-block-image\"><figure class=\"aligncenter size-full is-resized\"><img loading=\"lazy\" decoding=\"async\" src=\"https:\/\/paroisses-chatenay.fr\/stebathilde\/wp-content\/uploads\/2021\/10\/ob_859ef1_islamo-chretien.jpg\" alt=\"\" class=\"wp-image-2291\" width=\"263\" height=\"177\" srcset=\"https:\/\/paroisses-chatenay.fr\/stebathilde\/wp-content\/uploads\/2021\/10\/ob_859ef1_islamo-chretien.jpg 1027w, https:\/\/paroisses-chatenay.fr\/stebathilde\/wp-content\/uploads\/2021\/10\/ob_859ef1_islamo-chretien-300x202.jpg 300w, https:\/\/paroisses-chatenay.fr\/stebathilde\/wp-content\/uploads\/2021\/10\/ob_859ef1_islamo-chretien-768x517.jpg 768w\" sizes=\"auto, (max-width: 263px) 100vw, 263px\" \/><\/figure><\/div>\n","protected":false},"excerpt":{"rendered":"<p>\u00ab L\u2019actualit\u00e9 du dialogue islamo-chr\u00e9tien, h\u00e9ritages et perspectives \u00bb par Mgr Jean-Marc Aveline, archev\u00eaque de Marseille et pr\u00e9sident du Conseil<\/p>\n","protected":false},"author":2,"featured_media":2712,"comment_status":"closed","ping_status":"closed","sticky":false,"template":"","format":"standard","meta":{"iawp_total_views":6,"footnotes":""},"categories":[43],"tags":[],"class_list":["post-2289","post","type-post","status-publish","format-standard","has-post-thumbnail","hentry","category-gaic"],"_links":{"self":[{"href":"https:\/\/paroisses-chatenay.fr\/stebathilde\/wp-json\/wp\/v2\/posts\/2289","targetHints":{"allow":["GET"]}}],"collection":[{"href":"https:\/\/paroisses-chatenay.fr\/stebathilde\/wp-json\/wp\/v2\/posts"}],"about":[{"href":"https:\/\/paroisses-chatenay.fr\/stebathilde\/wp-json\/wp\/v2\/types\/post"}],"author":[{"embeddable":true,"href":"https:\/\/paroisses-chatenay.fr\/stebathilde\/wp-json\/wp\/v2\/users\/2"}],"replies":[{"embeddable":true,"href":"https:\/\/paroisses-chatenay.fr\/stebathilde\/wp-json\/wp\/v2\/comments?post=2289"}],"version-history":[{"count":11,"href":"https:\/\/paroisses-chatenay.fr\/stebathilde\/wp-json\/wp\/v2\/posts\/2289\/revisions"}],"predecessor-version":[{"id":2715,"href":"https:\/\/paroisses-chatenay.fr\/stebathilde\/wp-json\/wp\/v2\/posts\/2289\/revisions\/2715"}],"wp:featuredmedia":[{"embeddable":true,"href":"https:\/\/paroisses-chatenay.fr\/stebathilde\/wp-json\/wp\/v2\/media\/2712"}],"wp:attachment":[{"href":"https:\/\/paroisses-chatenay.fr\/stebathilde\/wp-json\/wp\/v2\/media?parent=2289"}],"wp:term":[{"taxonomy":"category","embeddable":true,"href":"https:\/\/paroisses-chatenay.fr\/stebathilde\/wp-json\/wp\/v2\/categories?post=2289"},{"taxonomy":"post_tag","embeddable":true,"href":"https:\/\/paroisses-chatenay.fr\/stebathilde\/wp-json\/wp\/v2\/tags?post=2289"}],"curies":[{"name":"wp","href":"https:\/\/api.w.org\/{rel}","templated":true}]}}