{"id":2666,"date":"2021-11-29T21:31:19","date_gmt":"2021-11-29T20:31:19","guid":{"rendered":"https:\/\/paroisses-chatenay.fr\/stebathilde\/?p=2666"},"modified":"2021-11-29T21:34:29","modified_gmt":"2021-11-29T20:34:29","slug":"redire-oui-a-leglise","status":"publish","type":"post","link":"https:\/\/paroisses-chatenay.fr\/stebathilde\/redire-oui-a-leglise\/","title":{"rendered":"Redire OUI \u00e0 L\u2019\u00c9glise"},"content":{"rendered":"\n<p class=\"has-vivid-red-color has-text-color has-medium-font-size\"><strong>Apr\u00e8s les r\u00e9v\u00e9lations sur les abus<\/strong> <strong>REDIRE OUI A L\u2019EGLISE<\/strong><\/p>\n\n\n\n<p>Nous \u00e9couterons le&nbsp;<strong>P. Patrick GOUJON, j\u00e9suite, professeur au Centre S\u00e8vres \u00e0 Paris<\/strong>. Il vient de publier un livre (<em>Pri\u00e8re de ne pas abuser<\/em>) dans lequel il \u00e9voque les abus sexuels dont il a \u00e9t\u00e9 victime, enfant, de la part d\u2019un pr\u00eatre. Il nous expliquera son long chemin personnel de r\u00e9conciliation avec l\u2019Eglise.<\/p>\n\n\n\n<p>Apr\u00e8s les r\u00e9v\u00e9lations du rapport Sauv\u00e9, la tentation pourrait exister chez certains de prendre leurs distances avec cette Eglise. Pourquoi est-il si important, au contraire, d\u2019en rester membres ? Et comment continuer de l\u2019aimer ?<\/p>\n\n\n\n<p>La soir\u00e9e se d\u00e9roulera le <strong>jeudi prochain 2 d\u00e9cembre<\/strong>\u00a0<strong>de 20H30 \u00e0 22H30 \u00e0 l\u2019Espace paroissial Paoli, 7 rue du Capitaine Paoli (\u00e0 c\u00f4t\u00e9 de la station Esso) \u00e0 Fontenay-aux-Roses<\/strong>. Les gestes barri\u00e8res seront respect\u00e9s, avec port du masque et pr\u00e9sentation du passe sanitaire.<\/p>\n\n\n\n<p>Nous nous efforcerons (ce sera une premi\u00e8re !) de diffuser la soir\u00e9e sur la chaine Youtube de la paroisse. En voici le lien : <\/p>\n\n\n\n<p class=\"has-text-align-center\"><a href=\"https:\/\/www.youtube.com\/channel\/UCcXEAYKYJDYtq8knz7mpi4w\">https:\/\/www.youtube.com\/channel\/UCcXEAYKYJDYtq8knz7mpi4w<\/a><\/p>\n","protected":false},"excerpt":{"rendered":"<p>Apr\u00e8s les r\u00e9v\u00e9lations sur les abus REDIRE OUI A L\u2019EGLISE Nous \u00e9couterons le&nbsp;P. Patrick GOUJON, j\u00e9suite, professeur au Centre S\u00e8vres<\/p>\n","protected":false},"author":2,"featured_media":2668,"comment_status":"closed","ping_status":"closed","sticky":false,"template":"","format":"standard","meta":{"iawp_total_views":1,"footnotes":""},"categories":[7],"tags":[],"class_list":["post-2666","post","type-post","status-publish","format-standard","has-post-thumbnail","hentry","category-annonce"],"_links":{"self":[{"href":"https:\/\/paroisses-chatenay.fr\/stebathilde\/wp-json\/wp\/v2\/posts\/2666","targetHints":{"allow":["GET"]}}],"collection":[{"href":"https:\/\/paroisses-chatenay.fr\/stebathilde\/wp-json\/wp\/v2\/posts"}],"about":[{"href":"https:\/\/paroisses-chatenay.fr\/stebathilde\/wp-json\/wp\/v2\/types\/post"}],"author":[{"embeddable":true,"href":"https:\/\/paroisses-chatenay.fr\/stebathilde\/wp-json\/wp\/v2\/users\/2"}],"replies":[{"embeddable":true,"href":"https:\/\/paroisses-chatenay.fr\/stebathilde\/wp-json\/wp\/v2\/comments?post=2666"}],"version-history":[{"count":3,"href":"https:\/\/paroisses-chatenay.fr\/stebathilde\/wp-json\/wp\/v2\/posts\/2666\/revisions"}],"predecessor-version":[{"id":2670,"href":"https:\/\/paroisses-chatenay.fr\/stebathilde\/wp-json\/wp\/v2\/posts\/2666\/revisions\/2670"}],"wp:featuredmedia":[{"embeddable":true,"href":"https:\/\/paroisses-chatenay.fr\/stebathilde\/wp-json\/wp\/v2\/media\/2668"}],"wp:attachment":[{"href":"https:\/\/paroisses-chatenay.fr\/stebathilde\/wp-json\/wp\/v2\/media?parent=2666"}],"wp:term":[{"taxonomy":"category","embeddable":true,"href":"https:\/\/paroisses-chatenay.fr\/stebathilde\/wp-json\/wp\/v2\/categories?post=2666"},{"taxonomy":"post_tag","embeddable":true,"href":"https:\/\/paroisses-chatenay.fr\/stebathilde\/wp-json\/wp\/v2\/tags?post=2666"}],"curies":[{"name":"wp","href":"https:\/\/api.w.org\/{rel}","templated":true}]}}