{"id":2791,"date":"2022-01-13T12:11:34","date_gmt":"2022-01-13T11:11:34","guid":{"rendered":"https:\/\/paroisses-chatenay.fr\/stebathilde\/?p=2791"},"modified":"2022-01-14T14:07:44","modified_gmt":"2022-01-14T13:07:44","slug":"veillee-de-priere-pour-lunite-des-chretiens","status":"publish","type":"post","link":"https:\/\/paroisses-chatenay.fr\/stebathilde\/veillee-de-priere-pour-lunite-des-chretiens\/","title":{"rendered":"Veill\u00e9e de pri\u00e8re pour l&rsquo;unit\u00e9 des Chr\u00e9tiens"},"content":{"rendered":"\n<p>Le jeudi <strong>20 janvier \u00e0 20h30 <\/strong>aura lieu <a href=\"https:\/\/paroisses-chatenay.fr\/stebathilde\/wp-content\/uploads\/2022\/01\/ChretiensEnsemble2022-affiche.pdf\" target=\"_blank\" rel=\"noreferrer noopener\">une veill\u00e9e de pri\u00e8re<\/a> pour l&rsquo;unit\u00e9 des chr\u00e9tiens dans l&rsquo;\u00e9glise <strong>Saint Bathilde<\/strong>, avec la participation de notre Ev\u00eaque Mathieu Roug\u00e9.<\/p>\n\n\n\n<p>Th\u00e8me de la c\u00e9l\u00e9bration : <a href=\"https:\/\/www.oikoumene.org\/fr\/news\/week-of-prayer-for-christian-unity-2022-we-saw-the-star-in-the-east\" target=\"_blank\" rel=\"noreferrer noopener\">\u00ab\u00a0Nous avons vu son astre \u00e0 l\u2019Orient et nous sommes venus lui rendre hommage.\u00a0\u00bb (Matthieu 2, 2)<\/a>.<\/p>\n\n\n\n<p>Elle est organis\u00e9e par l&rsquo;association  <a rel=\"noreferrer noopener\" href=\"http:\/\/ChretiensEnsemble.com\" data-type=\"URL\" data-id=\"ChretiensEnsemble.com\" target=\"_blank\">Chr\u00e9tiens Ensemble<\/a>, avec entre autres les paroisses catholiques de Ch\u00e2tenay-Malabry, la paroisse  protestante de Robinson et la paroisse orthodoxe Saint-Pierre et Saint-Paul.<\/p>\n\n\n\n<hr class=\"wp-block-separator\"\/>\n\n\n\n<p>Dans l\u2019h\u00e9misph\u00e8re nord, la Semaine de pri\u00e8re pour l\u2019unit\u00e9 des chr\u00e9tiens est c\u00e9l\u00e9br\u00e9e du 18 au 25 janvier. Ces dates ont \u00e9t\u00e9 fix\u00e9es depuis 1908 de mani\u00e8re \u00e0 couvrir la p\u00e9riode entre la f\u00eate de saint Pierre et celle de saint Paul. Ce choix a donc une signification symbolique, m\u00eame s\u2019il n\u2019emp\u00eache pas de prier et d\u2019agir pour l\u2019unit\u00e9 des chr\u00e9tiens tout au long de l\u2019ann\u00e9e.<\/p>\n\n\n\n<p>Cette ann\u00e9e le th\u00e8me a \u00e9t\u00e9 choisi par les Eglises du Moyen-Orient et elles ont retenu ce verset&nbsp;: \u00ab&nbsp;Nous avons vu son astre \u00e0 l\u2019Orient et nous sommes venus lui rendre hommage \u00bb (Mt 2,2). C\u2019est au Moyen-Orient que la Parole de Dieu s\u2019est enracin\u00e9e et a port\u00e9 ses fruits. C\u2019est de cet Orient que les ap\u00f4tres se mirent en route pour proclamer l\u2019\u00c9vangile jusqu\u2019aux  extr\u00e9mit\u00e9s de la terre. Et pourtant, aujourd\u2019hui, l\u2019existence m\u00eame de la petite communaut\u00e9 chr\u00e9tienne est menac\u00e9e car beaucoup sont contraints de chercher ailleurs une vie plus s\u00fbre et plus sereine. Comme le fut celle de l\u2019enfant J\u00e9sus, la lumi\u00e8re du christianisme au Moyen-Orient est de plus en plus menac\u00e9e en ces temps difficiles.<\/p>\n\n\n\n<p>Les chr\u00e9tiens du Moyen-Orient sont conscients que le monde partage une grande partie de leurs souffrances et de leurs difficult\u00e9s et aspire \u00e0 trouver la lumi\u00e8re qui leur montrera la voie vers le Sauveur, lui qui sait comment surmonter les t\u00e9n\u00e8bres. La situation de crise actuelle et l\u2019\u00e9chec des structures politiques, \u00e9conomiques et sociales \u00e0 prot\u00e9ger les plus faibles et les plus vuln\u00e9rables ont fait ressortir que tous ont besoin d\u2019une lumi\u00e8re qui brille dans les t\u00e9n\u00e8bres. Par leur parole et leur action, les chr\u00e9tiens sont appel\u00e9s \u00e0 \u00e9clairer le chemin afin que le Christ soit \u00e0 nouveau r\u00e9v\u00e9l\u00e9 aux nations. Mais les divisions entre nous estompent la lumi\u00e8re du t\u00e9moignage chr\u00e9tien et assombrissent le chemin, emp\u00eachant d\u2019autres que nous de parvenir au Christ. \u00c0 l\u2019inverse, des chr\u00e9tiens unis dans leur culte au Christ et r\u00e9v\u00e9lant leurs tr\u00e9sors \u00e0 travers l\u2019\u00e9change de dons, deviennent un signe de l\u2019unit\u00e9 que Dieu d\u00e9sire pour toute sa cr\u00e9ation.<\/p>\n\n\n\n<p><strong>Cette ann\u00e9e, la traditionnelle veill\u00e9e de la \u00ab&nbsp;r\u00e9gion&nbsp;\u00bb de Bourg-la-Reine aura lieu \u00e0 20h30, le jeudi 20 janvier \u00e0 l\u2019Eglise Sainte-Bathilde de Chatenay-Malabry (43 avenue du Plessis, RER Robinson). Nous aurons la joie d\u2019accueillir l\u2019\u00e9v\u00eaque catholique de Nanterre, Mathieu Roug\u00e9, qui d\u00e9sirait beaucoup prier avec nous. L\u2019Association Chr\u00e9tiens Ensemble, qui regroupe des catholiques, des protestants et des orthodoxes du sud des Hauts-de-Seine et du Val-de-Marne, sera heureuse de partager avec vous ce moment.<\/strong><\/p>\n\n\n\n<p><br><a href=\"http:\/\/www.chretiensensemble.com\">http:\/\/www.chretiensensemble.com<\/a><\/p>\n\n\n\n<div class=\"wp-block-image\"><figure class=\"aligncenter size-full is-resized\"><img loading=\"lazy\" decoding=\"async\" src=\"https:\/\/paroisses-chatenay.fr\/stebathilde\/wp-content\/uploads\/2021\/11\/Chretiens-Ensemble.png\" alt=\"\" class=\"wp-image-2542\" width=\"88\" height=\"122\" srcset=\"https:\/\/paroisses-chatenay.fr\/stebathilde\/wp-content\/uploads\/2021\/11\/Chretiens-Ensemble.png 130w, https:\/\/paroisses-chatenay.fr\/stebathilde\/wp-content\/uploads\/2021\/11\/Chretiens-Ensemble-17x24.png 17w, https:\/\/paroisses-chatenay.fr\/stebathilde\/wp-content\/uploads\/2021\/11\/Chretiens-Ensemble-26x36.png 26w, https:\/\/paroisses-chatenay.fr\/stebathilde\/wp-content\/uploads\/2021\/11\/Chretiens-Ensemble-35x48.png 35w\" sizes=\"auto, (max-width: 88px) 100vw, 88px\" \/><\/figure><\/div>\n\n\n\n<p><\/p>\n","protected":false},"excerpt":{"rendered":"<p>Le jeudi 20 janvier \u00e0 20h30 aura lieu une veill\u00e9e de pri\u00e8re pour l&rsquo;unit\u00e9 des chr\u00e9tiens dans l&rsquo;\u00e9glise Saint Bathilde,<\/p>\n","protected":false},"author":2,"featured_media":2792,"comment_status":"closed","ping_status":"closed","sticky":false,"template":"","format":"standard","meta":{"iawp_total_views":5,"footnotes":""},"categories":[41],"tags":[],"class_list":["post-2791","post","type-post","status-publish","format-standard","has-post-thumbnail","hentry","category-association"],"_links":{"self":[{"href":"https:\/\/paroisses-chatenay.fr\/stebathilde\/wp-json\/wp\/v2\/posts\/2791","targetHints":{"allow":["GET"]}}],"collection":[{"href":"https:\/\/paroisses-chatenay.fr\/stebathilde\/wp-json\/wp\/v2\/posts"}],"about":[{"href":"https:\/\/paroisses-chatenay.fr\/stebathilde\/wp-json\/wp\/v2\/types\/post"}],"author":[{"embeddable":true,"href":"https:\/\/paroisses-chatenay.fr\/stebathilde\/wp-json\/wp\/v2\/users\/2"}],"replies":[{"embeddable":true,"href":"https:\/\/paroisses-chatenay.fr\/stebathilde\/wp-json\/wp\/v2\/comments?post=2791"}],"version-history":[{"count":7,"href":"https:\/\/paroisses-chatenay.fr\/stebathilde\/wp-json\/wp\/v2\/posts\/2791\/revisions"}],"predecessor-version":[{"id":2896,"href":"https:\/\/paroisses-chatenay.fr\/stebathilde\/wp-json\/wp\/v2\/posts\/2791\/revisions\/2896"}],"wp:featuredmedia":[{"embeddable":true,"href":"https:\/\/paroisses-chatenay.fr\/stebathilde\/wp-json\/wp\/v2\/media\/2792"}],"wp:attachment":[{"href":"https:\/\/paroisses-chatenay.fr\/stebathilde\/wp-json\/wp\/v2\/media?parent=2791"}],"wp:term":[{"taxonomy":"category","embeddable":true,"href":"https:\/\/paroisses-chatenay.fr\/stebathilde\/wp-json\/wp\/v2\/categories?post=2791"},{"taxonomy":"post_tag","embeddable":true,"href":"https:\/\/paroisses-chatenay.fr\/stebathilde\/wp-json\/wp\/v2\/tags?post=2791"}],"curies":[{"name":"wp","href":"https:\/\/api.w.org\/{rel}","templated":true}]}}