{"id":2798,"date":"2021-12-20T15:00:33","date_gmt":"2021-12-20T14:00:33","guid":{"rendered":"https:\/\/paroisses-chatenay.fr\/stebathilde\/?p=2798"},"modified":"2021-12-30T19:32:38","modified_gmt":"2021-12-30T18:32:38","slug":"panier-du-cure","status":"publish","type":"post","link":"https:\/\/paroisses-chatenay.fr\/stebathilde\/panier-du-cure\/","title":{"rendered":"Panier du Cur\u00e9"},"content":{"rendered":"\n<p>Depuis plusieurs ann\u00e9es d\u00e9j\u00e0, des b\u00e9n\u00e9voles pr\u00e9parent des repas pour nos pr\u00eatres et nos diacres, les mercredis et vendredis midi (hors vacances scolaires). Ceci leur permet un partage communautaire dans une ambiance conviviale.<\/p>\n\n\n\n<p>Apr\u00e8s plusieurs ann\u00e9es de bons et loyaux services, certains membres de cette \u00e9quipe ne peuvent plus continuer ce service. Afin que cela perdure et ne repr\u00e9sente pas une charge pour l&rsquo;\u00e9quipe, il est souhaitable que le nombre de ses membres augmente.<\/p>\n\n\n\n<p>Si vous aimez cuisiner et vous voulez faire partager votre talent, merci de vous inscrire \u00e0 l&rsquo;accueil de Saint-Germain au 01.46.61.04.81 ou <a href=\"mailto:saint.germain@free.fr\" target=\"_blank\" rel=\"noreferrer noopener\">saint.germain@free.fr<\/a>.<\/p>\n\n\n\n<p>D&rsquo;avance merci pour eux !<\/p>\n\n\n\n<div class=\"wp-block-image\"><figure class=\"aligncenter size-full is-resized\"><img loading=\"lazy\" decoding=\"async\" src=\"https:\/\/paroisses-chatenay.fr\/stebathilde\/wp-content\/uploads\/2021\/12\/Logo_du_Panier_du_CurA_c__original.jpg\" alt=\"\" class=\"wp-image-2800\" width=\"147\" height=\"166\" srcset=\"https:\/\/paroisses-chatenay.fr\/stebathilde\/wp-content\/uploads\/2021\/12\/Logo_du_Panier_du_CurA_c__original.jpg 200w, https:\/\/paroisses-chatenay.fr\/stebathilde\/wp-content\/uploads\/2021\/12\/Logo_du_Panier_du_CurA_c__original-21x24.jpg 21w, https:\/\/paroisses-chatenay.fr\/stebathilde\/wp-content\/uploads\/2021\/12\/Logo_du_Panier_du_CurA_c__original-32x36.jpg 32w, https:\/\/paroisses-chatenay.fr\/stebathilde\/wp-content\/uploads\/2021\/12\/Logo_du_Panier_du_CurA_c__original-42x48.jpg 42w\" sizes=\"auto, (max-width: 147px) 100vw, 147px\" \/><\/figure><\/div>\n\n\n\n<p><\/p>\n","protected":false},"excerpt":{"rendered":"<p>Depuis plusieurs ann\u00e9es d\u00e9j\u00e0, des b\u00e9n\u00e9voles pr\u00e9parent des repas pour nos pr\u00eatres et nos diacres, les mercredis et vendredis midi<\/p>\n","protected":false},"author":2,"featured_media":2799,"comment_status":"closed","ping_status":"closed","sticky":false,"template":"","format":"standard","meta":{"iawp_total_views":2,"footnotes":""},"categories":[7],"tags":[],"class_list":["post-2798","post","type-post","status-publish","format-standard","has-post-thumbnail","hentry","category-annonce"],"_links":{"self":[{"href":"https:\/\/paroisses-chatenay.fr\/stebathilde\/wp-json\/wp\/v2\/posts\/2798","targetHints":{"allow":["GET"]}}],"collection":[{"href":"https:\/\/paroisses-chatenay.fr\/stebathilde\/wp-json\/wp\/v2\/posts"}],"about":[{"href":"https:\/\/paroisses-chatenay.fr\/stebathilde\/wp-json\/wp\/v2\/types\/post"}],"author":[{"embeddable":true,"href":"https:\/\/paroisses-chatenay.fr\/stebathilde\/wp-json\/wp\/v2\/users\/2"}],"replies":[{"embeddable":true,"href":"https:\/\/paroisses-chatenay.fr\/stebathilde\/wp-json\/wp\/v2\/comments?post=2798"}],"version-history":[{"count":3,"href":"https:\/\/paroisses-chatenay.fr\/stebathilde\/wp-json\/wp\/v2\/posts\/2798\/revisions"}],"predecessor-version":[{"id":2804,"href":"https:\/\/paroisses-chatenay.fr\/stebathilde\/wp-json\/wp\/v2\/posts\/2798\/revisions\/2804"}],"wp:featuredmedia":[{"embeddable":true,"href":"https:\/\/paroisses-chatenay.fr\/stebathilde\/wp-json\/wp\/v2\/media\/2799"}],"wp:attachment":[{"href":"https:\/\/paroisses-chatenay.fr\/stebathilde\/wp-json\/wp\/v2\/media?parent=2798"}],"wp:term":[{"taxonomy":"category","embeddable":true,"href":"https:\/\/paroisses-chatenay.fr\/stebathilde\/wp-json\/wp\/v2\/categories?post=2798"},{"taxonomy":"post_tag","embeddable":true,"href":"https:\/\/paroisses-chatenay.fr\/stebathilde\/wp-json\/wp\/v2\/tags?post=2798"}],"curies":[{"name":"wp","href":"https:\/\/api.w.org\/{rel}","templated":true}]}}