{"id":2935,"date":"2022-01-25T11:43:59","date_gmt":"2022-01-25T10:43:59","guid":{"rendered":"https:\/\/paroisses-chatenay.fr\/stebathilde\/?p=2935"},"modified":"2022-01-25T11:45:51","modified_gmt":"2022-01-25T10:45:51","slug":"agressions-sexuelles-dans-leglise-parlons-en","status":"publish","type":"post","link":"https:\/\/paroisses-chatenay.fr\/stebathilde\/agressions-sexuelles-dans-leglise-parlons-en\/","title":{"rendered":"Agressions sexuelles dans l\u2019\u00c9glise : parlons-en !"},"content":{"rendered":"\n<p>Il y a trois ans, les \u00e9v\u00eaques et les responsables des communaut\u00e9s religieuses de France d\u00e9cidaient de confier \u00e0 une commission ind\u00e9pendante (la Ciase) le soin de prendre la mesure de l\u2019ampleur des agressions sexuelles envers des enfants au sein de l\u2019\u00c9glise catholique. Le r\u00e9sultat de ce travail, rendu public en octobre dernier, est un \u00e9tat des lieux sans appel, qui nous invite \u00e0 l\u2019action. Au sein de notre communaut\u00e9, un petit groupe de travail et de suivi s\u2019est form\u00e9 dans la foul\u00e9e pour envisager les actions envisageables \u00e0 notre \u00e9chelle, afin de contribuer \u00e0 ce que notre Eglise redevienne une \u00ab&nbsp;maison s\u00fbre&nbsp;\u00bb, selon l\u2019expression du pape Fran\u00e7ois. C\u2019est dans cet esprit que vous \u00eates invit\u00e9s \u00e0 deux rencontres ouvertes \u00e0 tous, qui se d\u00e9rouleront prochainement au <strong>centre paroissial de St Germain<\/strong>, 2 rue du Lavoir.<\/p>\n\n\n\n<p><strong>Le temps 1, le 30 janvier de 13h45 \u00e0 16h<\/strong>, sera consacr\u00e9 \u00e0 la parole et l\u2019\u00e9coute. Apr\u00e8s une allocution du magistrat <strong>Antoine Garapon<\/strong>, membre de la Ciase et pr\u00e9sident de la commission de reconnaissance et de r\u00e9paration qui continue \u00e0 travailler avec des personnes victimes, un partage libre et respectueux en petits comit\u00e9s permettra \u00e0 ceux qui le souhaitent de poser une parole personnelle.<\/p>\n\n\n\n<p><strong>Le temps 2, le <\/strong>13 f\u00e9vrier aux m\u00eames horaires, sera tourn\u00e9 vers la vigilance et la pr\u00e9vention. Avec l\u2019aide de professionnels (psychologue, juriste, \u00e9ducateur&#8230;) impliqu\u00e9s dans la protection de l\u2019enfance, nous \u00e9changerons sur les bonnes pratiques en mati\u00e8re de pr\u00e9vention et r\u00e9fl\u00e9chirons aux actions pouvant \u00eatre mises en \u0153uvre \u00e0 l\u2019\u00e9chelle de notre territoire. Seront notamment pr\u00e9sents Samuel Comblez, directeur de l&rsquo;association de protection des mineurs e-Enfance et Marie-C\u00e9cile Bizard, avocate, membre de la cellule d\u2019\u00e9coute des victimes du dioc\u00e8se de Nanterre.<\/p>\n\n\n\n<p><\/p>\n\n\n\n<p>Le propectus <a href=\"https:\/\/paroisses-chatenay.fr\/stebathilde\/wp-content\/uploads\/2022\/01\/FlyerCiase.jpg\" target=\"_blank\" rel=\"noreferrer noopener\">ICI<\/a>.<\/p>\n","protected":false},"excerpt":{"rendered":"<p>Il y a trois ans, les \u00e9v\u00eaques et les responsables des communaut\u00e9s religieuses de France d\u00e9cidaient de confier \u00e0 une<\/p>\n","protected":false},"author":2,"featured_media":2936,"comment_status":"closed","ping_status":"closed","sticky":false,"template":"","format":"standard","meta":{"iawp_total_views":1,"footnotes":""},"categories":[7],"tags":[],"class_list":["post-2935","post","type-post","status-publish","format-standard","has-post-thumbnail","hentry","category-annonce"],"_links":{"self":[{"href":"https:\/\/paroisses-chatenay.fr\/stebathilde\/wp-json\/wp\/v2\/posts\/2935","targetHints":{"allow":["GET"]}}],"collection":[{"href":"https:\/\/paroisses-chatenay.fr\/stebathilde\/wp-json\/wp\/v2\/posts"}],"about":[{"href":"https:\/\/paroisses-chatenay.fr\/stebathilde\/wp-json\/wp\/v2\/types\/post"}],"author":[{"embeddable":true,"href":"https:\/\/paroisses-chatenay.fr\/stebathilde\/wp-json\/wp\/v2\/users\/2"}],"replies":[{"embeddable":true,"href":"https:\/\/paroisses-chatenay.fr\/stebathilde\/wp-json\/wp\/v2\/comments?post=2935"}],"version-history":[{"count":2,"href":"https:\/\/paroisses-chatenay.fr\/stebathilde\/wp-json\/wp\/v2\/posts\/2935\/revisions"}],"predecessor-version":[{"id":2938,"href":"https:\/\/paroisses-chatenay.fr\/stebathilde\/wp-json\/wp\/v2\/posts\/2935\/revisions\/2938"}],"wp:featuredmedia":[{"embeddable":true,"href":"https:\/\/paroisses-chatenay.fr\/stebathilde\/wp-json\/wp\/v2\/media\/2936"}],"wp:attachment":[{"href":"https:\/\/paroisses-chatenay.fr\/stebathilde\/wp-json\/wp\/v2\/media?parent=2935"}],"wp:term":[{"taxonomy":"category","embeddable":true,"href":"https:\/\/paroisses-chatenay.fr\/stebathilde\/wp-json\/wp\/v2\/categories?post=2935"},{"taxonomy":"post_tag","embeddable":true,"href":"https:\/\/paroisses-chatenay.fr\/stebathilde\/wp-json\/wp\/v2\/tags?post=2935"}],"curies":[{"name":"wp","href":"https:\/\/api.w.org\/{rel}","templated":true}]}}