{"id":3137,"date":"2022-03-12T13:54:31","date_gmt":"2022-03-12T12:54:31","guid":{"rendered":"https:\/\/paroisses-chatenay.fr\/stebathilde\/?p=3137"},"modified":"2022-03-13T12:53:06","modified_gmt":"2022-03-13T11:53:06","slug":"le-crucifie-ces-jours-est-en-ukraine","status":"publish","type":"post","link":"https:\/\/paroisses-chatenay.fr\/stebathilde\/le-crucifie-ces-jours-est-en-ukraine\/","title":{"rendered":"Le Crucifi\u00e9 ces jours est en Ukraine"},"content":{"rendered":"<style>.wp-block-kadence-column.kb-section-dir-horizontal > .kt-inside-inner-col > #kt-info-box_2ea537-b3 .kt-blocks-info-box-link-wrap{max-width:unset;}#kt-info-box_2ea537-b3 .kt-blocks-info-box-link-wrap{border-color:#d7aeae;border-radius:20px;border-top-width:5px;border-right-width:5px;border-bottom-width:5px;border-left-width:5px;background:#eadfdf;padding-top:24px;padding-right:24px;padding-bottom:24px;padding-left:24px;}#kt-info-box_2ea537-b3 .kt-blocks-info-box-link-wrap:hover{border-color:#c24141;background:#ead1d1;}#kt-info-box_2ea537-b3.wp-block-kadence-infobox{max-width:100%;}#kt-info-box_2ea537-b3 .kadence-info-box-image-inner-intrisic-container{max-width:260px;}#kt-info-box_2ea537-b3 .kadence-info-box-image-inner-intrisic-container .kadence-info-box-image-intrisic{padding-bottom:56.25%;width:1136px;height:0px;max-width:100%;}#kt-info-box_2ea537-b3 .kadence-info-box-icon-container .kt-info-svg-icon, #kt-info-box_2ea537-b3 .kt-info-svg-icon-flip, #kt-info-box_2ea537-b3 .kt-blocks-info-box-number{font-size:50px;}#kt-info-box_2ea537-b3 .kt-blocks-info-box-media{color:#444444;background:#e0cece;border-color:#eeeeee;border-radius:26px;overflow:hidden;border-top-width:0px;border-right-width:0px;border-bottom-width:0px;border-left-width:0px;padding-top:0px;padding-right:0px;padding-bottom:0px;padding-left:0px;margin-top:0px;margin-right:20px;margin-bottom:0px;margin-left:0px;}#kt-info-box_2ea537-b3 .kt-blocks-info-box-link-wrap:hover .kt-blocks-info-box-media{color:#444444;background:#f0dcdc;border-color:#eeeeee;}#kt-info-box_2ea537-b3 .kt-infobox-textcontent h6.kt-blocks-info-box-title{color:#cf2e2e;font-family:\"Comic Sans MS\", cursive, sans-serif;font-style:normal;padding-top:0px;padding-right:0px;padding-bottom:0px;padding-left:0px;margin-top:5px;margin-right:0px;margin-bottom:10px;margin-left:0px;}#kt-info-box_2ea537-b3 .kt-infobox-textcontent .kt-blocks-info-box-text{color:#90420c;}.wp-block-kadence-infobox#kt-info-box_2ea537-b3 .kt-blocks-info-box-text{font-size:14px;}#kt-info-box_2ea537-b3 .kt-blocks-info-box-learnmore{background:transparent;border-width:0px 0px 0px 0px;padding-top:4px;padding-right:8px;padding-bottom:4px;padding-left:8px;margin-top:10px;margin-right:0px;margin-bottom:10px;margin-left:0px;}<\/style>\n<div id=\"kt-info-box_2ea537-b3\" class=\"wp-block-kadence-infobox\"><a class=\"kt-blocks-info-box-link-wrap info-box-link kt-blocks-info-box-media-align-left kt-info-halign-left kb-info-box-vertical-media-align-top\"><div class=\"kt-blocks-info-box-media-container\"><div class=\"kt-blocks-info-box-media kt-info-media-animate-flip\"><div class=\"kadence-info-box-image-inner-intrisic-container\"><div class=\"kadence-info-box-image-intrisic kt-info-animate-flip\"><div class=\"kadence-info-box-image-inner-intrisic\"><img loading=\"lazy\" decoding=\"async\" src=\"https:\/\/paroisses-chatenay.fr\/stebathilde\/wp-content\/uploads\/2022\/03\/GuerreUkraine2.jpg\" alt=\"\" width=\"1136\" height=\"639\" class=\"kt-info-box-image wp-image-3131\" srcset=\"https:\/\/paroisses-chatenay.fr\/stebathilde\/wp-content\/uploads\/2022\/03\/GuerreUkraine2.jpg 1136w, https:\/\/paroisses-chatenay.fr\/stebathilde\/wp-content\/uploads\/2022\/03\/GuerreUkraine2-300x169.jpg 300w, https:\/\/paroisses-chatenay.fr\/stebathilde\/wp-content\/uploads\/2022\/03\/GuerreUkraine2-768x432.jpg 768w, https:\/\/paroisses-chatenay.fr\/stebathilde\/wp-content\/uploads\/2022\/03\/GuerreUkraine2-24x14.jpg 24w, https:\/\/paroisses-chatenay.fr\/stebathilde\/wp-content\/uploads\/2022\/03\/GuerreUkraine2-36x20.jpg 36w, https:\/\/paroisses-chatenay.fr\/stebathilde\/wp-content\/uploads\/2022\/03\/GuerreUkraine2-48x27.jpg 48w, https:\/\/paroisses-chatenay.fr\/stebathilde\/wp-content\/uploads\/2022\/03\/GuerreUkraine2-400x225.jpg 400w\" sizes=\"auto, (max-width: 1136px) 100vw, 1136px\" \/><img loading=\"lazy\" decoding=\"async\" src=\"https:\/\/paroisses-chatenay.fr\/stebathilde\/wp-content\/uploads\/2022\/03\/GuerreUkraine3.jpg\" alt=\"\" width=\"700\" height=\"394\" class=\"kt-info-box-image-flip wp-image-3133\" srcset=\"https:\/\/paroisses-chatenay.fr\/stebathilde\/wp-content\/uploads\/2022\/03\/GuerreUkraine3.jpg 700w, https:\/\/paroisses-chatenay.fr\/stebathilde\/wp-content\/uploads\/2022\/03\/GuerreUkraine3-300x169.jpg 300w, https:\/\/paroisses-chatenay.fr\/stebathilde\/wp-content\/uploads\/2022\/03\/GuerreUkraine3-24x14.jpg 24w, https:\/\/paroisses-chatenay.fr\/stebathilde\/wp-content\/uploads\/2022\/03\/GuerreUkraine3-36x20.jpg 36w, https:\/\/paroisses-chatenay.fr\/stebathilde\/wp-content\/uploads\/2022\/03\/GuerreUkraine3-48x27.jpg 48w, https:\/\/paroisses-chatenay.fr\/stebathilde\/wp-content\/uploads\/2022\/03\/GuerreUkraine3-400x225.jpg 400w\" sizes=\"auto, (max-width: 700px) 100vw, 700px\" \/><\/div><\/div><\/div><\/div><\/div><div class=\"kt-infobox-textcontent\"><h6 class=\"kt-blocks-info-box-title\">Le Crucifi\u00e9 ces jours est en Ukraine<\/h6><p class=\"kt-blocks-info-box-text\">Le crucifi\u00e9 ces jours est en Ukraine.<br\/>Il est avec les jeunes qui meurent dans les combats,<br\/>les civils qui fuient les bombardements et qui sont \u00e9cras\u00e9s par les bombes,<br\/>les femmes, les vieillards et les enfants qui ont peur et se cachent,<br\/>Les bless\u00e9s dans les h\u00f4pitaux surcharg\u00e9s<br\/>Les m\u00e8res qui pleurent leur fils tu\u00e9.<br\/>O J\u00e9sus ! Pourquoi, pourquoi la guerre ?    <br\/><br\/>Le crucifi\u00e9 ces jours a mal et crie : \u00ab J\u2019ai soif ! \u00bb<br\/>Et encore : \u00ab mon Dieu, mon Dieu pourquoi m\u2019as-tu abandonn\u00e9 ? \u00bb<br\/>Il est couvert de sang, le sien et celui des autres.<br\/>Avec toutes celles et tous ceux qui l\u2019entourent il a peur.<br\/>Il dit : \u00ab Ma vie, \u00f4 P\u00e8re je te la donne !<br\/>Je suis venu pour que pas un seul ne soit perdu \u00bb.<br\/>\u00d4 J\u00e9sus ! Jusqu\u2019\u00e0 quand la destruction de l\u2019homme par l\u2019homme ?<br\/><br\/>Le crucifi\u00e9 ces jours n\u2019a pas de tombeau.<br\/>Son corps mutil\u00e9 pend aux carrefours des rues de Kiev et d\u2019ailleurs.<br\/>Joseph d\u2019Arimathie n\u2019a pu obtenir que soit recueillie sa d\u00e9pouille et les femmes de sa famille<br\/>et son entourage ont \u00e9t\u00e9 emp\u00each\u00e9es s les vendredis saints du monde !de le rejoindre.<br\/>Ni pri\u00e8res, ni aromates pour lui !<br\/>Point d\u2019ange consolateur !<br\/>\u00d4 J\u00e9sus ! Qu\u2019ils sont longs les vendredis saints du monde !<br\/><br\/>Le crucifi\u00e9 ce jour vient mendier ma solidarit\u00e9.<br\/>Il me dit : \u00ab J\u2019ai besoin de toi. \u00bb<br\/>Il met son corps entre mes mains.<br\/>Il me montre les Ukrainiens et dit : \u00ab Voici ta m\u00e8re, voici tes fr\u00e8res ! \u00bb<br\/>Et puis : \u00ab Ce que tu fais \u00e0 l\u2019un de ces petits qui sont les miens, c\u2019est \u00e0 moi que tu le fais ! \u00bb<br\/>Il en appelle \u00e0 ma r\u00e9volte, \u00e0 ma pri\u00e8re, \u00e0 mon je\u00fbne, \u00e0 mon partage.<br\/>\u00d4 J\u00e9sus ! Me voici !<br\/><br\/>                                                                                                                                             Christian Delorme<br\/>                                                                                                                                             Cuire, 28 f\u00e9vrier 22<\/p><\/div><\/a><\/div>\n","protected":false},"excerpt":{"rendered":"","protected":false},"author":2,"featured_media":3132,"comment_status":"closed","ping_status":"closed","sticky":false,"template":"","format":"standard","meta":{"iawp_total_views":2,"footnotes":""},"categories":[7],"tags":[],"class_list":["post-3137","post","type-post","status-publish","format-standard","has-post-thumbnail","hentry","category-annonce"],"_links":{"self":[{"href":"https:\/\/paroisses-chatenay.fr\/stebathilde\/wp-json\/wp\/v2\/posts\/3137","targetHints":{"allow":["GET"]}}],"collection":[{"href":"https:\/\/paroisses-chatenay.fr\/stebathilde\/wp-json\/wp\/v2\/posts"}],"about":[{"href":"https:\/\/paroisses-chatenay.fr\/stebathilde\/wp-json\/wp\/v2\/types\/post"}],"author":[{"embeddable":true,"href":"https:\/\/paroisses-chatenay.fr\/stebathilde\/wp-json\/wp\/v2\/users\/2"}],"replies":[{"embeddable":true,"href":"https:\/\/paroisses-chatenay.fr\/stebathilde\/wp-json\/wp\/v2\/comments?post=3137"}],"version-history":[{"count":2,"href":"https:\/\/paroisses-chatenay.fr\/stebathilde\/wp-json\/wp\/v2\/posts\/3137\/revisions"}],"predecessor-version":[{"id":3140,"href":"https:\/\/paroisses-chatenay.fr\/stebathilde\/wp-json\/wp\/v2\/posts\/3137\/revisions\/3140"}],"wp:featuredmedia":[{"embeddable":true,"href":"https:\/\/paroisses-chatenay.fr\/stebathilde\/wp-json\/wp\/v2\/media\/3132"}],"wp:attachment":[{"href":"https:\/\/paroisses-chatenay.fr\/stebathilde\/wp-json\/wp\/v2\/media?parent=3137"}],"wp:term":[{"taxonomy":"category","embeddable":true,"href":"https:\/\/paroisses-chatenay.fr\/stebathilde\/wp-json\/wp\/v2\/categories?post=3137"},{"taxonomy":"post_tag","embeddable":true,"href":"https:\/\/paroisses-chatenay.fr\/stebathilde\/wp-json\/wp\/v2\/tags?post=3137"}],"curies":[{"name":"wp","href":"https:\/\/api.w.org\/{rel}","templated":true}]}}