{"id":3211,"date":"2026-01-27T07:30:21","date_gmt":"2026-01-27T05:30:21","guid":{"rendered":"https:\/\/paroisses-chatenay.fr\/stebathilde\/?p=3211"},"modified":"2026-01-27T20:14:31","modified_gmt":"2026-01-27T18:14:31","slug":"conference-ccfd-terre-solidaire","status":"publish","type":"post","link":"https:\/\/paroisses-chatenay.fr\/stebathilde\/conference-ccfd-terre-solidaire\/","title":{"rendered":"CCFD-Terre Solidaire : chant de car\u00eame"},"content":{"rendered":"\n<p>Cette ann\u00e9e encore, le th\u00e8me du car\u00eame propos\u00e9 par le CCFD-Terre solidaire est \u00ab\u00a0Contre la faim, unissons nos pouvoirs\u00a0\u00bb<\/p>\n\n\n\n<p class=\"has-text-align-left\">Vous pourrez trouver le texte et la partition du chant pour ce car\u00eame 2026 en cliquant <a href=\"https:\/\/paroisses-chatenay.fr\/stebathilde\/wp-content\/uploads\/2026\/01\/Chant_Careme-2026.pdf\">ici<\/a> et une version enregistr\u00e9e <a href=\"https:\/\/paroisses-chatenay.fr\/stebathilde\/wp-content\/uploads\/2026\/01\/Chant_Careme_2026.mp4\">ici<\/a><\/p>\n\n\n\n<figure class=\"wp-block-image size-large\"><img decoding=\"async\" src=\"https:\/\/paroisses-chatenay.fr\/stebathilde\/wp-content\/uploads\/2026\/01\/ccfd-careme-2026.jpg\" alt=\"\" \/><\/figure>\n\n\n\n<p class=\"has-text-align-center\"><\/p>\n","protected":false},"excerpt":{"rendered":"<p>Cette ann\u00e9e encore, le th\u00e8me du car\u00eame propos\u00e9 par le CCFD-Terre solidaire est \u00ab\u00a0Contre la faim, unissons nos pouvoirs\u00a0\u00bb Vous<\/p>\n","protected":false},"author":3,"featured_media":6221,"comment_status":"closed","ping_status":"closed","sticky":false,"template":"","format":"standard","meta":{"iawp_total_views":9,"footnotes":""},"categories":[41,45],"tags":[],"class_list":["post-3211","post","type-post","status-publish","format-standard","has-post-thumbnail","hentry","category-association","category-ccfd"],"_links":{"self":[{"href":"https:\/\/paroisses-chatenay.fr\/stebathilde\/wp-json\/wp\/v2\/posts\/3211","targetHints":{"allow":["GET"]}}],"collection":[{"href":"https:\/\/paroisses-chatenay.fr\/stebathilde\/wp-json\/wp\/v2\/posts"}],"about":[{"href":"https:\/\/paroisses-chatenay.fr\/stebathilde\/wp-json\/wp\/v2\/types\/post"}],"author":[{"embeddable":true,"href":"https:\/\/paroisses-chatenay.fr\/stebathilde\/wp-json\/wp\/v2\/users\/3"}],"replies":[{"embeddable":true,"href":"https:\/\/paroisses-chatenay.fr\/stebathilde\/wp-json\/wp\/v2\/comments?post=3211"}],"version-history":[{"count":6,"href":"https:\/\/paroisses-chatenay.fr\/stebathilde\/wp-json\/wp\/v2\/posts\/3211\/revisions"}],"predecessor-version":[{"id":6225,"href":"https:\/\/paroisses-chatenay.fr\/stebathilde\/wp-json\/wp\/v2\/posts\/3211\/revisions\/6225"}],"wp:featuredmedia":[{"embeddable":true,"href":"https:\/\/paroisses-chatenay.fr\/stebathilde\/wp-json\/wp\/v2\/media\/6221"}],"wp:attachment":[{"href":"https:\/\/paroisses-chatenay.fr\/stebathilde\/wp-json\/wp\/v2\/media?parent=3211"}],"wp:term":[{"taxonomy":"category","embeddable":true,"href":"https:\/\/paroisses-chatenay.fr\/stebathilde\/wp-json\/wp\/v2\/categories?post=3211"},{"taxonomy":"post_tag","embeddable":true,"href":"https:\/\/paroisses-chatenay.fr\/stebathilde\/wp-json\/wp\/v2\/tags?post=3211"}],"curies":[{"name":"wp","href":"https:\/\/api.w.org\/{rel}","templated":true}]}}