{"id":3214,"date":"2022-03-14T21:32:36","date_gmt":"2022-03-14T20:32:36","guid":{"rendered":"https:\/\/paroisses-chatenay.fr\/stebathilde\/?p=3214"},"modified":"2022-03-14T21:33:57","modified_gmt":"2022-03-14T20:33:57","slug":"conference-synodalite","status":"publish","type":"post","link":"https:\/\/paroisses-chatenay.fr\/stebathilde\/conference-synodalite\/","title":{"rendered":"Conf\u00e9rence &#8211; Synodalit\u00e9"},"content":{"rendered":"\n<p>Une grande r\u00e9flexion est en cours, \u00e0 l\u2019initiative du pape Fran\u00e7ois, pour faire \u00e9merger les r\u00e9formes rendues n\u00e9cessaires dans l\u2019\u00c9glise. Au-del\u00e0 des affaires d\u2019abus, il s\u2019agit de favoriser une institution plus fraternelle, plus transparente, plus \u00ab synodale \u00bb. L\u2019heure est donc au d\u00e9bat pour tout le peuple de Dieu.<br>La paroisse de Fontenay-aux-Roses prend part \u00e0 ce d\u00e9bat au sein de plusieurs groupes de travail mais elle organise aussi une conf\u00e9rence sur le sujet :<\/p>\n\n\n\n<p class=\"has-text-align-center\"><br><strong>Le jeudi 24 mars, \u00e0 l\u2019Espace Paoli (20H30) :<br>7 rue du capitaine Paoli \u00e0 Fontenay-aux-Roses.<br>Le titre en est : \u00ab L\u2019\u00c9glise que nous voulons \u00bb.<\/strong><\/p>\n\n\n\n<p><br>La conf\u00e9renci\u00e8re sera Monique BAUJARD, th\u00e9ologienne, ancienne chef de service \u00e0 la Conf\u00e9rence des \u00e9v\u00eaques de France, engag\u00e9e dans le collectif d\u2019associations \u00ab Promesses d\u2019\u00c9glise \u00bb.<\/p>\n","protected":false},"excerpt":{"rendered":"<p>Une grande r\u00e9flexion est en cours, \u00e0 l\u2019initiative du pape Fran\u00e7ois, pour faire \u00e9merger les r\u00e9formes rendues n\u00e9cessaires dans l\u2019\u00c9glise.<\/p>\n","protected":false},"author":2,"featured_media":3194,"comment_status":"closed","ping_status":"closed","sticky":false,"template":"","format":"standard","meta":{"iawp_total_views":1,"footnotes":""},"categories":[1],"tags":[],"class_list":["post-3214","post","type-post","status-publish","format-standard","has-post-thumbnail","hentry","category-uncategorized"],"_links":{"self":[{"href":"https:\/\/paroisses-chatenay.fr\/stebathilde\/wp-json\/wp\/v2\/posts\/3214","targetHints":{"allow":["GET"]}}],"collection":[{"href":"https:\/\/paroisses-chatenay.fr\/stebathilde\/wp-json\/wp\/v2\/posts"}],"about":[{"href":"https:\/\/paroisses-chatenay.fr\/stebathilde\/wp-json\/wp\/v2\/types\/post"}],"author":[{"embeddable":true,"href":"https:\/\/paroisses-chatenay.fr\/stebathilde\/wp-json\/wp\/v2\/users\/2"}],"replies":[{"embeddable":true,"href":"https:\/\/paroisses-chatenay.fr\/stebathilde\/wp-json\/wp\/v2\/comments?post=3214"}],"version-history":[{"count":1,"href":"https:\/\/paroisses-chatenay.fr\/stebathilde\/wp-json\/wp\/v2\/posts\/3214\/revisions"}],"predecessor-version":[{"id":3215,"href":"https:\/\/paroisses-chatenay.fr\/stebathilde\/wp-json\/wp\/v2\/posts\/3214\/revisions\/3215"}],"wp:featuredmedia":[{"embeddable":true,"href":"https:\/\/paroisses-chatenay.fr\/stebathilde\/wp-json\/wp\/v2\/media\/3194"}],"wp:attachment":[{"href":"https:\/\/paroisses-chatenay.fr\/stebathilde\/wp-json\/wp\/v2\/media?parent=3214"}],"wp:term":[{"taxonomy":"category","embeddable":true,"href":"https:\/\/paroisses-chatenay.fr\/stebathilde\/wp-json\/wp\/v2\/categories?post=3214"},{"taxonomy":"post_tag","embeddable":true,"href":"https:\/\/paroisses-chatenay.fr\/stebathilde\/wp-json\/wp\/v2\/tags?post=3214"}],"curies":[{"name":"wp","href":"https:\/\/api.w.org\/{rel}","templated":true}]}}