{"id":3400,"date":"2022-04-27T13:41:35","date_gmt":"2022-04-27T11:41:35","guid":{"rendered":"https:\/\/paroisses-chatenay.fr\/stebathilde\/?p=3400"},"modified":"2022-05-11T18:16:35","modified_gmt":"2022-05-11T16:16:35","slug":"une-fleur-pour-la-palestine-sainte-bathilde","status":"publish","type":"post","link":"https:\/\/paroisses-chatenay.fr\/stebathilde\/une-fleur-pour-la-palestine-sainte-bathilde\/","title":{"rendered":"Une Fleur pour la Palestine &#8211; Sainte Bathilde"},"content":{"rendered":"\n<p><strong><span style=\"text-decoration: underline\" class=\"underline\">Dimanche 22 mai 2022 :<\/span><\/strong><br><\/p>\n\n\n\n<p>Un message du p\u00e8re Gabriel Romanelli, cur\u00e9 de l&rsquo;\u00e9glise de la Sainte Famille \u00e0 Gaza sera lu pendant la messe.<br>Apr\u00e8s la messe le docteur Christophe Denantes, anesth\u00e9siste nous parlera de ce qu&rsquo;il a v\u00e9cu \u00e0 Gaza durant la seconde quinzaine de f\u00e9vrier.<br><br>Ce sera aussi le temps de la collecte pour les bourses des \u00c9coles de la Sainte Famille de Gaza.<\/p>\n\n\n\n<p>\u00a0Le lien pour <a href=\"https:\/\/paroisses-chatenay.fr\/stebathilde\/wp-content\/uploads\/2022\/05\/220522-Affiche-3.pdf\" target=\"_blank\" rel=\"noreferrer noopener\">l&rsquo;affiche-invitation<\/a>.<br><br>Jean-Pierre Bacqu\u00e9<br>T\u00e9l : 06 75 55 16 3<\/p>\n","protected":false},"excerpt":{"rendered":"<p>Dimanche 22 mai 2022 : Un message du p\u00e8re Gabriel Romanelli, cur\u00e9 de l&rsquo;\u00e9glise de la Sainte Famille \u00e0 Gaza<\/p>\n","protected":false},"author":2,"featured_media":3401,"comment_status":"closed","ping_status":"closed","sticky":false,"template":"","format":"standard","meta":{"iawp_total_views":2,"footnotes":""},"categories":[1],"tags":[],"class_list":["post-3400","post","type-post","status-publish","format-standard","has-post-thumbnail","hentry","category-uncategorized"],"_links":{"self":[{"href":"https:\/\/paroisses-chatenay.fr\/stebathilde\/wp-json\/wp\/v2\/posts\/3400","targetHints":{"allow":["GET"]}}],"collection":[{"href":"https:\/\/paroisses-chatenay.fr\/stebathilde\/wp-json\/wp\/v2\/posts"}],"about":[{"href":"https:\/\/paroisses-chatenay.fr\/stebathilde\/wp-json\/wp\/v2\/types\/post"}],"author":[{"embeddable":true,"href":"https:\/\/paroisses-chatenay.fr\/stebathilde\/wp-json\/wp\/v2\/users\/2"}],"replies":[{"embeddable":true,"href":"https:\/\/paroisses-chatenay.fr\/stebathilde\/wp-json\/wp\/v2\/comments?post=3400"}],"version-history":[{"count":2,"href":"https:\/\/paroisses-chatenay.fr\/stebathilde\/wp-json\/wp\/v2\/posts\/3400\/revisions"}],"predecessor-version":[{"id":3454,"href":"https:\/\/paroisses-chatenay.fr\/stebathilde\/wp-json\/wp\/v2\/posts\/3400\/revisions\/3454"}],"wp:featuredmedia":[{"embeddable":true,"href":"https:\/\/paroisses-chatenay.fr\/stebathilde\/wp-json\/wp\/v2\/media\/3401"}],"wp:attachment":[{"href":"https:\/\/paroisses-chatenay.fr\/stebathilde\/wp-json\/wp\/v2\/media?parent=3400"}],"wp:term":[{"taxonomy":"category","embeddable":true,"href":"https:\/\/paroisses-chatenay.fr\/stebathilde\/wp-json\/wp\/v2\/categories?post=3400"},{"taxonomy":"post_tag","embeddable":true,"href":"https:\/\/paroisses-chatenay.fr\/stebathilde\/wp-json\/wp\/v2\/tags?post=3400"}],"curies":[{"name":"wp","href":"https:\/\/api.w.org\/{rel}","templated":true}]}}