{"id":3819,"date":"2023-03-03T21:05:41","date_gmt":"2023-03-03T19:05:41","guid":{"rendered":"https:\/\/paroisses-chatenay.fr\/stebathilde\/?p=3819"},"modified":"2023-03-04T19:19:21","modified_gmt":"2023-03-04T17:19:21","slug":"groupe-damitie-islamo-chretienne-gaic","status":"publish","type":"post","link":"https:\/\/paroisses-chatenay.fr\/stebathilde\/groupe-damitie-islamo-chretienne-gaic\/","title":{"rendered":"Groupe d\u2019Amiti\u00e9 Islamo-Chr\u00e9tienne (GAIC)"},"content":{"rendered":"\n<p>A noter ! Changement du jour habituel des r\u00e9unions. D\u00e9sormais nous<br>nous retrouverons g\u00e9n\u00e9ralement non plus le jeudi mais le 3\u00e8me mercredi<br>de chaque mois, le plus souvent \u00e0 l\u2019institut Al Andalus, 282 av. Jean Jaur\u00e8s \u00e0 Ch\u00e2tenay :<\/p>\n\n\n\n<ul class=\"wp-block-list\">\n<li>Partage de nouvelles<\/li>\n\n\n\n<li>Partage biblique et coranique (vendredi et dimanche pr\u00e9c\u00e9dent)<\/li>\n\n\n\n<li>Pr\u00e9paration d\u2019\u00e9v\u00e9nements<\/li>\n<\/ul>\n","protected":false},"excerpt":{"rendered":"<p>A noter ! Changement du jour habituel des r\u00e9unions. D\u00e9sormais nousnous retrouverons g\u00e9n\u00e9ralement non plus le jeudi mais le 3\u00e8me<\/p>\n","protected":false},"author":2,"featured_media":2712,"comment_status":"closed","ping_status":"closed","sticky":false,"template":"","format":"standard","meta":{"iawp_total_views":12,"footnotes":""},"categories":[41,43],"tags":[],"class_list":["post-3819","post","type-post","status-publish","format-standard","has-post-thumbnail","hentry","category-association","category-gaic"],"_links":{"self":[{"href":"https:\/\/paroisses-chatenay.fr\/stebathilde\/wp-json\/wp\/v2\/posts\/3819","targetHints":{"allow":["GET"]}}],"collection":[{"href":"https:\/\/paroisses-chatenay.fr\/stebathilde\/wp-json\/wp\/v2\/posts"}],"about":[{"href":"https:\/\/paroisses-chatenay.fr\/stebathilde\/wp-json\/wp\/v2\/types\/post"}],"author":[{"embeddable":true,"href":"https:\/\/paroisses-chatenay.fr\/stebathilde\/wp-json\/wp\/v2\/users\/2"}],"replies":[{"embeddable":true,"href":"https:\/\/paroisses-chatenay.fr\/stebathilde\/wp-json\/wp\/v2\/comments?post=3819"}],"version-history":[{"count":2,"href":"https:\/\/paroisses-chatenay.fr\/stebathilde\/wp-json\/wp\/v2\/posts\/3819\/revisions"}],"predecessor-version":[{"id":4385,"href":"https:\/\/paroisses-chatenay.fr\/stebathilde\/wp-json\/wp\/v2\/posts\/3819\/revisions\/4385"}],"wp:featuredmedia":[{"embeddable":true,"href":"https:\/\/paroisses-chatenay.fr\/stebathilde\/wp-json\/wp\/v2\/media\/2712"}],"wp:attachment":[{"href":"https:\/\/paroisses-chatenay.fr\/stebathilde\/wp-json\/wp\/v2\/media?parent=3819"}],"wp:term":[{"taxonomy":"category","embeddable":true,"href":"https:\/\/paroisses-chatenay.fr\/stebathilde\/wp-json\/wp\/v2\/categories?post=3819"},{"taxonomy":"post_tag","embeddable":true,"href":"https:\/\/paroisses-chatenay.fr\/stebathilde\/wp-json\/wp\/v2\/tags?post=3819"}],"curies":[{"name":"wp","href":"https:\/\/api.w.org\/{rel}","templated":true}]}}