{"id":4207,"date":"2023-01-12T15:23:29","date_gmt":"2023-01-12T13:23:29","guid":{"rendered":"https:\/\/paroisses-chatenay.fr\/stebathilde\/?p=4207"},"modified":"2023-01-12T15:23:30","modified_gmt":"2023-01-12T13:23:30","slug":"semaine-de-priere-pour-lunite-des-chretiens-2","status":"publish","type":"post","link":"https:\/\/paroisses-chatenay.fr\/stebathilde\/semaine-de-priere-pour-lunite-des-chretiens-2\/","title":{"rendered":"Semaine de pri\u00e8re pour l\u2019unit\u00e9 des chr\u00e9tiens"},"content":{"rendered":"\n<p><\/p>\n\n\n\n<p class=\"has-text-align-right\">\u00ab&nbsp;Apprenez \u00e0 faire le bien, recherchez la justice&nbsp;\u00bb (Isa\u00efe, I, 17).<\/p>\n\n\n\n<p>Tel est le verset choisi cette ann\u00e9e par les communaut\u00e9s eccl\u00e9siales du Minnesota comme th\u00e8me de la Semaine mondiale de pri\u00e8re pour l\u2019unit\u00e9 des chr\u00e9tiens. Il t\u00e9moigne des profondes injustices ressenties par les victimes du racisme et de l\u2019esclavage, aux \u00c9tats-Unis comme en France. Il appelle les chr\u00e9tiens de toutes confessions \u00e0 t\u00e9moigner par leur propre comportement de l\u2019amour de Dieu pour tous les hommes, \u00e0 s\u2019engager ensemble dans l\u2019action caritative, sociale et politique, et \u00e0 manifester ainsi leur unit\u00e9 fondamentale, pr\u00e9figuration de celle \u00e0 laquelle Dieu invite l\u2019ensemble de sa cr\u00e9ation.<\/p>\n\n\n\n<p>Car l\u2019\u0153cum\u00e9nisme ne consiste pas seulement en une coexistence apais\u00e9e, aujourd\u2019hui pratiquement acquise en France, mais en la r\u00e9alisation du projet form\u00e9 pour nous par J\u00e9sus en lien avec l\u2019\u00e9vang\u00e9lisation (\u00ab&nbsp;\u00e0 ceci, tous vous reconna\u00eetront pour mes disciples&nbsp;: \u00e0 l\u2019amour que vous aurez les uns pour les autres&nbsp;\u00bb&nbsp;; Jean, XIII, 35) et revendiqu\u00e9 par les premiers chr\u00e9tiens (\u00ab&nbsp;voyez, disent certains, comme ils s\u2019aiment entre eux&nbsp;\u00bb&nbsp;; Tertullien, <em>Apolog\u00e9tique, <\/em>39)&nbsp;: une communion visible \u2014 sinon institutionnelle.<\/p>\n\n\n\n<p>C\u2019est ce \u00e0 quoi vous invite l\u2019association Chr\u00e9tiens ensemble, \u0152cum\u00e9nisme entre Hauts-de-Seine et Val-de-Marne (anciennement Association \u0153cum\u00e9nique de la r\u00e9gion de Bourg-la-Reine), qui regroupe des catholiques, des protestants et des orthodoxes.<\/p>\n\n\n\n<p>La veill\u00e9e de pri\u00e8re annuelle qu\u2019elle organise se tiendra cette ann\u00e9e le<strong> vendredi 20 janvier \u00e0 20&nbsp;h&nbsp;30 en l\u2019\u00e9glise de la Pentec\u00f4te du Port-Galand \u00e0 Bourg-la-Reine <\/strong>(rond-point du Docteur-Schweitzer&nbsp;; bus Port-Galand, lignes 188, 388 et 391). La veill\u00e9e sera pr\u00e9sid\u00e9e par le p\u00e8re Franck Javary, cur\u00e9 des paroisses catholiques de Bagneux, et pr\u00each\u00e9e par le p\u00e8re Dominique Beaufils, desservant de la paroisse orthodoxe de Ch\u00e2tenay-Malabry. Un verre de la fraternit\u00e9 sera ensuite offert par la communaut\u00e9 malgache de Saint-Ren\u00e9 pour \u00e9changer sur ce qui nous anime.<\/p>\n\n\n\n<p class=\"has-text-align-right\"><em>Chr\u00e9tiens ensemble,<br>\u0152cum\u00e9nisme entre Hauts-de-Seine et Val-de-Marne<br><\/em>&lt;<a href=\"http:\/\/www.chretiensensemble.com\/\" target=\"_blank\" rel=\"noreferrer noopener\">http:\/\/www.chretiensensemble.com\/<\/a>>.<\/p>\n","protected":false},"excerpt":{"rendered":"<p>\u00ab&nbsp;Apprenez \u00e0 faire le bien, recherchez la justice&nbsp;\u00bb (Isa\u00efe, I, 17). Tel est le verset choisi cette ann\u00e9e par les<\/p>\n","protected":false},"author":2,"featured_media":4209,"comment_status":"closed","ping_status":"closed","sticky":false,"template":"","format":"standard","meta":{"iawp_total_views":4,"footnotes":""},"categories":[41],"tags":[],"class_list":["post-4207","post","type-post","status-publish","format-standard","has-post-thumbnail","hentry","category-association"],"_links":{"self":[{"href":"https:\/\/paroisses-chatenay.fr\/stebathilde\/wp-json\/wp\/v2\/posts\/4207","targetHints":{"allow":["GET"]}}],"collection":[{"href":"https:\/\/paroisses-chatenay.fr\/stebathilde\/wp-json\/wp\/v2\/posts"}],"about":[{"href":"https:\/\/paroisses-chatenay.fr\/stebathilde\/wp-json\/wp\/v2\/types\/post"}],"author":[{"embeddable":true,"href":"https:\/\/paroisses-chatenay.fr\/stebathilde\/wp-json\/wp\/v2\/users\/2"}],"replies":[{"embeddable":true,"href":"https:\/\/paroisses-chatenay.fr\/stebathilde\/wp-json\/wp\/v2\/comments?post=4207"}],"version-history":[{"count":1,"href":"https:\/\/paroisses-chatenay.fr\/stebathilde\/wp-json\/wp\/v2\/posts\/4207\/revisions"}],"predecessor-version":[{"id":4208,"href":"https:\/\/paroisses-chatenay.fr\/stebathilde\/wp-json\/wp\/v2\/posts\/4207\/revisions\/4208"}],"wp:featuredmedia":[{"embeddable":true,"href":"https:\/\/paroisses-chatenay.fr\/stebathilde\/wp-json\/wp\/v2\/media\/4209"}],"wp:attachment":[{"href":"https:\/\/paroisses-chatenay.fr\/stebathilde\/wp-json\/wp\/v2\/media?parent=4207"}],"wp:term":[{"taxonomy":"category","embeddable":true,"href":"https:\/\/paroisses-chatenay.fr\/stebathilde\/wp-json\/wp\/v2\/categories?post=4207"},{"taxonomy":"post_tag","embeddable":true,"href":"https:\/\/paroisses-chatenay.fr\/stebathilde\/wp-json\/wp\/v2\/tags?post=4207"}],"curies":[{"name":"wp","href":"https:\/\/api.w.org\/{rel}","templated":true}]}}