{"id":4950,"date":"2023-10-26T12:41:09","date_gmt":"2023-10-26T10:41:09","guid":{"rendered":"https:\/\/paroisses-chatenay.fr\/stebathilde\/?p=4950"},"modified":"2024-10-17T09:44:46","modified_gmt":"2024-10-17T07:44:46","slug":"prier-avec-les-chretiens-palestiniens","status":"publish","type":"post","link":"https:\/\/paroisses-chatenay.fr\/stebathilde\/prier-avec-les-chretiens-palestiniens\/","title":{"rendered":"Prier avec les chr\u00e9tiens palestiniens"},"content":{"rendered":"<div class=\"wp-block-image\">\n<figure class=\"aligncenter size-full is-resized\"><img loading=\"lazy\" decoding=\"async\" width=\"233\" height=\"177\" src=\"https:\/\/paroisses-chatenay.fr\/stebathilde\/wp-content\/uploads\/2023\/10\/image-1.png\" alt=\"\" class=\"wp-image-4962\" style=\"aspect-ratio:1.3333333333333333;object-fit:cover;width:475px;height:auto\" srcset=\"https:\/\/paroisses-chatenay.fr\/stebathilde\/wp-content\/uploads\/2023\/10\/image-1.png 233w, https:\/\/paroisses-chatenay.fr\/stebathilde\/wp-content\/uploads\/2023\/10\/image-1-24x18.png 24w, https:\/\/paroisses-chatenay.fr\/stebathilde\/wp-content\/uploads\/2023\/10\/image-1-36x27.png 36w, https:\/\/paroisses-chatenay.fr\/stebathilde\/wp-content\/uploads\/2023\/10\/image-1-48x36.png 48w\" sizes=\"auto, (max-width: 233px) 100vw, 233px\" \/><\/figure>\n<\/div>\n\n\n<p><\/p>\n\n\n\n<h4 class=\"wp-block-heading has-text-align-center\"><strong>J\u00e9rusalem &#8211; Extrait de la pri\u00e8re de Sabeel &#8211; 17 avril<\/strong><\/h4>\n\n\n<div class=\"wp-block-image\">\n<figure class=\"aligncenter size-large is-resized\"><img loading=\"lazy\" decoding=\"async\" width=\"1200\" height=\"412\" src=\"https:\/\/paroisses-chatenay.fr\/stebathilde\/wp-content\/uploads\/2024\/04\/240418-Sabeel-1200x412.jpg\" alt=\"\" class=\"wp-image-5506\" style=\"width:815px;height:auto\" srcset=\"https:\/\/paroisses-chatenay.fr\/stebathilde\/wp-content\/uploads\/2024\/04\/240418-Sabeel-1200x412.jpg 1200w, https:\/\/paroisses-chatenay.fr\/stebathilde\/wp-content\/uploads\/2024\/04\/240418-Sabeel-300x103.jpg 300w, https:\/\/paroisses-chatenay.fr\/stebathilde\/wp-content\/uploads\/2024\/04\/240418-Sabeel-768x264.jpg 768w, https:\/\/paroisses-chatenay.fr\/stebathilde\/wp-content\/uploads\/2024\/04\/240418-Sabeel-1536x528.jpg 1536w, https:\/\/paroisses-chatenay.fr\/stebathilde\/wp-content\/uploads\/2024\/04\/240418-Sabeel-24x8.jpg 24w, https:\/\/paroisses-chatenay.fr\/stebathilde\/wp-content\/uploads\/2024\/04\/240418-Sabeel-36x12.jpg 36w, https:\/\/paroisses-chatenay.fr\/stebathilde\/wp-content\/uploads\/2024\/04\/240418-Sabeel-48x16.jpg 48w, https:\/\/paroisses-chatenay.fr\/stebathilde\/wp-content\/uploads\/2024\/04\/240418-Sabeel-1320x454.jpg 1320w, https:\/\/paroisses-chatenay.fr\/stebathilde\/wp-content\/uploads\/2024\/04\/240418-Sabeel-400x137.jpg 400w, https:\/\/paroisses-chatenay.fr\/stebathilde\/wp-content\/uploads\/2024\/04\/240418-Sabeel.jpg 1958w\" sizes=\"auto, (max-width: 1200px) 100vw, 1200px\" \/><\/figure>\n<\/div>\n\n\n<h4 class=\"wp-block-heading has-text-align-center\"><strong>GAZA<\/strong> &#8211; <strong>Paroisse de la Sainte Famille<\/strong><\/h4>\n\n\n\n<p class=\"has-text-align-center\">17 avril &#8211; Pour la premi\u00e8re fois depuis 6 mois, des enfants jouent dans la cour  Un signe ?<\/p>\n\n\n<div class=\"wp-block-image\">\n<figure class=\"aligncenter size-large is-resized\"><img loading=\"lazy\" decoding=\"async\" width=\"1200\" height=\"900\" src=\"https:\/\/paroisses-chatenay.fr\/stebathilde\/wp-content\/uploads\/2024\/04\/240417-Jeux-denfants438239066_1804322689978886_8564319688907791352_n-1200x900.jpg\" alt=\"\" class=\"wp-image-5503\" style=\"width:499px;height:auto\" srcset=\"https:\/\/paroisses-chatenay.fr\/stebathilde\/wp-content\/uploads\/2024\/04\/240417-Jeux-denfants438239066_1804322689978886_8564319688907791352_n-1200x900.jpg 1200w, https:\/\/paroisses-chatenay.fr\/stebathilde\/wp-content\/uploads\/2024\/04\/240417-Jeux-denfants438239066_1804322689978886_8564319688907791352_n-300x225.jpg 300w, https:\/\/paroisses-chatenay.fr\/stebathilde\/wp-content\/uploads\/2024\/04\/240417-Jeux-denfants438239066_1804322689978886_8564319688907791352_n-768x576.jpg 768w, https:\/\/paroisses-chatenay.fr\/stebathilde\/wp-content\/uploads\/2024\/04\/240417-Jeux-denfants438239066_1804322689978886_8564319688907791352_n-1536x1152.jpg 1536w, https:\/\/paroisses-chatenay.fr\/stebathilde\/wp-content\/uploads\/2024\/04\/240417-Jeux-denfants438239066_1804322689978886_8564319688907791352_n-24x18.jpg 24w, https:\/\/paroisses-chatenay.fr\/stebathilde\/wp-content\/uploads\/2024\/04\/240417-Jeux-denfants438239066_1804322689978886_8564319688907791352_n-36x27.jpg 36w, https:\/\/paroisses-chatenay.fr\/stebathilde\/wp-content\/uploads\/2024\/04\/240417-Jeux-denfants438239066_1804322689978886_8564319688907791352_n-48x36.jpg 48w, https:\/\/paroisses-chatenay.fr\/stebathilde\/wp-content\/uploads\/2024\/04\/240417-Jeux-denfants438239066_1804322689978886_8564319688907791352_n-1320x990.jpg 1320w, https:\/\/paroisses-chatenay.fr\/stebathilde\/wp-content\/uploads\/2024\/04\/240417-Jeux-denfants438239066_1804322689978886_8564319688907791352_n-400x300.jpg 400w, https:\/\/paroisses-chatenay.fr\/stebathilde\/wp-content\/uploads\/2024\/04\/240417-Jeux-denfants438239066_1804322689978886_8564319688907791352_n.jpg 2048w\" sizes=\"auto, (max-width: 1200px) 100vw, 1200px\" \/><\/figure>\n<\/div>\n\n\n<h3 class=\"wp-block-heading has-text-align-center\">Messe de la r\u00e9surrection Samedi 30 mars<\/h3>\n\n\n<div class=\"wp-block-image\">\n<figure class=\"aligncenter size-full is-resized\"><img loading=\"lazy\" decoding=\"async\" width=\"720\" height=\"540\" src=\"https:\/\/paroisses-chatenay.fr\/stebathilde\/wp-content\/uploads\/2024\/04\/240330-Messe-de-la-resurection-Gaza-433410284_957732559143634_7275304706933108992_n.jpg\" alt=\"\" class=\"wp-image-5467\" style=\"width:505px;height:auto\" srcset=\"https:\/\/paroisses-chatenay.fr\/stebathilde\/wp-content\/uploads\/2024\/04\/240330-Messe-de-la-resurection-Gaza-433410284_957732559143634_7275304706933108992_n.jpg 720w, https:\/\/paroisses-chatenay.fr\/stebathilde\/wp-content\/uploads\/2024\/04\/240330-Messe-de-la-resurection-Gaza-433410284_957732559143634_7275304706933108992_n-300x225.jpg 300w, https:\/\/paroisses-chatenay.fr\/stebathilde\/wp-content\/uploads\/2024\/04\/240330-Messe-de-la-resurection-Gaza-433410284_957732559143634_7275304706933108992_n-24x18.jpg 24w, https:\/\/paroisses-chatenay.fr\/stebathilde\/wp-content\/uploads\/2024\/04\/240330-Messe-de-la-resurection-Gaza-433410284_957732559143634_7275304706933108992_n-36x27.jpg 36w, https:\/\/paroisses-chatenay.fr\/stebathilde\/wp-content\/uploads\/2024\/04\/240330-Messe-de-la-resurection-Gaza-433410284_957732559143634_7275304706933108992_n-48x36.jpg 48w, https:\/\/paroisses-chatenay.fr\/stebathilde\/wp-content\/uploads\/2024\/04\/240330-Messe-de-la-resurection-Gaza-433410284_957732559143634_7275304706933108992_n-400x300.jpg 400w\" sizes=\"auto, (max-width: 720px) 100vw, 720px\" \/><\/figure>\n<\/div>\n\n\n<h4 class=\"wp-block-heading has-text-align-center\">Procession des Rameaux dimanche 24 mars<\/h4>\n\n\n<div class=\"wp-block-image\">\n<figure class=\"aligncenter size-full\"><img loading=\"lazy\" decoding=\"async\" width=\"450\" height=\"600\" src=\"https:\/\/paroisses-chatenay.fr\/stebathilde\/wp-content\/uploads\/2024\/04\/jOUR-DES-RAMEAUX-433531918_1789295724814916_6708703294532899648_n.jpg\" alt=\"\" class=\"wp-image-5469\" srcset=\"https:\/\/paroisses-chatenay.fr\/stebathilde\/wp-content\/uploads\/2024\/04\/jOUR-DES-RAMEAUX-433531918_1789295724814916_6708703294532899648_n.jpg 450w, https:\/\/paroisses-chatenay.fr\/stebathilde\/wp-content\/uploads\/2024\/04\/jOUR-DES-RAMEAUX-433531918_1789295724814916_6708703294532899648_n-225x300.jpg 225w, https:\/\/paroisses-chatenay.fr\/stebathilde\/wp-content\/uploads\/2024\/04\/jOUR-DES-RAMEAUX-433531918_1789295724814916_6708703294532899648_n-18x24.jpg 18w, https:\/\/paroisses-chatenay.fr\/stebathilde\/wp-content\/uploads\/2024\/04\/jOUR-DES-RAMEAUX-433531918_1789295724814916_6708703294532899648_n-27x36.jpg 27w, https:\/\/paroisses-chatenay.fr\/stebathilde\/wp-content\/uploads\/2024\/04\/jOUR-DES-RAMEAUX-433531918_1789295724814916_6708703294532899648_n-36x48.jpg 36w, https:\/\/paroisses-chatenay.fr\/stebathilde\/wp-content\/uploads\/2024\/04\/jOUR-DES-RAMEAUX-433531918_1789295724814916_6708703294532899648_n-400x533.jpg 400w\" sizes=\"auto, (max-width: 450px) 100vw, 450px\" \/><\/figure>\n<\/div>\n\n\n<h4 class=\"wp-block-heading has-text-align-center\"><strong>Mardi 19 mars, f\u00eate de Saint Joseph, \u00e0 la paroisse de la Sainte Famille de GAZA<\/strong><\/h4>\n\n\n<div class=\"wp-block-image\">\n<figure class=\"aligncenter size-large is-resized\"><img loading=\"lazy\" decoding=\"async\" width=\"1200\" height=\"900\" src=\"https:\/\/paroisses-chatenay.fr\/stebathilde\/wp-content\/uploads\/2024\/03\/230309-432767307_951082943141929_5233813316115844024_n-1200x900.jpg\" alt=\"\" class=\"wp-image-5433\" style=\"width:449px;height:auto\" srcset=\"https:\/\/paroisses-chatenay.fr\/stebathilde\/wp-content\/uploads\/2024\/03\/230309-432767307_951082943141929_5233813316115844024_n-1200x900.jpg 1200w, https:\/\/paroisses-chatenay.fr\/stebathilde\/wp-content\/uploads\/2024\/03\/230309-432767307_951082943141929_5233813316115844024_n-300x225.jpg 300w, https:\/\/paroisses-chatenay.fr\/stebathilde\/wp-content\/uploads\/2024\/03\/230309-432767307_951082943141929_5233813316115844024_n-768x576.jpg 768w, https:\/\/paroisses-chatenay.fr\/stebathilde\/wp-content\/uploads\/2024\/03\/230309-432767307_951082943141929_5233813316115844024_n-1536x1152.jpg 1536w, https:\/\/paroisses-chatenay.fr\/stebathilde\/wp-content\/uploads\/2024\/03\/230309-432767307_951082943141929_5233813316115844024_n-24x18.jpg 24w, https:\/\/paroisses-chatenay.fr\/stebathilde\/wp-content\/uploads\/2024\/03\/230309-432767307_951082943141929_5233813316115844024_n-36x27.jpg 36w, https:\/\/paroisses-chatenay.fr\/stebathilde\/wp-content\/uploads\/2024\/03\/230309-432767307_951082943141929_5233813316115844024_n-48x36.jpg 48w, https:\/\/paroisses-chatenay.fr\/stebathilde\/wp-content\/uploads\/2024\/03\/230309-432767307_951082943141929_5233813316115844024_n-1320x990.jpg 1320w, https:\/\/paroisses-chatenay.fr\/stebathilde\/wp-content\/uploads\/2024\/03\/230309-432767307_951082943141929_5233813316115844024_n-400x300.jpg 400w, https:\/\/paroisses-chatenay.fr\/stebathilde\/wp-content\/uploads\/2024\/03\/230309-432767307_951082943141929_5233813316115844024_n.jpg 1600w\" sizes=\"auto, (max-width: 1200px) 100vw, 1200px\" \/><\/figure>\n<\/div>\n\n\n<p class=\"has-text-align-center\"><strong>Priez avec nous pour la fin de la guerre contre Gaza . Que la paix soit sur la terre de paix<\/strong><\/p>\n\n\n<div class=\"wp-block-image\">\n<figure class=\"aligncenter size-large is-resized\"><img loading=\"lazy\" decoding=\"async\" width=\"1200\" height=\"900\" src=\"https:\/\/paroisses-chatenay.fr\/stebathilde\/wp-content\/uploads\/2024\/03\/290319-432939594_951444906439066_8438177085864309087_n-1-1200x900.jpg\" alt=\"\" class=\"wp-image-5448\" style=\"width:465px;height:auto\" srcset=\"https:\/\/paroisses-chatenay.fr\/stebathilde\/wp-content\/uploads\/2024\/03\/290319-432939594_951444906439066_8438177085864309087_n-1-1200x900.jpg 1200w, https:\/\/paroisses-chatenay.fr\/stebathilde\/wp-content\/uploads\/2024\/03\/290319-432939594_951444906439066_8438177085864309087_n-1-300x225.jpg 300w, https:\/\/paroisses-chatenay.fr\/stebathilde\/wp-content\/uploads\/2024\/03\/290319-432939594_951444906439066_8438177085864309087_n-1-768x576.jpg 768w, https:\/\/paroisses-chatenay.fr\/stebathilde\/wp-content\/uploads\/2024\/03\/290319-432939594_951444906439066_8438177085864309087_n-1-1536x1152.jpg 1536w, https:\/\/paroisses-chatenay.fr\/stebathilde\/wp-content\/uploads\/2024\/03\/290319-432939594_951444906439066_8438177085864309087_n-1-24x18.jpg 24w, https:\/\/paroisses-chatenay.fr\/stebathilde\/wp-content\/uploads\/2024\/03\/290319-432939594_951444906439066_8438177085864309087_n-1-36x27.jpg 36w, https:\/\/paroisses-chatenay.fr\/stebathilde\/wp-content\/uploads\/2024\/03\/290319-432939594_951444906439066_8438177085864309087_n-1-48x36.jpg 48w, https:\/\/paroisses-chatenay.fr\/stebathilde\/wp-content\/uploads\/2024\/03\/290319-432939594_951444906439066_8438177085864309087_n-1-1320x990.jpg 1320w, https:\/\/paroisses-chatenay.fr\/stebathilde\/wp-content\/uploads\/2024\/03\/290319-432939594_951444906439066_8438177085864309087_n-1-400x300.jpg 400w, https:\/\/paroisses-chatenay.fr\/stebathilde\/wp-content\/uploads\/2024\/03\/290319-432939594_951444906439066_8438177085864309087_n-1.jpg 1600w\" sizes=\"auto, (max-width: 1200px) 100vw, 1200px\" \/><\/figure>\n<\/div>\n\n\n<h5 class=\"wp-block-heading has-text-align-center\"><strong>DIMANCHE  3 mars<\/strong><\/h5>\n\n\n\n<h5 class=\"wp-block-heading has-text-align-center\">J\u00e9rusalem<\/h5>\n\n\n<div class=\"wp-block-image\">\n<figure class=\"aligncenter size-full is-resized\"><img loading=\"lazy\" decoding=\"async\" width=\"633\" height=\"957\" src=\"https:\/\/paroisses-chatenay.fr\/stebathilde\/wp-content\/uploads\/2024\/03\/Munther-Isaac.jpg\" alt=\"\" class=\"wp-image-5419\" style=\"width:246px;height:auto\" srcset=\"https:\/\/paroisses-chatenay.fr\/stebathilde\/wp-content\/uploads\/2024\/03\/Munther-Isaac.jpg 633w, https:\/\/paroisses-chatenay.fr\/stebathilde\/wp-content\/uploads\/2024\/03\/Munther-Isaac-198x300.jpg 198w, https:\/\/paroisses-chatenay.fr\/stebathilde\/wp-content\/uploads\/2024\/03\/Munther-Isaac-16x24.jpg 16w, https:\/\/paroisses-chatenay.fr\/stebathilde\/wp-content\/uploads\/2024\/03\/Munther-Isaac-24x36.jpg 24w, https:\/\/paroisses-chatenay.fr\/stebathilde\/wp-content\/uploads\/2024\/03\/Munther-Isaac-32x48.jpg 32w, https:\/\/paroisses-chatenay.fr\/stebathilde\/wp-content\/uploads\/2024\/03\/Munther-Isaac-400x605.jpg 400w\" sizes=\"auto, (max-width: 633px) 100vw, 633px\" \/><\/figure>\n<\/div>\n\n\n<h5 class=\"wp-block-heading has-text-align-center\">Extrait de la Pri\u00e8re de Sabeel <\/h5>\n\n\n<div class=\"wp-block-image\">\n<figure class=\"aligncenter size-large is-resized\"><img loading=\"lazy\" decoding=\"async\" width=\"1200\" height=\"371\" src=\"https:\/\/paroisses-chatenay.fr\/stebathilde\/wp-content\/uploads\/2024\/03\/240301-Sabeel--1200x371.jpg\" alt=\"\" class=\"wp-image-5420\" style=\"width:831px;height:auto\" srcset=\"https:\/\/paroisses-chatenay.fr\/stebathilde\/wp-content\/uploads\/2024\/03\/240301-Sabeel--1200x371.jpg 1200w, https:\/\/paroisses-chatenay.fr\/stebathilde\/wp-content\/uploads\/2024\/03\/240301-Sabeel--300x93.jpg 300w, https:\/\/paroisses-chatenay.fr\/stebathilde\/wp-content\/uploads\/2024\/03\/240301-Sabeel--768x238.jpg 768w, https:\/\/paroisses-chatenay.fr\/stebathilde\/wp-content\/uploads\/2024\/03\/240301-Sabeel--1536x475.jpg 1536w, https:\/\/paroisses-chatenay.fr\/stebathilde\/wp-content\/uploads\/2024\/03\/240301-Sabeel--24x7.jpg 24w, https:\/\/paroisses-chatenay.fr\/stebathilde\/wp-content\/uploads\/2024\/03\/240301-Sabeel--36x11.jpg 36w, https:\/\/paroisses-chatenay.fr\/stebathilde\/wp-content\/uploads\/2024\/03\/240301-Sabeel--48x15.jpg 48w, https:\/\/paroisses-chatenay.fr\/stebathilde\/wp-content\/uploads\/2024\/03\/240301-Sabeel--1320x408.jpg 1320w, https:\/\/paroisses-chatenay.fr\/stebathilde\/wp-content\/uploads\/2024\/03\/240301-Sabeel--400x124.jpg 400w, https:\/\/paroisses-chatenay.fr\/stebathilde\/wp-content\/uploads\/2024\/03\/240301-Sabeel-.jpg 1913w\" sizes=\"auto, (max-width: 1200px) 100vw, 1200px\" \/><\/figure>\n<\/div>\n\n\n<div class=\"wp-block-group\"><div class=\"wp-block-group__inner-container is-layout-constrained wp-block-group-is-layout-constrained\">\n<p class=\"has-text-align-center\"><strong>DIMANCHE  25 f\u00e9vrier<\/strong><\/p>\n\n\n\n<p class=\"has-text-align-center\">Gaza et la Paroisse de la Sainte Famille<\/p>\n\n\n<div class=\"wp-block-image\">\n<figure class=\"aligncenter size-large is-resized\"><img loading=\"lazy\" decoding=\"async\" width=\"1200\" height=\"1179\" src=\"https:\/\/paroisses-chatenay.fr\/stebathilde\/wp-content\/uploads\/2024\/02\/Ce-que-notre-peuple-a-Gaza-doit-endurer-est-tout-simplement-insupportable-et-au-2-1200x1179.jpg\" alt=\"\" class=\"wp-image-5375\" style=\"width:539px;height:auto\" srcset=\"https:\/\/paroisses-chatenay.fr\/stebathilde\/wp-content\/uploads\/2024\/02\/Ce-que-notre-peuple-a-Gaza-doit-endurer-est-tout-simplement-insupportable-et-au-2-1200x1179.jpg 1200w, https:\/\/paroisses-chatenay.fr\/stebathilde\/wp-content\/uploads\/2024\/02\/Ce-que-notre-peuple-a-Gaza-doit-endurer-est-tout-simplement-insupportable-et-au-2-300x295.jpg 300w, https:\/\/paroisses-chatenay.fr\/stebathilde\/wp-content\/uploads\/2024\/02\/Ce-que-notre-peuple-a-Gaza-doit-endurer-est-tout-simplement-insupportable-et-au-2-768x754.jpg 768w, https:\/\/paroisses-chatenay.fr\/stebathilde\/wp-content\/uploads\/2024\/02\/Ce-que-notre-peuple-a-Gaza-doit-endurer-est-tout-simplement-insupportable-et-au-2-1536x1509.jpg 1536w, https:\/\/paroisses-chatenay.fr\/stebathilde\/wp-content\/uploads\/2024\/02\/Ce-que-notre-peuple-a-Gaza-doit-endurer-est-tout-simplement-insupportable-et-au-2-2048x2012.jpg 2048w, https:\/\/paroisses-chatenay.fr\/stebathilde\/wp-content\/uploads\/2024\/02\/Ce-que-notre-peuple-a-Gaza-doit-endurer-est-tout-simplement-insupportable-et-au-2-24x24.jpg 24w, https:\/\/paroisses-chatenay.fr\/stebathilde\/wp-content\/uploads\/2024\/02\/Ce-que-notre-peuple-a-Gaza-doit-endurer-est-tout-simplement-insupportable-et-au-2-36x36.jpg 36w, https:\/\/paroisses-chatenay.fr\/stebathilde\/wp-content\/uploads\/2024\/02\/Ce-que-notre-peuple-a-Gaza-doit-endurer-est-tout-simplement-insupportable-et-au-2-48x48.jpg 48w, https:\/\/paroisses-chatenay.fr\/stebathilde\/wp-content\/uploads\/2024\/02\/Ce-que-notre-peuple-a-Gaza-doit-endurer-est-tout-simplement-insupportable-et-au-2-1320x1297.jpg 1320w, https:\/\/paroisses-chatenay.fr\/stebathilde\/wp-content\/uploads\/2024\/02\/Ce-que-notre-peuple-a-Gaza-doit-endurer-est-tout-simplement-insupportable-et-au-2-400x393.jpg 400w\" sizes=\"auto, (max-width: 1200px) 100vw, 1200px\" \/><\/figure>\n<\/div>\n\n\n<p class=\"has-text-align-center\"><strong>DIMANCHE  18 f\u00e9vrier<\/strong><\/p>\n\n\n\n<p class=\"has-text-align-center\"><strong>J\u00e9rusalem &#8211; Marie Armelle Beaulieu<\/strong><\/p>\n\n\n\n<p class=\"has-text-align-center\">\u00ab&nbsp;J\u00e9rusalem, J\u00e9rusalem, toi qui tues les proph\u00e8tes et qui lapides ceux qui te sont envoy\u00e9s, combien de fois ai-je voulu rassembler tes enfants comme la poule rassemble ses poussins sous ses ailes, et vous n\u2019avez pas voulu !\u00a0\u00bb Math 23, 37<\/p>\n\n\n<div class=\"wp-block-image\">\n<figure class=\"aligncenter size-large is-resized\"><img loading=\"lazy\" decoding=\"async\" width=\"1200\" height=\"676\" src=\"https:\/\/paroisses-chatenay.fr\/stebathilde\/wp-content\/uploads\/2024\/02\/428628086_10232172700317133_2783240541287845897_n-1200x676.jpg\" alt=\"\" class=\"wp-image-5361\" style=\"width:577px;height:auto\" srcset=\"https:\/\/paroisses-chatenay.fr\/stebathilde\/wp-content\/uploads\/2024\/02\/428628086_10232172700317133_2783240541287845897_n-1200x676.jpg 1200w, https:\/\/paroisses-chatenay.fr\/stebathilde\/wp-content\/uploads\/2024\/02\/428628086_10232172700317133_2783240541287845897_n-300x169.jpg 300w, https:\/\/paroisses-chatenay.fr\/stebathilde\/wp-content\/uploads\/2024\/02\/428628086_10232172700317133_2783240541287845897_n-768x432.jpg 768w, https:\/\/paroisses-chatenay.fr\/stebathilde\/wp-content\/uploads\/2024\/02\/428628086_10232172700317133_2783240541287845897_n-1536x865.jpg 1536w, https:\/\/paroisses-chatenay.fr\/stebathilde\/wp-content\/uploads\/2024\/02\/428628086_10232172700317133_2783240541287845897_n-24x14.jpg 24w, https:\/\/paroisses-chatenay.fr\/stebathilde\/wp-content\/uploads\/2024\/02\/428628086_10232172700317133_2783240541287845897_n-36x20.jpg 36w, https:\/\/paroisses-chatenay.fr\/stebathilde\/wp-content\/uploads\/2024\/02\/428628086_10232172700317133_2783240541287845897_n-48x27.jpg 48w, https:\/\/paroisses-chatenay.fr\/stebathilde\/wp-content\/uploads\/2024\/02\/428628086_10232172700317133_2783240541287845897_n-1320x743.jpg 1320w, https:\/\/paroisses-chatenay.fr\/stebathilde\/wp-content\/uploads\/2024\/02\/428628086_10232172700317133_2783240541287845897_n-400x225.jpg 400w, https:\/\/paroisses-chatenay.fr\/stebathilde\/wp-content\/uploads\/2024\/02\/428628086_10232172700317133_2783240541287845897_n.jpg 2048w\" sizes=\"auto, (max-width: 1200px) 100vw, 1200px\" \/><\/figure>\n<\/div>\n\n<div class=\"wp-block-image\">\n<figure class=\"aligncenter size-large is-resized\"><img loading=\"lazy\" decoding=\"async\" width=\"1200\" height=\"954\" src=\"https:\/\/paroisses-chatenay.fr\/stebathilde\/wp-content\/uploads\/2024\/02\/240218-Tent-of-Nations-1200x954.jpg\" alt=\"\" class=\"wp-image-5358\" style=\"width:633px;height:auto\" srcset=\"https:\/\/paroisses-chatenay.fr\/stebathilde\/wp-content\/uploads\/2024\/02\/240218-Tent-of-Nations-1200x954.jpg 1200w, https:\/\/paroisses-chatenay.fr\/stebathilde\/wp-content\/uploads\/2024\/02\/240218-Tent-of-Nations-300x239.jpg 300w, https:\/\/paroisses-chatenay.fr\/stebathilde\/wp-content\/uploads\/2024\/02\/240218-Tent-of-Nations-768x611.jpg 768w, https:\/\/paroisses-chatenay.fr\/stebathilde\/wp-content\/uploads\/2024\/02\/240218-Tent-of-Nations-1536x1221.jpg 1536w, https:\/\/paroisses-chatenay.fr\/stebathilde\/wp-content\/uploads\/2024\/02\/240218-Tent-of-Nations-24x19.jpg 24w, https:\/\/paroisses-chatenay.fr\/stebathilde\/wp-content\/uploads\/2024\/02\/240218-Tent-of-Nations-36x29.jpg 36w, https:\/\/paroisses-chatenay.fr\/stebathilde\/wp-content\/uploads\/2024\/02\/240218-Tent-of-Nations-48x38.jpg 48w, https:\/\/paroisses-chatenay.fr\/stebathilde\/wp-content\/uploads\/2024\/02\/240218-Tent-of-Nations-1320x1050.jpg 1320w, https:\/\/paroisses-chatenay.fr\/stebathilde\/wp-content\/uploads\/2024\/02\/240218-Tent-of-Nations-400x318.jpg 400w, https:\/\/paroisses-chatenay.fr\/stebathilde\/wp-content\/uploads\/2024\/02\/240218-Tent-of-Nations.jpg 1977w\" sizes=\"auto, (max-width: 1200px) 100vw, 1200px\" \/><\/figure>\n<\/div>\n\n<div class=\"wp-block-image\">\n<figure class=\"aligncenter size-full\"><img loading=\"lazy\" decoding=\"async\" width=\"300\" height=\"199\" src=\"https:\/\/paroisses-chatenay.fr\/stebathilde\/wp-content\/uploads\/2024\/02\/309037270_457510976406021_2247182024406727623_n.jpg\" alt=\"\" class=\"wp-image-5357\" srcset=\"https:\/\/paroisses-chatenay.fr\/stebathilde\/wp-content\/uploads\/2024\/02\/309037270_457510976406021_2247182024406727623_n.jpg 300w, https:\/\/paroisses-chatenay.fr\/stebathilde\/wp-content\/uploads\/2024\/02\/309037270_457510976406021_2247182024406727623_n-24x16.jpg 24w, https:\/\/paroisses-chatenay.fr\/stebathilde\/wp-content\/uploads\/2024\/02\/309037270_457510976406021_2247182024406727623_n-36x24.jpg 36w, https:\/\/paroisses-chatenay.fr\/stebathilde\/wp-content\/uploads\/2024\/02\/309037270_457510976406021_2247182024406727623_n-48x32.jpg 48w\" sizes=\"auto, (max-width: 300px) 100vw, 300px\" \/><\/figure>\n<\/div>\n\n\n<p class=\"has-text-align-center\"><strong>Messe divine du matin de l&rsquo;\u00e9glise Sainte Famille Gaza &#8211; Mercredi des cendres<\/strong><\/p>\n\n\n\n<p class=\"has-text-align-center\">Rappelle-toi, \u00f4 homme, que tu es de poussi\u00e8re et que tu retourneras \u00e0 la poussi\u00e8re<\/p>\n\n\n\n<p class=\"has-text-align-center\"><\/p>\n\n\n<div class=\"wp-block-image\">\n<figure class=\"aligncenter size-large is-resized\"><img loading=\"lazy\" decoding=\"async\" width=\"1200\" height=\"900\" src=\"https:\/\/paroisses-chatenay.fr\/stebathilde\/wp-content\/uploads\/2024\/02\/20020213-mercredi-des-dendres-427891665_1767087827035706_7914834229299538779_n-1200x900.jpg\" alt=\"\" class=\"wp-image-5353\" style=\"width:498px;height:auto\" srcset=\"https:\/\/paroisses-chatenay.fr\/stebathilde\/wp-content\/uploads\/2024\/02\/20020213-mercredi-des-dendres-427891665_1767087827035706_7914834229299538779_n-1200x900.jpg 1200w, https:\/\/paroisses-chatenay.fr\/stebathilde\/wp-content\/uploads\/2024\/02\/20020213-mercredi-des-dendres-427891665_1767087827035706_7914834229299538779_n-300x225.jpg 300w, https:\/\/paroisses-chatenay.fr\/stebathilde\/wp-content\/uploads\/2024\/02\/20020213-mercredi-des-dendres-427891665_1767087827035706_7914834229299538779_n-768x576.jpg 768w, https:\/\/paroisses-chatenay.fr\/stebathilde\/wp-content\/uploads\/2024\/02\/20020213-mercredi-des-dendres-427891665_1767087827035706_7914834229299538779_n-1536x1152.jpg 1536w, https:\/\/paroisses-chatenay.fr\/stebathilde\/wp-content\/uploads\/2024\/02\/20020213-mercredi-des-dendres-427891665_1767087827035706_7914834229299538779_n-24x18.jpg 24w, https:\/\/paroisses-chatenay.fr\/stebathilde\/wp-content\/uploads\/2024\/02\/20020213-mercredi-des-dendres-427891665_1767087827035706_7914834229299538779_n-36x27.jpg 36w, https:\/\/paroisses-chatenay.fr\/stebathilde\/wp-content\/uploads\/2024\/02\/20020213-mercredi-des-dendres-427891665_1767087827035706_7914834229299538779_n-48x36.jpg 48w, https:\/\/paroisses-chatenay.fr\/stebathilde\/wp-content\/uploads\/2024\/02\/20020213-mercredi-des-dendres-427891665_1767087827035706_7914834229299538779_n-1320x990.jpg 1320w, https:\/\/paroisses-chatenay.fr\/stebathilde\/wp-content\/uploads\/2024\/02\/20020213-mercredi-des-dendres-427891665_1767087827035706_7914834229299538779_n-400x300.jpg 400w, https:\/\/paroisses-chatenay.fr\/stebathilde\/wp-content\/uploads\/2024\/02\/20020213-mercredi-des-dendres-427891665_1767087827035706_7914834229299538779_n.jpg 2048w\" sizes=\"auto, (max-width: 1200px) 100vw, 1200px\" \/><\/figure>\n<\/div>\n\n\n<h4 class=\"wp-block-heading has-text-align-center\"><strong>DIMANCHE  4 fevrier<\/strong><\/h4>\n\n\n\n<h5 class=\"wp-block-heading has-text-align-center\"><strong>A Bethleem &#8211; Extrait de la pri\u00e8re de Sabeel<\/strong><\/h5>\n<\/div><\/div>\n\n\n<div class=\"wp-block-image\">\n<figure class=\"aligncenter size-large is-resized\"><img loading=\"lazy\" decoding=\"async\" width=\"1088\" height=\"1200\" src=\"https:\/\/paroisses-chatenay.fr\/stebathilde\/wp-content\/uploads\/2024\/02\/240201-Sabeel-1088x1200.jpg\" alt=\"\" class=\"wp-image-5335\" style=\"width:679px;height:auto\" srcset=\"https:\/\/paroisses-chatenay.fr\/stebathilde\/wp-content\/uploads\/2024\/02\/240201-Sabeel-1088x1200.jpg 1088w, https:\/\/paroisses-chatenay.fr\/stebathilde\/wp-content\/uploads\/2024\/02\/240201-Sabeel-272x300.jpg 272w, https:\/\/paroisses-chatenay.fr\/stebathilde\/wp-content\/uploads\/2024\/02\/240201-Sabeel-768x847.jpg 768w, https:\/\/paroisses-chatenay.fr\/stebathilde\/wp-content\/uploads\/2024\/02\/240201-Sabeel-1393x1536.jpg 1393w, https:\/\/paroisses-chatenay.fr\/stebathilde\/wp-content\/uploads\/2024\/02\/240201-Sabeel-1857x2048.jpg 1857w, https:\/\/paroisses-chatenay.fr\/stebathilde\/wp-content\/uploads\/2024\/02\/240201-Sabeel-22x24.jpg 22w, https:\/\/paroisses-chatenay.fr\/stebathilde\/wp-content\/uploads\/2024\/02\/240201-Sabeel-33x36.jpg 33w, https:\/\/paroisses-chatenay.fr\/stebathilde\/wp-content\/uploads\/2024\/02\/240201-Sabeel-44x48.jpg 44w, https:\/\/paroisses-chatenay.fr\/stebathilde\/wp-content\/uploads\/2024\/02\/240201-Sabeel-1320x1456.jpg 1320w, https:\/\/paroisses-chatenay.fr\/stebathilde\/wp-content\/uploads\/2024\/02\/240201-Sabeel-400x441.jpg 400w, https:\/\/paroisses-chatenay.fr\/stebathilde\/wp-content\/uploads\/2024\/02\/240201-Sabeel.jpg 1992w\" sizes=\"auto, (max-width: 1088px) 100vw, 1088px\" \/><\/figure>\n<\/div>\n\n<div class=\"wp-block-image\">\n<figure class=\"aligncenter size-large is-resized\"><img loading=\"lazy\" decoding=\"async\" width=\"1184\" height=\"1200\" src=\"https:\/\/paroisses-chatenay.fr\/stebathilde\/wp-content\/uploads\/2024\/02\/240201-Baptempe-de-Jude-1184x1200.jpg\" alt=\"\" class=\"wp-image-5331\" style=\"width:511px;height:auto\" srcset=\"https:\/\/paroisses-chatenay.fr\/stebathilde\/wp-content\/uploads\/2024\/02\/240201-Baptempe-de-Jude-1184x1200.jpg 1184w, https:\/\/paroisses-chatenay.fr\/stebathilde\/wp-content\/uploads\/2024\/02\/240201-Baptempe-de-Jude-296x300.jpg 296w, https:\/\/paroisses-chatenay.fr\/stebathilde\/wp-content\/uploads\/2024\/02\/240201-Baptempe-de-Jude-768x778.jpg 768w, https:\/\/paroisses-chatenay.fr\/stebathilde\/wp-content\/uploads\/2024\/02\/240201-Baptempe-de-Jude-1516x1536.jpg 1516w, https:\/\/paroisses-chatenay.fr\/stebathilde\/wp-content\/uploads\/2024\/02\/240201-Baptempe-de-Jude-24x24.jpg 24w, https:\/\/paroisses-chatenay.fr\/stebathilde\/wp-content\/uploads\/2024\/02\/240201-Baptempe-de-Jude-36x36.jpg 36w, https:\/\/paroisses-chatenay.fr\/stebathilde\/wp-content\/uploads\/2024\/02\/240201-Baptempe-de-Jude-48x48.jpg 48w, https:\/\/paroisses-chatenay.fr\/stebathilde\/wp-content\/uploads\/2024\/02\/240201-Baptempe-de-Jude-1320x1338.jpg 1320w, https:\/\/paroisses-chatenay.fr\/stebathilde\/wp-content\/uploads\/2024\/02\/240201-Baptempe-de-Jude-400x405.jpg 400w, https:\/\/paroisses-chatenay.fr\/stebathilde\/wp-content\/uploads\/2024\/02\/240201-Baptempe-de-Jude.jpg 1573w\" sizes=\"auto, (max-width: 1184px) 100vw, 1184px\" \/><\/figure>\n<\/div>\n\n\n<h5 class=\"wp-block-heading has-text-align-center\"><strong>DIMANCHE  28 JANVIE<\/strong>R<\/h5>\n\n\n\n<h5 class=\"wp-block-heading has-text-align-center\">A Gaza &#8211;  La divine liturgie du matin \u00e0 la paroisse de la Sainte Famille<\/h5>\n\n\n<div class=\"wp-block-image\">\n<figure class=\"aligncenter size-large is-resized\"><img loading=\"lazy\" decoding=\"async\" width=\"1200\" height=\"900\" src=\"https:\/\/paroisses-chatenay.fr\/stebathilde\/wp-content\/uploads\/2024\/01\/240128-messe-a-Gaza-423161311_1756888018055687_2534964027682400505_n-1200x900.jpg\" alt=\"\" class=\"wp-image-5314\" style=\"width:529px;height:auto\" srcset=\"https:\/\/paroisses-chatenay.fr\/stebathilde\/wp-content\/uploads\/2024\/01\/240128-messe-a-Gaza-423161311_1756888018055687_2534964027682400505_n-1200x900.jpg 1200w, https:\/\/paroisses-chatenay.fr\/stebathilde\/wp-content\/uploads\/2024\/01\/240128-messe-a-Gaza-423161311_1756888018055687_2534964027682400505_n-300x225.jpg 300w, https:\/\/paroisses-chatenay.fr\/stebathilde\/wp-content\/uploads\/2024\/01\/240128-messe-a-Gaza-423161311_1756888018055687_2534964027682400505_n-768x576.jpg 768w, https:\/\/paroisses-chatenay.fr\/stebathilde\/wp-content\/uploads\/2024\/01\/240128-messe-a-Gaza-423161311_1756888018055687_2534964027682400505_n-1536x1152.jpg 1536w, https:\/\/paroisses-chatenay.fr\/stebathilde\/wp-content\/uploads\/2024\/01\/240128-messe-a-Gaza-423161311_1756888018055687_2534964027682400505_n-24x18.jpg 24w, https:\/\/paroisses-chatenay.fr\/stebathilde\/wp-content\/uploads\/2024\/01\/240128-messe-a-Gaza-423161311_1756888018055687_2534964027682400505_n-36x27.jpg 36w, https:\/\/paroisses-chatenay.fr\/stebathilde\/wp-content\/uploads\/2024\/01\/240128-messe-a-Gaza-423161311_1756888018055687_2534964027682400505_n-48x36.jpg 48w, https:\/\/paroisses-chatenay.fr\/stebathilde\/wp-content\/uploads\/2024\/01\/240128-messe-a-Gaza-423161311_1756888018055687_2534964027682400505_n-1320x990.jpg 1320w, https:\/\/paroisses-chatenay.fr\/stebathilde\/wp-content\/uploads\/2024\/01\/240128-messe-a-Gaza-423161311_1756888018055687_2534964027682400505_n-400x300.jpg 400w, https:\/\/paroisses-chatenay.fr\/stebathilde\/wp-content\/uploads\/2024\/01\/240128-messe-a-Gaza-423161311_1756888018055687_2534964027682400505_n.jpg 2048w\" sizes=\"auto, (max-width: 1200px) 100vw, 1200px\" \/><\/figure>\n<\/div>\n\n\n<h5 class=\"wp-block-heading has-text-align-center\">A Bethleem &#8211; <strong>Extrait de la pri\u00e8re de Sabeel<\/strong><\/h5>\n\n\n<div class=\"wp-block-image\">\n<figure class=\"aligncenter size-large is-resized\"><img loading=\"lazy\" decoding=\"async\" width=\"946\" height=\"1200\" src=\"https:\/\/paroisses-chatenay.fr\/stebathilde\/wp-content\/uploads\/2024\/01\/Sabeel-25-janvier-946x1200.jpg\" alt=\"\" class=\"wp-image-5317\" style=\"width:551px;height:auto\" srcset=\"https:\/\/paroisses-chatenay.fr\/stebathilde\/wp-content\/uploads\/2024\/01\/Sabeel-25-janvier-946x1200.jpg 946w, https:\/\/paroisses-chatenay.fr\/stebathilde\/wp-content\/uploads\/2024\/01\/Sabeel-25-janvier-237x300.jpg 237w, https:\/\/paroisses-chatenay.fr\/stebathilde\/wp-content\/uploads\/2024\/01\/Sabeel-25-janvier-768x974.jpg 768w, https:\/\/paroisses-chatenay.fr\/stebathilde\/wp-content\/uploads\/2024\/01\/Sabeel-25-janvier-1211x1536.jpg 1211w, https:\/\/paroisses-chatenay.fr\/stebathilde\/wp-content\/uploads\/2024\/01\/Sabeel-25-janvier-1615x2048.jpg 1615w, https:\/\/paroisses-chatenay.fr\/stebathilde\/wp-content\/uploads\/2024\/01\/Sabeel-25-janvier-19x24.jpg 19w, https:\/\/paroisses-chatenay.fr\/stebathilde\/wp-content\/uploads\/2024\/01\/Sabeel-25-janvier-28x36.jpg 28w, https:\/\/paroisses-chatenay.fr\/stebathilde\/wp-content\/uploads\/2024\/01\/Sabeel-25-janvier-38x48.jpg 38w, https:\/\/paroisses-chatenay.fr\/stebathilde\/wp-content\/uploads\/2024\/01\/Sabeel-25-janvier-1320x1674.jpg 1320w, https:\/\/paroisses-chatenay.fr\/stebathilde\/wp-content\/uploads\/2024\/01\/Sabeel-25-janvier-400x507.jpg 400w, https:\/\/paroisses-chatenay.fr\/stebathilde\/wp-content\/uploads\/2024\/01\/Sabeel-25-janvier.jpg 1986w\" sizes=\"auto, (max-width: 946px) 100vw, 946px\" \/><\/figure>\n<\/div>\n\n\n<h5 class=\"wp-block-heading has-text-align-center\"><strong>DIMANCHE  21 JANVIER<\/strong><\/h5>\n\n\n\n<h5 class=\"wp-block-heading has-text-align-center\">A Gaza &#8211; <strong>Merci Seigneur pour ce pain<\/strong>&#8230;<\/h5>\n\n\n<div class=\"wp-block-image\">\n<figure class=\"aligncenter size-full is-resized\"><img loading=\"lazy\" decoding=\"async\" width=\"721\" height=\"1096\" src=\"https:\/\/paroisses-chatenay.fr\/stebathilde\/wp-content\/uploads\/2024\/01\/Merci-Seigneur-pour-la-pain-420173720_918597723057118_2308451511443533604_n.jpg\" alt=\"\" class=\"wp-image-5288\" style=\"width:221px;height:auto\" srcset=\"https:\/\/paroisses-chatenay.fr\/stebathilde\/wp-content\/uploads\/2024\/01\/Merci-Seigneur-pour-la-pain-420173720_918597723057118_2308451511443533604_n.jpg 721w, https:\/\/paroisses-chatenay.fr\/stebathilde\/wp-content\/uploads\/2024\/01\/Merci-Seigneur-pour-la-pain-420173720_918597723057118_2308451511443533604_n-197x300.jpg 197w, https:\/\/paroisses-chatenay.fr\/stebathilde\/wp-content\/uploads\/2024\/01\/Merci-Seigneur-pour-la-pain-420173720_918597723057118_2308451511443533604_n-16x24.jpg 16w, https:\/\/paroisses-chatenay.fr\/stebathilde\/wp-content\/uploads\/2024\/01\/Merci-Seigneur-pour-la-pain-420173720_918597723057118_2308451511443533604_n-24x36.jpg 24w, https:\/\/paroisses-chatenay.fr\/stebathilde\/wp-content\/uploads\/2024\/01\/Merci-Seigneur-pour-la-pain-420173720_918597723057118_2308451511443533604_n-32x48.jpg 32w, https:\/\/paroisses-chatenay.fr\/stebathilde\/wp-content\/uploads\/2024\/01\/Merci-Seigneur-pour-la-pain-420173720_918597723057118_2308451511443533604_n-400x608.jpg 400w\" sizes=\"auto, (max-width: 721px) 100vw, 721px\" \/><\/figure>\n<\/div>\n\n<div class=\"wp-block-image\">\n<figure class=\"aligncenter size-large is-resized\"><img loading=\"lazy\" decoding=\"async\" width=\"1200\" height=\"941\" src=\"https:\/\/paroisses-chatenay.fr\/stebathilde\/wp-content\/uploads\/2024\/01\/240117-Priere-Pere-Yusuf-1200x941.jpg\" alt=\"\" class=\"wp-image-5296\" style=\"width:463px;height:auto\" srcset=\"https:\/\/paroisses-chatenay.fr\/stebathilde\/wp-content\/uploads\/2024\/01\/240117-Priere-Pere-Yusuf-1200x941.jpg 1200w, https:\/\/paroisses-chatenay.fr\/stebathilde\/wp-content\/uploads\/2024\/01\/240117-Priere-Pere-Yusuf-300x235.jpg 300w, https:\/\/paroisses-chatenay.fr\/stebathilde\/wp-content\/uploads\/2024\/01\/240117-Priere-Pere-Yusuf-768x602.jpg 768w, https:\/\/paroisses-chatenay.fr\/stebathilde\/wp-content\/uploads\/2024\/01\/240117-Priere-Pere-Yusuf-1536x1205.jpg 1536w, https:\/\/paroisses-chatenay.fr\/stebathilde\/wp-content\/uploads\/2024\/01\/240117-Priere-Pere-Yusuf-24x19.jpg 24w, https:\/\/paroisses-chatenay.fr\/stebathilde\/wp-content\/uploads\/2024\/01\/240117-Priere-Pere-Yusuf-36x28.jpg 36w, https:\/\/paroisses-chatenay.fr\/stebathilde\/wp-content\/uploads\/2024\/01\/240117-Priere-Pere-Yusuf-48x38.jpg 48w, https:\/\/paroisses-chatenay.fr\/stebathilde\/wp-content\/uploads\/2024\/01\/240117-Priere-Pere-Yusuf-1320x1035.jpg 1320w, https:\/\/paroisses-chatenay.fr\/stebathilde\/wp-content\/uploads\/2024\/01\/240117-Priere-Pere-Yusuf-400x314.jpg 400w, https:\/\/paroisses-chatenay.fr\/stebathilde\/wp-content\/uploads\/2024\/01\/240117-Priere-Pere-Yusuf.jpg 1970w\" sizes=\"auto, (max-width: 1200px) 100vw, 1200px\" \/><\/figure>\n<\/div>\n\n\n<h5 class=\"wp-block-heading has-text-align-center\">A Bethleem &#8211; <strong>Extrait de la pri\u00e8re de Sabeel<\/strong><\/h5>\n\n\n<div class=\"wp-block-image\">\n<figure class=\"aligncenter size-large is-resized\"><img loading=\"lazy\" decoding=\"async\" width=\"1027\" height=\"1200\" src=\"https:\/\/paroisses-chatenay.fr\/stebathilde\/wp-content\/uploads\/2024\/01\/Sabeel-18-janvier-1027x1200.jpg\" alt=\"\" class=\"wp-image-5284\" style=\"width:523px;height:auto\" srcset=\"https:\/\/paroisses-chatenay.fr\/stebathilde\/wp-content\/uploads\/2024\/01\/Sabeel-18-janvier-1027x1200.jpg 1027w, https:\/\/paroisses-chatenay.fr\/stebathilde\/wp-content\/uploads\/2024\/01\/Sabeel-18-janvier-257x300.jpg 257w, https:\/\/paroisses-chatenay.fr\/stebathilde\/wp-content\/uploads\/2024\/01\/Sabeel-18-janvier-768x897.jpg 768w, https:\/\/paroisses-chatenay.fr\/stebathilde\/wp-content\/uploads\/2024\/01\/Sabeel-18-janvier-1315x1536.jpg 1315w, https:\/\/paroisses-chatenay.fr\/stebathilde\/wp-content\/uploads\/2024\/01\/Sabeel-18-janvier-1753x2048.jpg 1753w, https:\/\/paroisses-chatenay.fr\/stebathilde\/wp-content\/uploads\/2024\/01\/Sabeel-18-janvier-21x24.jpg 21w, https:\/\/paroisses-chatenay.fr\/stebathilde\/wp-content\/uploads\/2024\/01\/Sabeel-18-janvier-31x36.jpg 31w, https:\/\/paroisses-chatenay.fr\/stebathilde\/wp-content\/uploads\/2024\/01\/Sabeel-18-janvier-41x48.jpg 41w, https:\/\/paroisses-chatenay.fr\/stebathilde\/wp-content\/uploads\/2024\/01\/Sabeel-18-janvier-1320x1542.jpg 1320w, https:\/\/paroisses-chatenay.fr\/stebathilde\/wp-content\/uploads\/2024\/01\/Sabeel-18-janvier-400x467.jpg 400w, https:\/\/paroisses-chatenay.fr\/stebathilde\/wp-content\/uploads\/2024\/01\/Sabeel-18-janvier.jpg 1992w\" sizes=\"auto, (max-width: 1027px) 100vw, 1027px\" \/><\/figure>\n<\/div>\n\n\n<p class=\"has-text-align-center\"><strong>DIMANCHE  14 JANVIER<\/strong><\/p>\n\n\n\n<p class=\"has-text-align-center\"><strong>A Bethl\u00e9em<\/strong><\/p>\n\n\n<div class=\"wp-block-image\">\n<figure class=\"aligncenter size-large is-resized\"><img loading=\"lazy\" decoding=\"async\" width=\"858\" height=\"1200\" src=\"https:\/\/paroisses-chatenay.fr\/stebathilde\/wp-content\/uploads\/2024\/01\/231214-EXTRAITS-PREDICATION-DE-NOEL-DU-PASTEUR-MUNTHER-ISAAC-a-BETHLEEM-858x1200.jpg\" alt=\"\" class=\"wp-image-5264\" style=\"width:549px;height:auto\" srcset=\"https:\/\/paroisses-chatenay.fr\/stebathilde\/wp-content\/uploads\/2024\/01\/231214-EXTRAITS-PREDICATION-DE-NOEL-DU-PASTEUR-MUNTHER-ISAAC-a-BETHLEEM-858x1200.jpg 858w, https:\/\/paroisses-chatenay.fr\/stebathilde\/wp-content\/uploads\/2024\/01\/231214-EXTRAITS-PREDICATION-DE-NOEL-DU-PASTEUR-MUNTHER-ISAAC-a-BETHLEEM-214x300.jpg 214w, https:\/\/paroisses-chatenay.fr\/stebathilde\/wp-content\/uploads\/2024\/01\/231214-EXTRAITS-PREDICATION-DE-NOEL-DU-PASTEUR-MUNTHER-ISAAC-a-BETHLEEM-768x1074.jpg 768w, https:\/\/paroisses-chatenay.fr\/stebathilde\/wp-content\/uploads\/2024\/01\/231214-EXTRAITS-PREDICATION-DE-NOEL-DU-PASTEUR-MUNTHER-ISAAC-a-BETHLEEM-1098x1536.jpg 1098w, https:\/\/paroisses-chatenay.fr\/stebathilde\/wp-content\/uploads\/2024\/01\/231214-EXTRAITS-PREDICATION-DE-NOEL-DU-PASTEUR-MUNTHER-ISAAC-a-BETHLEEM-1464x2048.jpg 1464w, https:\/\/paroisses-chatenay.fr\/stebathilde\/wp-content\/uploads\/2024\/01\/231214-EXTRAITS-PREDICATION-DE-NOEL-DU-PASTEUR-MUNTHER-ISAAC-a-BETHLEEM-17x24.jpg 17w, https:\/\/paroisses-chatenay.fr\/stebathilde\/wp-content\/uploads\/2024\/01\/231214-EXTRAITS-PREDICATION-DE-NOEL-DU-PASTEUR-MUNTHER-ISAAC-a-BETHLEEM-26x36.jpg 26w, https:\/\/paroisses-chatenay.fr\/stebathilde\/wp-content\/uploads\/2024\/01\/231214-EXTRAITS-PREDICATION-DE-NOEL-DU-PASTEUR-MUNTHER-ISAAC-a-BETHLEEM-34x48.jpg 34w, https:\/\/paroisses-chatenay.fr\/stebathilde\/wp-content\/uploads\/2024\/01\/231214-EXTRAITS-PREDICATION-DE-NOEL-DU-PASTEUR-MUNTHER-ISAAC-a-BETHLEEM-1320x1846.jpg 1320w, https:\/\/paroisses-chatenay.fr\/stebathilde\/wp-content\/uploads\/2024\/01\/231214-EXTRAITS-PREDICATION-DE-NOEL-DU-PASTEUR-MUNTHER-ISAAC-a-BETHLEEM-400x559.jpg 400w, https:\/\/paroisses-chatenay.fr\/stebathilde\/wp-content\/uploads\/2024\/01\/231214-EXTRAITS-PREDICATION-DE-NOEL-DU-PASTEUR-MUNTHER-ISAAC-a-BETHLEEM-scaled.jpg 1830w\" sizes=\"auto, (max-width: 858px) 100vw, 858px\" \/><\/figure>\n<\/div>\n\n\n<p class=\"has-text-align-center\"><strong>Extrait de la pri\u00e8re de Sabeel<\/strong><\/p>\n\n\n<div class=\"wp-block-image\">\n<figure class=\"aligncenter size-large is-resized\"><img loading=\"lazy\" decoding=\"async\" width=\"951\" height=\"1200\" src=\"https:\/\/paroisses-chatenay.fr\/stebathilde\/wp-content\/uploads\/2024\/01\/240114-Extraits-priere-Sabeel-debut-janvier-951x1200.jpg\" alt=\"\" class=\"wp-image-5262\" style=\"width:549px;height:auto\" srcset=\"https:\/\/paroisses-chatenay.fr\/stebathilde\/wp-content\/uploads\/2024\/01\/240114-Extraits-priere-Sabeel-debut-janvier-951x1200.jpg 951w, https:\/\/paroisses-chatenay.fr\/stebathilde\/wp-content\/uploads\/2024\/01\/240114-Extraits-priere-Sabeel-debut-janvier-238x300.jpg 238w, https:\/\/paroisses-chatenay.fr\/stebathilde\/wp-content\/uploads\/2024\/01\/240114-Extraits-priere-Sabeel-debut-janvier-768x969.jpg 768w, https:\/\/paroisses-chatenay.fr\/stebathilde\/wp-content\/uploads\/2024\/01\/240114-Extraits-priere-Sabeel-debut-janvier-1217x1536.jpg 1217w, https:\/\/paroisses-chatenay.fr\/stebathilde\/wp-content\/uploads\/2024\/01\/240114-Extraits-priere-Sabeel-debut-janvier-1623x2048.jpg 1623w, https:\/\/paroisses-chatenay.fr\/stebathilde\/wp-content\/uploads\/2024\/01\/240114-Extraits-priere-Sabeel-debut-janvier-19x24.jpg 19w, https:\/\/paroisses-chatenay.fr\/stebathilde\/wp-content\/uploads\/2024\/01\/240114-Extraits-priere-Sabeel-debut-janvier-29x36.jpg 29w, https:\/\/paroisses-chatenay.fr\/stebathilde\/wp-content\/uploads\/2024\/01\/240114-Extraits-priere-Sabeel-debut-janvier-38x48.jpg 38w, https:\/\/paroisses-chatenay.fr\/stebathilde\/wp-content\/uploads\/2024\/01\/240114-Extraits-priere-Sabeel-debut-janvier-1320x1666.jpg 1320w, https:\/\/paroisses-chatenay.fr\/stebathilde\/wp-content\/uploads\/2024\/01\/240114-Extraits-priere-Sabeel-debut-janvier-400x505.jpg 400w, https:\/\/paroisses-chatenay.fr\/stebathilde\/wp-content\/uploads\/2024\/01\/240114-Extraits-priere-Sabeel-debut-janvier.jpg 2016w\" sizes=\"auto, (max-width: 951px) 100vw, 951px\" \/><\/figure>\n<\/div>\n\n\n<h5 class=\"wp-block-heading has-text-align-center\"><strong>DIMANCHE 7 JANVIER<\/strong><\/h5>\n\n\n\n<p class=\"has-text-align-center\">A GAZA<\/p>\n\n\n<div class=\"wp-block-image\">\n<figure class=\"aligncenter size-large is-resized\"><img loading=\"lazy\" decoding=\"async\" width=\"1150\" height=\"1200\" src=\"https:\/\/paroisses-chatenay.fr\/stebathilde\/wp-content\/uploads\/2024\/01\/240107-07-janvier-a-Gaza-1150x1200.jpg\" alt=\"\" class=\"wp-image-5236\" style=\"width:615px;height:auto\" srcset=\"https:\/\/paroisses-chatenay.fr\/stebathilde\/wp-content\/uploads\/2024\/01\/240107-07-janvier-a-Gaza-1150x1200.jpg 1150w, https:\/\/paroisses-chatenay.fr\/stebathilde\/wp-content\/uploads\/2024\/01\/240107-07-janvier-a-Gaza-288x300.jpg 288w, https:\/\/paroisses-chatenay.fr\/stebathilde\/wp-content\/uploads\/2024\/01\/240107-07-janvier-a-Gaza-768x801.jpg 768w, https:\/\/paroisses-chatenay.fr\/stebathilde\/wp-content\/uploads\/2024\/01\/240107-07-janvier-a-Gaza-1472x1536.jpg 1472w, https:\/\/paroisses-chatenay.fr\/stebathilde\/wp-content\/uploads\/2024\/01\/240107-07-janvier-a-Gaza-1963x2048.jpg 1963w, https:\/\/paroisses-chatenay.fr\/stebathilde\/wp-content\/uploads\/2024\/01\/240107-07-janvier-a-Gaza-24x24.jpg 24w, https:\/\/paroisses-chatenay.fr\/stebathilde\/wp-content\/uploads\/2024\/01\/240107-07-janvier-a-Gaza-46x48.jpg 46w, https:\/\/paroisses-chatenay.fr\/stebathilde\/wp-content\/uploads\/2024\/01\/240107-07-janvier-a-Gaza-1320x1377.jpg 1320w, https:\/\/paroisses-chatenay.fr\/stebathilde\/wp-content\/uploads\/2024\/01\/240107-07-janvier-a-Gaza-400x417.jpg 400w, https:\/\/paroisses-chatenay.fr\/stebathilde\/wp-content\/uploads\/2024\/01\/240107-07-janvier-a-Gaza.jpg 1971w\" sizes=\"auto, (max-width: 1150px) 100vw, 1150px\" \/><\/figure>\n<\/div>\n\n\n<h5 class=\"wp-block-heading has-text-align-center\"><strong>A  BETHLEEM<\/strong> &#8211; Extraits de la pri\u00e8re de Sabeel<\/h5>\n\n\n<div class=\"wp-block-image\">\n<figure class=\"aligncenter size-large is-resized\"><img loading=\"lazy\" decoding=\"async\" width=\"1200\" height=\"976\" src=\"https:\/\/paroisses-chatenay.fr\/stebathilde\/wp-content\/uploads\/2024\/01\/240104-Extrait-prieres-de-sabeel-1200x976.jpg\" alt=\"\" class=\"wp-image-5240\" style=\"width:577px;height:auto\" srcset=\"https:\/\/paroisses-chatenay.fr\/stebathilde\/wp-content\/uploads\/2024\/01\/240104-Extrait-prieres-de-sabeel-1200x976.jpg 1200w, https:\/\/paroisses-chatenay.fr\/stebathilde\/wp-content\/uploads\/2024\/01\/240104-Extrait-prieres-de-sabeel-300x244.jpg 300w, https:\/\/paroisses-chatenay.fr\/stebathilde\/wp-content\/uploads\/2024\/01\/240104-Extrait-prieres-de-sabeel-768x625.jpg 768w, https:\/\/paroisses-chatenay.fr\/stebathilde\/wp-content\/uploads\/2024\/01\/240104-Extrait-prieres-de-sabeel-1536x1250.jpg 1536w, https:\/\/paroisses-chatenay.fr\/stebathilde\/wp-content\/uploads\/2024\/01\/240104-Extrait-prieres-de-sabeel-24x20.jpg 24w, https:\/\/paroisses-chatenay.fr\/stebathilde\/wp-content\/uploads\/2024\/01\/240104-Extrait-prieres-de-sabeel-36x29.jpg 36w, https:\/\/paroisses-chatenay.fr\/stebathilde\/wp-content\/uploads\/2024\/01\/240104-Extrait-prieres-de-sabeel-48x39.jpg 48w, https:\/\/paroisses-chatenay.fr\/stebathilde\/wp-content\/uploads\/2024\/01\/240104-Extrait-prieres-de-sabeel-1320x1074.jpg 1320w, https:\/\/paroisses-chatenay.fr\/stebathilde\/wp-content\/uploads\/2024\/01\/240104-Extrait-prieres-de-sabeel-400x325.jpg 400w, https:\/\/paroisses-chatenay.fr\/stebathilde\/wp-content\/uploads\/2024\/01\/240104-Extrait-prieres-de-sabeel.jpg 1952w\" sizes=\"auto, (max-width: 1200px) 100vw, 1200px\" \/><\/figure>\n<\/div>\n\n\n<p class=\"has-text-align-center\"><strong>DIMANCHE 24 DECEMBRE<\/strong><\/p>\n\n\n\n<p class=\"has-text-align-center\"><strong>A BETHLEEM<\/strong><\/p>\n\n\n<div class=\"wp-block-image\">\n<figure class=\"aligncenter size-full is-resized\"><img loading=\"lazy\" decoding=\"async\" width=\"1185\" height=\"394\" src=\"https:\/\/paroisses-chatenay.fr\/stebathilde\/wp-content\/uploads\/2024\/01\/231224-Scouts-Bethleem.jpg\" alt=\"\" class=\"wp-image-5225\" style=\"width:655px;height:auto\" srcset=\"https:\/\/paroisses-chatenay.fr\/stebathilde\/wp-content\/uploads\/2024\/01\/231224-Scouts-Bethleem.jpg 1185w, https:\/\/paroisses-chatenay.fr\/stebathilde\/wp-content\/uploads\/2024\/01\/231224-Scouts-Bethleem-300x100.jpg 300w, https:\/\/paroisses-chatenay.fr\/stebathilde\/wp-content\/uploads\/2024\/01\/231224-Scouts-Bethleem-768x255.jpg 768w, https:\/\/paroisses-chatenay.fr\/stebathilde\/wp-content\/uploads\/2024\/01\/231224-Scouts-Bethleem-24x8.jpg 24w, https:\/\/paroisses-chatenay.fr\/stebathilde\/wp-content\/uploads\/2024\/01\/231224-Scouts-Bethleem-36x12.jpg 36w, https:\/\/paroisses-chatenay.fr\/stebathilde\/wp-content\/uploads\/2024\/01\/231224-Scouts-Bethleem-48x16.jpg 48w, https:\/\/paroisses-chatenay.fr\/stebathilde\/wp-content\/uploads\/2024\/01\/231224-Scouts-Bethleem-400x133.jpg 400w\" sizes=\"auto, (max-width: 1185px) 100vw, 1185px\" \/><\/figure>\n<\/div>\n\n<div class=\"wp-block-image\">\n<figure class=\"aligncenter size-large is-resized\"><img loading=\"lazy\" decoding=\"async\" width=\"958\" height=\"1200\" src=\"https:\/\/paroisses-chatenay.fr\/stebathilde\/wp-content\/uploads\/2023\/12\/231224-Mgr-Pizzaballa-extraits-1-958x1200.jpg\" alt=\"\" class=\"wp-image-5198\" style=\"width:624px;height:auto\" srcset=\"https:\/\/paroisses-chatenay.fr\/stebathilde\/wp-content\/uploads\/2023\/12\/231224-Mgr-Pizzaballa-extraits-1-958x1200.jpg 958w, https:\/\/paroisses-chatenay.fr\/stebathilde\/wp-content\/uploads\/2023\/12\/231224-Mgr-Pizzaballa-extraits-1-239x300.jpg 239w, https:\/\/paroisses-chatenay.fr\/stebathilde\/wp-content\/uploads\/2023\/12\/231224-Mgr-Pizzaballa-extraits-1-768x962.jpg 768w, https:\/\/paroisses-chatenay.fr\/stebathilde\/wp-content\/uploads\/2023\/12\/231224-Mgr-Pizzaballa-extraits-1-1226x1536.jpg 1226w, https:\/\/paroisses-chatenay.fr\/stebathilde\/wp-content\/uploads\/2023\/12\/231224-Mgr-Pizzaballa-extraits-1-1634x2048.jpg 1634w, https:\/\/paroisses-chatenay.fr\/stebathilde\/wp-content\/uploads\/2023\/12\/231224-Mgr-Pizzaballa-extraits-1-19x24.jpg 19w, https:\/\/paroisses-chatenay.fr\/stebathilde\/wp-content\/uploads\/2023\/12\/231224-Mgr-Pizzaballa-extraits-1-29x36.jpg 29w, https:\/\/paroisses-chatenay.fr\/stebathilde\/wp-content\/uploads\/2023\/12\/231224-Mgr-Pizzaballa-extraits-1-38x48.jpg 38w, https:\/\/paroisses-chatenay.fr\/stebathilde\/wp-content\/uploads\/2023\/12\/231224-Mgr-Pizzaballa-extraits-1-1320x1654.jpg 1320w, https:\/\/paroisses-chatenay.fr\/stebathilde\/wp-content\/uploads\/2023\/12\/231224-Mgr-Pizzaballa-extraits-1-400x501.jpg 400w, https:\/\/paroisses-chatenay.fr\/stebathilde\/wp-content\/uploads\/2023\/12\/231224-Mgr-Pizzaballa-extraits-1.jpg 1995w\" sizes=\"auto, (max-width: 958px) 100vw, 958px\" \/><\/figure>\n<\/div>\n\n<div class=\"wp-block-image\">\n<figure class=\"aligncenter size-large is-resized\"><img loading=\"lazy\" decoding=\"async\" width=\"1024\" height=\"1200\" src=\"https:\/\/paroisses-chatenay.fr\/stebathilde\/wp-content\/uploads\/2023\/12\/231224-Mgr-Pizzaballa-extraits-2-1024x1200.jpg\" alt=\"\" class=\"wp-image-5199\" style=\"width:646px;height:auto\" srcset=\"https:\/\/paroisses-chatenay.fr\/stebathilde\/wp-content\/uploads\/2023\/12\/231224-Mgr-Pizzaballa-extraits-2-1024x1200.jpg 1024w, https:\/\/paroisses-chatenay.fr\/stebathilde\/wp-content\/uploads\/2023\/12\/231224-Mgr-Pizzaballa-extraits-2-256x300.jpg 256w, https:\/\/paroisses-chatenay.fr\/stebathilde\/wp-content\/uploads\/2023\/12\/231224-Mgr-Pizzaballa-extraits-2-768x900.jpg 768w, https:\/\/paroisses-chatenay.fr\/stebathilde\/wp-content\/uploads\/2023\/12\/231224-Mgr-Pizzaballa-extraits-2-1311x1536.jpg 1311w, https:\/\/paroisses-chatenay.fr\/stebathilde\/wp-content\/uploads\/2023\/12\/231224-Mgr-Pizzaballa-extraits-2-1748x2048.jpg 1748w, https:\/\/paroisses-chatenay.fr\/stebathilde\/wp-content\/uploads\/2023\/12\/231224-Mgr-Pizzaballa-extraits-2-20x24.jpg 20w, https:\/\/paroisses-chatenay.fr\/stebathilde\/wp-content\/uploads\/2023\/12\/231224-Mgr-Pizzaballa-extraits-2-31x36.jpg 31w, https:\/\/paroisses-chatenay.fr\/stebathilde\/wp-content\/uploads\/2023\/12\/231224-Mgr-Pizzaballa-extraits-2-41x48.jpg 41w, https:\/\/paroisses-chatenay.fr\/stebathilde\/wp-content\/uploads\/2023\/12\/231224-Mgr-Pizzaballa-extraits-2-1320x1546.jpg 1320w, https:\/\/paroisses-chatenay.fr\/stebathilde\/wp-content\/uploads\/2023\/12\/231224-Mgr-Pizzaballa-extraits-2-400x469.jpg 400w, https:\/\/paroisses-chatenay.fr\/stebathilde\/wp-content\/uploads\/2023\/12\/231224-Mgr-Pizzaballa-extraits-2.jpg 1995w\" sizes=\"auto, (max-width: 1024px) 100vw, 1024px\" \/><\/figure>\n<\/div>\n\n\n<p class=\"has-text-align-center\"><strong>DIMANCHE  17 DECEMBRE<\/strong><\/p>\n\n\n<div class=\"wp-block-image\">\n<figure class=\"aligncenter size-large is-resized\"><img loading=\"lazy\" decoding=\"async\" width=\"1200\" height=\"875\" src=\"https:\/\/paroisses-chatenay.fr\/stebathilde\/wp-content\/uploads\/2023\/12\/231216-Priee-universelle-1200x875.jpg\" alt=\"\" class=\"wp-image-5178\" style=\"width:587px;height:auto\" srcset=\"https:\/\/paroisses-chatenay.fr\/stebathilde\/wp-content\/uploads\/2023\/12\/231216-Priee-universelle-1200x875.jpg 1200w, https:\/\/paroisses-chatenay.fr\/stebathilde\/wp-content\/uploads\/2023\/12\/231216-Priee-universelle-300x219.jpg 300w, https:\/\/paroisses-chatenay.fr\/stebathilde\/wp-content\/uploads\/2023\/12\/231216-Priee-universelle-768x560.jpg 768w, https:\/\/paroisses-chatenay.fr\/stebathilde\/wp-content\/uploads\/2023\/12\/231216-Priee-universelle-1536x1120.jpg 1536w, https:\/\/paroisses-chatenay.fr\/stebathilde\/wp-content\/uploads\/2023\/12\/231216-Priee-universelle-1320x963.jpg 1320w, https:\/\/paroisses-chatenay.fr\/stebathilde\/wp-content\/uploads\/2023\/12\/231216-Priee-universelle-24x18.jpg 24w, https:\/\/paroisses-chatenay.fr\/stebathilde\/wp-content\/uploads\/2023\/12\/231216-Priee-universelle-36x26.jpg 36w, https:\/\/paroisses-chatenay.fr\/stebathilde\/wp-content\/uploads\/2023\/12\/231216-Priee-universelle-48x35.jpg 48w, https:\/\/paroisses-chatenay.fr\/stebathilde\/wp-content\/uploads\/2023\/12\/231216-Priee-universelle-400x292.jpg 400w, https:\/\/paroisses-chatenay.fr\/stebathilde\/wp-content\/uploads\/2023\/12\/231216-Priee-universelle.jpg 1985w\" sizes=\"auto, (max-width: 1200px) 100vw, 1200px\" \/><\/figure>\n<\/div>\n\n<div class=\"wp-block-image\">\n<figure class=\"aligncenter size-large is-resized\"><img loading=\"lazy\" decoding=\"async\" width=\"1200\" height=\"447\" src=\"https:\/\/paroisses-chatenay.fr\/stebathilde\/wp-content\/uploads\/2023\/12\/Nahida-et-Samar-1-1200x447.jpg\" alt=\"\" class=\"wp-image-5186\" style=\"width:470px;height:auto\" srcset=\"https:\/\/paroisses-chatenay.fr\/stebathilde\/wp-content\/uploads\/2023\/12\/Nahida-et-Samar-1-1200x447.jpg 1200w, https:\/\/paroisses-chatenay.fr\/stebathilde\/wp-content\/uploads\/2023\/12\/Nahida-et-Samar-1-300x112.jpg 300w, https:\/\/paroisses-chatenay.fr\/stebathilde\/wp-content\/uploads\/2023\/12\/Nahida-et-Samar-1-768x286.jpg 768w, https:\/\/paroisses-chatenay.fr\/stebathilde\/wp-content\/uploads\/2023\/12\/Nahida-et-Samar-1-1536x573.jpg 1536w, https:\/\/paroisses-chatenay.fr\/stebathilde\/wp-content\/uploads\/2023\/12\/Nahida-et-Samar-1-1320x492.jpg 1320w, https:\/\/paroisses-chatenay.fr\/stebathilde\/wp-content\/uploads\/2023\/12\/Nahida-et-Samar-1-24x9.jpg 24w, https:\/\/paroisses-chatenay.fr\/stebathilde\/wp-content\/uploads\/2023\/12\/Nahida-et-Samar-1-36x13.jpg 36w, https:\/\/paroisses-chatenay.fr\/stebathilde\/wp-content\/uploads\/2023\/12\/Nahida-et-Samar-1-48x18.jpg 48w, https:\/\/paroisses-chatenay.fr\/stebathilde\/wp-content\/uploads\/2023\/12\/Nahida-et-Samar-1-400x149.jpg 400w, https:\/\/paroisses-chatenay.fr\/stebathilde\/wp-content\/uploads\/2023\/12\/Nahida-et-Samar-1.jpg 1899w\" sizes=\"auto, (max-width: 1200px) 100vw, 1200px\" \/><\/figure>\n<\/div>\n\n<div class=\"wp-block-image\">\n<figure class=\"aligncenter size-large is-resized\"><img loading=\"lazy\" decoding=\"async\" width=\"1200\" height=\"941\" src=\"https:\/\/paroisses-chatenay.fr\/stebathilde\/wp-content\/uploads\/2023\/12\/Le-13-decempbre-au-soir-a-la-paroisse-de-la-Sainte-Famille-3-1200x941.jpg\" alt=\"\" class=\"wp-image-5173\" style=\"width:713px;height:auto\" srcset=\"https:\/\/paroisses-chatenay.fr\/stebathilde\/wp-content\/uploads\/2023\/12\/Le-13-decempbre-au-soir-a-la-paroisse-de-la-Sainte-Famille-3-1200x941.jpg 1200w, https:\/\/paroisses-chatenay.fr\/stebathilde\/wp-content\/uploads\/2023\/12\/Le-13-decempbre-au-soir-a-la-paroisse-de-la-Sainte-Famille-3-300x235.jpg 300w, https:\/\/paroisses-chatenay.fr\/stebathilde\/wp-content\/uploads\/2023\/12\/Le-13-decempbre-au-soir-a-la-paroisse-de-la-Sainte-Famille-3-768x602.jpg 768w, https:\/\/paroisses-chatenay.fr\/stebathilde\/wp-content\/uploads\/2023\/12\/Le-13-decempbre-au-soir-a-la-paroisse-de-la-Sainte-Famille-3-1536x1204.jpg 1536w, https:\/\/paroisses-chatenay.fr\/stebathilde\/wp-content\/uploads\/2023\/12\/Le-13-decempbre-au-soir-a-la-paroisse-de-la-Sainte-Famille-3-1320x1035.jpg 1320w, https:\/\/paroisses-chatenay.fr\/stebathilde\/wp-content\/uploads\/2023\/12\/Le-13-decempbre-au-soir-a-la-paroisse-de-la-Sainte-Famille-3-24x19.jpg 24w, https:\/\/paroisses-chatenay.fr\/stebathilde\/wp-content\/uploads\/2023\/12\/Le-13-decempbre-au-soir-a-la-paroisse-de-la-Sainte-Famille-3-36x28.jpg 36w, https:\/\/paroisses-chatenay.fr\/stebathilde\/wp-content\/uploads\/2023\/12\/Le-13-decempbre-au-soir-a-la-paroisse-de-la-Sainte-Famille-3-48x38.jpg 48w, https:\/\/paroisses-chatenay.fr\/stebathilde\/wp-content\/uploads\/2023\/12\/Le-13-decempbre-au-soir-a-la-paroisse-de-la-Sainte-Famille-3-400x314.jpg 400w, https:\/\/paroisses-chatenay.fr\/stebathilde\/wp-content\/uploads\/2023\/12\/Le-13-decempbre-au-soir-a-la-paroisse-de-la-Sainte-Famille-3.jpg 2010w\" sizes=\"auto, (max-width: 1200px) 100vw, 1200px\" \/><\/figure>\n<\/div>\n\n\n<p class=\"has-text-align-center\"><strong>Dimanche 10 d\u00e9cembre<\/strong><\/p>\n\n\n\n<p><\/p>\n\n\n<div class=\"wp-block-image\">\n<figure class=\"aligncenter is-resized\"><img loading=\"lazy\" decoding=\"async\" width=\"1536\" height=\"2048\" src=\"https:\/\/paroisses-chatenay.fr\/stebathilde\/wp-content\/uploads\/2023\/12\/Paroisse-de-la-Sainte-Famille-et-les-explosions.jpg\" alt=\"\" class=\"wp-image-5158\" style=\"width:238px;height:auto\" srcset=\"https:\/\/paroisses-chatenay.fr\/stebathilde\/wp-content\/uploads\/2023\/12\/Paroisse-de-la-Sainte-Famille-et-les-explosions.jpg 1536w, https:\/\/paroisses-chatenay.fr\/stebathilde\/wp-content\/uploads\/2023\/12\/Paroisse-de-la-Sainte-Famille-et-les-explosions-225x300.jpg 225w, https:\/\/paroisses-chatenay.fr\/stebathilde\/wp-content\/uploads\/2023\/12\/Paroisse-de-la-Sainte-Famille-et-les-explosions-900x1200.jpg 900w, https:\/\/paroisses-chatenay.fr\/stebathilde\/wp-content\/uploads\/2023\/12\/Paroisse-de-la-Sainte-Famille-et-les-explosions-768x1024.jpg 768w, https:\/\/paroisses-chatenay.fr\/stebathilde\/wp-content\/uploads\/2023\/12\/Paroisse-de-la-Sainte-Famille-et-les-explosions-1152x1536.jpg 1152w, https:\/\/paroisses-chatenay.fr\/stebathilde\/wp-content\/uploads\/2023\/12\/Paroisse-de-la-Sainte-Famille-et-les-explosions-1320x1760.jpg 1320w, https:\/\/paroisses-chatenay.fr\/stebathilde\/wp-content\/uploads\/2023\/12\/Paroisse-de-la-Sainte-Famille-et-les-explosions-18x24.jpg 18w, https:\/\/paroisses-chatenay.fr\/stebathilde\/wp-content\/uploads\/2023\/12\/Paroisse-de-la-Sainte-Famille-et-les-explosions-27x36.jpg 27w, https:\/\/paroisses-chatenay.fr\/stebathilde\/wp-content\/uploads\/2023\/12\/Paroisse-de-la-Sainte-Famille-et-les-explosions-36x48.jpg 36w, https:\/\/paroisses-chatenay.fr\/stebathilde\/wp-content\/uploads\/2023\/12\/Paroisse-de-la-Sainte-Famille-et-les-explosions-400x533.jpg 400w\" sizes=\"auto, (max-width: 1536px) 100vw, 1536px\" \/><\/figure>\n<\/div>\n\n\n<p>En tant que br\u00e8ve mise \u00e0 jour sur le complexe paroissial de la Sainte Famille situ\u00e9 \u00e0 Zeitoun, Gaza, qui comprend l&rsquo;\u00e9glise, les installations paroissiales, l&rsquo;\u00e9cole, le jardin d&rsquo;enfants, trois couvents et deux maisons pour s&rsquo;occuper des enfants handicap\u00e9s et des personnes \u00e2g\u00e9es&nbsp;; et o\u00f9 600 personnes continuent de se r\u00e9fugier :<\/p>\n\n\n\n<p>* R\u00e9servoirs d&rsquo;eau sur le toit d\u00e9truits *Panneaux solaires d\u00e9truits<\/p>\n\n\n\n<p>* Shrapnels ciblant les b\u00e2timents environnants dans tout le complexe et les voitures endommag\u00e9es<\/p>\n\n\n\n<p>* Manque de carburant donc pas d&rsquo;\u00e9lectricit\u00e9 ni de canaux de communication stables<\/p>\n\n\n\n<p>* Manque de farine donc cuire du pain sur place tous les deux jours si vous avez de la chance<\/p>\n\n\n\n<p>* Sera tr\u00e8s bient\u00f4t \u00e0 court de nourriture, d&rsquo;eau, de m\u00e9dicaments <\/p>\n\n\n\n<p>* Et ils ne peuvent pas sortir du complexe et il est dangereux pour quiconque de s&rsquo;en approcher&nbsp;!<\/p>\n\n\n\n<p><strong>Et pour ajouter du sel sur la blessure, les \u00c9tats-Unis ont oppos\u00e9 leur veto \u00e0 une r\u00e9solution de l\u2019ONU appelant \u00e0 un cessez-le-feu humanitaire !Qu\u2019attend le monde ?S&rsquo;il vous pla\u00eet, gardez tous les habitants de Gaza dans vos pri\u00e8res<\/strong><\/p>\n\n\n\n<p><strong>Sami H. El-Yousef<\/strong><strong> Patriarcat latin de<\/strong><strong> J\u00e9rusalem<\/strong><\/p>\n\n\n\n<p>\u00ab\u00a0<\/p>\n\n\n<div class=\"wp-block-image\">\n<figure class=\"aligncenter size-full is-resized\"><img loading=\"lazy\" decoding=\"async\" width=\"822\" height=\"822\" src=\"https:\/\/paroisses-chatenay.fr\/stebathilde\/wp-content\/uploads\/2023\/12\/image-1.png\" alt=\"\" class=\"wp-image-5138\" style=\"width:388px;height:auto\" srcset=\"https:\/\/paroisses-chatenay.fr\/stebathilde\/wp-content\/uploads\/2023\/12\/image-1.png 822w, https:\/\/paroisses-chatenay.fr\/stebathilde\/wp-content\/uploads\/2023\/12\/image-1-300x300.png 300w, https:\/\/paroisses-chatenay.fr\/stebathilde\/wp-content\/uploads\/2023\/12\/image-1-150x150.png 150w, https:\/\/paroisses-chatenay.fr\/stebathilde\/wp-content\/uploads\/2023\/12\/image-1-768x768.png 768w, https:\/\/paroisses-chatenay.fr\/stebathilde\/wp-content\/uploads\/2023\/12\/image-1-600x600.png 600w, https:\/\/paroisses-chatenay.fr\/stebathilde\/wp-content\/uploads\/2023\/12\/image-1-24x24.png 24w, https:\/\/paroisses-chatenay.fr\/stebathilde\/wp-content\/uploads\/2023\/12\/image-1-36x36.png 36w, https:\/\/paroisses-chatenay.fr\/stebathilde\/wp-content\/uploads\/2023\/12\/image-1-48x48.png 48w, https:\/\/paroisses-chatenay.fr\/stebathilde\/wp-content\/uploads\/2023\/12\/image-1-400x400.png 400w\" sizes=\"auto, (max-width: 822px) 100vw, 822px\" \/><\/figure>\n<\/div>\n\n\n<p class=\"has-text-align-center\"><strong>Dimanche 3 d\u00e9cembre <\/strong><\/p>\n\n\n\n<div class=\"wp-block-cover\"><span aria-hidden=\"true\" class=\"wp-block-cover__background has-background-dim\"><\/span><img loading=\"lazy\" decoding=\"async\" width=\"1200\" height=\"1194\" class=\"wp-block-cover__image-background wp-image-5115\" alt=\"\" src=\"https:\/\/paroisses-chatenay.fr\/stebathilde\/wp-content\/uploads\/2023\/12\/image-1200x1194.png\" data-object-fit=\"cover\" srcset=\"https:\/\/paroisses-chatenay.fr\/stebathilde\/wp-content\/uploads\/2023\/12\/image-1200x1194.png 1200w, https:\/\/paroisses-chatenay.fr\/stebathilde\/wp-content\/uploads\/2023\/12\/image-300x298.png 300w, https:\/\/paroisses-chatenay.fr\/stebathilde\/wp-content\/uploads\/2023\/12\/image-150x150.png 150w, https:\/\/paroisses-chatenay.fr\/stebathilde\/wp-content\/uploads\/2023\/12\/image-768x764.png 768w, https:\/\/paroisses-chatenay.fr\/stebathilde\/wp-content\/uploads\/2023\/12\/image-1320x1313.png 1320w, https:\/\/paroisses-chatenay.fr\/stebathilde\/wp-content\/uploads\/2023\/12\/image-24x24.png 24w, https:\/\/paroisses-chatenay.fr\/stebathilde\/wp-content\/uploads\/2023\/12\/image-36x36.png 36w, https:\/\/paroisses-chatenay.fr\/stebathilde\/wp-content\/uploads\/2023\/12\/image-48x48.png 48w, https:\/\/paroisses-chatenay.fr\/stebathilde\/wp-content\/uploads\/2023\/12\/image-400x398.png 400w, https:\/\/paroisses-chatenay.fr\/stebathilde\/wp-content\/uploads\/2023\/12\/image.png 1536w\" sizes=\"auto, (max-width: 1200px) 100vw, 1200px\" \/><div class=\"wp-block-cover__inner-container is-layout-flow wp-block-cover-is-layout-flow\">\n<p class=\"has-text-align-center has-large-font-size\"><\/p>\n<\/div><\/div>\n\n\n\n<p class=\"has-text-align-center\"><strong>Une fille \u00e0 Gaza prie :<\/strong><\/p>\n\n\n\n<p class=\"has-text-align-center\"> \u00d4 Seigneur crucifi\u00e9, mon cher voisin, depuis deux mois je vis dans ta maison et j&rsquo;ai l&rsquo;honneur de t&rsquo;offrir mes pri\u00e8res, au nom de l&rsquo;\u00c9glise de la Sainte Famille, qui est devenue ma famille. Je t&rsquo;en supplie de ne pas prolonger la crucifixion de ma fi\u00e8re ville #Gaza et de mon pays #Palestine. Plut\u00f4t, pour nous nourrir bient\u00f4t de l\u2019aube de la r\u00e9surrection. En mon nom, je remercie tous ceux qui nous ont aid\u00e9.<\/p>\n\n\n\n<p class=\"has-text-align-center\"><strong>Dimanche 26 novembre<\/strong><\/p>\n\n\n\n<p class=\"has-text-align-center\"><strong>Paroisse de la Sainte Famille <\/strong><\/p>\n\n\n<div class=\"wp-block-image\">\n<figure class=\"aligncenter size-full is-resized\"><img loading=\"lazy\" decoding=\"async\" width=\"2048\" height=\"1536\" src=\"https:\/\/paroisses-chatenay.fr\/stebathilde\/wp-content\/uploads\/2023\/11\/231125-Messe-a-Gaza-405212792_1718607051883784_7996116725555672440_n-1.jpg\" alt=\"\" class=\"wp-image-5083\" style=\"width:115px;height:auto\" srcset=\"https:\/\/paroisses-chatenay.fr\/stebathilde\/wp-content\/uploads\/2023\/11\/231125-Messe-a-Gaza-405212792_1718607051883784_7996116725555672440_n-1.jpg 2048w, https:\/\/paroisses-chatenay.fr\/stebathilde\/wp-content\/uploads\/2023\/11\/231125-Messe-a-Gaza-405212792_1718607051883784_7996116725555672440_n-1-300x225.jpg 300w, https:\/\/paroisses-chatenay.fr\/stebathilde\/wp-content\/uploads\/2023\/11\/231125-Messe-a-Gaza-405212792_1718607051883784_7996116725555672440_n-1-1200x900.jpg 1200w, https:\/\/paroisses-chatenay.fr\/stebathilde\/wp-content\/uploads\/2023\/11\/231125-Messe-a-Gaza-405212792_1718607051883784_7996116725555672440_n-1-768x576.jpg 768w, https:\/\/paroisses-chatenay.fr\/stebathilde\/wp-content\/uploads\/2023\/11\/231125-Messe-a-Gaza-405212792_1718607051883784_7996116725555672440_n-1-1536x1152.jpg 1536w, https:\/\/paroisses-chatenay.fr\/stebathilde\/wp-content\/uploads\/2023\/11\/231125-Messe-a-Gaza-405212792_1718607051883784_7996116725555672440_n-1-1320x990.jpg 1320w, https:\/\/paroisses-chatenay.fr\/stebathilde\/wp-content\/uploads\/2023\/11\/231125-Messe-a-Gaza-405212792_1718607051883784_7996116725555672440_n-1-24x18.jpg 24w, https:\/\/paroisses-chatenay.fr\/stebathilde\/wp-content\/uploads\/2023\/11\/231125-Messe-a-Gaza-405212792_1718607051883784_7996116725555672440_n-1-36x27.jpg 36w, https:\/\/paroisses-chatenay.fr\/stebathilde\/wp-content\/uploads\/2023\/11\/231125-Messe-a-Gaza-405212792_1718607051883784_7996116725555672440_n-1-48x36.jpg 48w, https:\/\/paroisses-chatenay.fr\/stebathilde\/wp-content\/uploads\/2023\/11\/231125-Messe-a-Gaza-405212792_1718607051883784_7996116725555672440_n-1-400x300.jpg 400w\" sizes=\"auto, (max-width: 2048px) 100vw, 2048px\" \/><\/figure>\n<\/div>\n\n\n<p class=\"has-text-align-center\"><strong>R\u00e9flexions depuis la Terre Sainte: Cessez le feu!&nbsp;<\/strong><\/p>\n\n\n\n<p>La guerre contre Gaza dure d\u00e9j\u00e0 depuis 45 jours et les destructions et pertes humaines sont tout simplement inimaginables, laissant de nombreuses personnes dans le monde sans voix face \u00e0 l&rsquo;incroyable souffrance qui se joue sous nos yeux 24 heures sur 24 et 7 jours sur 7.<\/p>\n\n\n\n<p>Les statistiques des Nations Unies sont terrifiantes : plus de 11 000 morts et 27 500 bless\u00e9s ont \u00e9t\u00e9 recens\u00e9s, dont 70 % d&rsquo;enfants et de femmes ; 1,6 million de personnes (sur 2,3 millions, soit 70 % de la population) d\u00e9plac\u00e9es \u00e0 l&rsquo;int\u00e9rieur du pays sans dispositif ad\u00e9quat pour r\u00e9pondre \u00e0 leurs besoins fondamentaux ; la plupart des h\u00f4pitaux sont hors service en raison du manque d&rsquo;\u00e9lectricit\u00e9, de carburant et de m\u00e9dicaments ; 55 ambulances ont \u00e9t\u00e9 endommag\u00e9es ; 102 travailleurs humanitaires de l&rsquo;ONU, 200 travailleurs de la sant\u00e9 et 51 journalistes ont \u00e9t\u00e9 tu\u00e9s ; 11 boulangeries ont \u00e9t\u00e9 d\u00e9truites, obligeant les gens \u00e0 attendre entre 4 et 6 heures pour obtenir du pain dans les quelques boulangeries en activit\u00e9 ; 45 % de toutes les unit\u00e9s d&rsquo;habitation ont \u00e9t\u00e9 compl\u00e8tement ou gravement d\u00e9truites, ce qui soul\u00e8ve de s\u00e9rieuses questions quant au lendemain. La population a re\u00e7u l&rsquo;ordre d&rsquo;aller du nord au sud sans qu&rsquo;aucun programme de soutien n&rsquo;ait \u00e9t\u00e9 mis en place et est simplement laiss\u00e9e dans les rues.<\/p>\n\n\n\n<p>&nbsp;Le ministre isra\u00e9lien de la d\u00e9fense a annonc\u00e9 d\u00e8s le premier jour que Gaza serait priv\u00e9e d&rsquo;\u00e9lectricit\u00e9, de carburant, d&rsquo;eau, de nourriture et de m\u00e9dicaments. \u00c0 ce jour c&rsquo;est toujours le cas, \u00e0 l&rsquo;exception de quelques camions d&rsquo;aide en provenance d&rsquo;\u00c9gypte, mais ce qui arrive au compte-gouttes ne repr\u00e9sente pas plus de 20 % de ce que Gaza avait l&rsquo;habitude de recevoir avant la guerre. Les habitants de Gaza sont au bord de la famine, de la d\u00e9shydratation et de l&rsquo;\u00e9pid\u00e9mie en raison des milliers de corps qui pourrissent sous les d\u00e9combres, du d\u00e9but de la saison hivernale et de l&rsquo;absence d&rsquo;hygi\u00e8ne \u2013 700 personnes partageant une douche et 500 personnes partageant des toilettes ! Les histoires personnelles horribles sont nombreuses et remettent en question la responsabilit\u00e9 humanitaire de tous dans le monde, en particulier en temps de guerre.<\/p>\n\n\n\n<p>En ce qui concerne notre paroisse, environ 600 personnes ont trouv\u00e9 refuge dans le complexe eccl\u00e9siastique et c&rsquo;est une \u00e9norme responsabilit\u00e9 que de subvenir \u00e0 leurs besoins quotidiens en temps de guerre alors qu&rsquo;aucun nouveau ravitaillement n&rsquo;arrive dans le nord. L&rsquo;arm\u00e9e isra\u00e9lienne leur a demand\u00e9 d&rsquo;\u00e9vacuer vers le sud, mais les fid\u00e8les ont d\u00e9cid\u00e9 de rester dans le complexe eccl\u00e9siastique, compte tenu des histoires d&rsquo;horreur qu&rsquo;ils entendent de la part de ceux qui sont partis avant eux.<\/p>\n\n\n\n<p>La destruction d&rsquo;un b\u00e2timent du complexe de l&rsquo;\u00e9glise orthodoxe grecque voisine, o\u00f9 17 personnes ont \u00e9t\u00e9 tu\u00e9es, constitue un triste \u00e9v\u00e9nement pour notre communaut\u00e9 chr\u00e9tienne. Quatre autres chr\u00e9tiens sont morts en raison de l&rsquo;absence de services m\u00e9dicaux appropri\u00e9s. Au total, nous avons perdu 21 personnes jusqu&rsquo;\u00e0 pr\u00e9sent, ce qui repr\u00e9sente plus de 2 % de la population chr\u00e9tienne. C&rsquo;est tr\u00e8s d\u00e9vastateur pour nous tous, \u00e9tant donn\u00e9 que nous connaissions personnellement la plupart des personnes tu\u00e9es lors de nos pr\u00e9c\u00e9dentes visites et que beaucoup d&rsquo;entre elles avaient b\u00e9n\u00e9fici\u00e9 de certains programmes d&rsquo;aide et de diverses activit\u00e9s. Toutes les familles chr\u00e9tiennes ont \u00e9t\u00e9 touch\u00e9es d&rsquo;une mani\u00e8re ou d&rsquo;une autre, \u00e9tant donn\u00e9 la petite taille de la communaut\u00e9. Il a \u00e9galement \u00e9t\u00e9 rapport\u00e9 que plus de 50 familles ont vu leur maison compl\u00e8tement d\u00e9truite, sans parler des dommages caus\u00e9s \u00e0 diverses institutions chr\u00e9tiennes, notamment l&rsquo;\u00e9cole des S\u0153urs du Rosaire, l&rsquo;h\u00f4pital anglican d&rsquo;Ahli et le centre culturel orthodoxe. Les souffrances de notre petite communaut\u00e9 sont inou\u00efes, et nous n&rsquo;avons pas encore vu le pire de cette horrible guerre.<\/p>\n\n\n\n<p>L&rsquo;une des situations les plus tristes est celle de l&rsquo;ancienne organiste de l&rsquo;\u00e9glise, \u00e2g\u00e9e de 80 ans, professeur de musique \u00e0 la retraite, qui s&rsquo;\u00e9tait r\u00e9fugi\u00e9e dans l&rsquo;\u00e9glise et qui avait d\u00e9cid\u00e9 d&rsquo;aller voir ce qui se passait chez elle et d&rsquo;apporter des v\u00eatements. Elle a re\u00e7u une balle dans la jambe juste \u00e0 l&rsquo;ext\u00e9rieur de sa maison. Compte tenu des conditions de s\u00e9curit\u00e9, personne n&rsquo;a pu l&rsquo;atteindre pour l&#8217;emmener \u00e0 l&rsquo;h\u00f4pital et elle s&rsquo;est vid\u00e9e de son sang. Elle est rest\u00e9e dans la rue pendant trois jours jusqu&rsquo;\u00e0 ce que son corps soit ramass\u00e9 et enterr\u00e9 dans une fosse commune avec les derniers droits accord\u00e9s \u00e0 un musulman ! Qu&rsquo;ils reposent tous dans une paix \u00e9ternelle !<\/p>\n\n\n\n<p>En ce qui concerne la Cisjordanie, elle a \u00e9t\u00e9 fragment\u00e9e d\u00e8s le premier jour de la guerre. Les gens sont confin\u00e9s dans leur zone de r\u00e9sidence imm\u00e9diate avec des points de contr\u00f4le militaires, des barri\u00e8res de terre et de ciment coupant les routes, sans parler de l&rsquo;intensification de la violence des colons qui rend tout d\u00e9placement extr\u00eamement dangereux. Tous les emplois en Isra\u00ebl ont \u00e9t\u00e9 compl\u00e8tement perdus, de m\u00eame que les pertes massives d&#8217;emplois dues \u00e0 l&rsquo;effondrement du secteur du tourisme. Le ch\u00f4mage atteindra un niveau record. Les gens ont d\u00e9j\u00e0 commenc\u00e9 \u00e0 nous demander une aide humanitaire peu de temps apr\u00e8s le d\u00e9but de la guerre. Par ailleurs, les raids quotidiens de l&rsquo;arm\u00e9e isra\u00e9lienne ont fait plus de 200 morts en Cisjordanie. C&rsquo;est une nouvelle catastrophe qui se pr\u00e9pare et qui ne peut que s&rsquo;aggraver au fur et \u00e0 mesure que la guerre se poursuit, compte tenu des menaces prof\u00e9r\u00e9es par certains politiciens d&rsquo;extr\u00eame droite.<\/p>\n\n\n\n<p>Comme pour les crises pr\u00e9c\u00e9dentes, nous avons lanc\u00e9 un appel pour pouvoir soutenir notre peuple.<\/p>\n\n\n\n<p>\u00c0 Gaza, dans un premier temps, tous les fonds sont destin\u00e9s \u00e0 aider les membres des deux \u00e9glises et nos voisins \u00e0 subvenir \u00e0 leurs besoins quotidiens. Le reste de notre intervention sera con\u00e7u pour r\u00e9pondre aux besoins une fois que la guerre aura cess\u00e9, car on ne sait pas exactement \u00e0 quoi ressembleront Gaza et notre communaut\u00e9 chr\u00e9tienne au lendemain de la guerre. Il s&rsquo;agira certainement d&rsquo;aider nos concitoyens \u00e0 se remettre sur pied, notamment en les aidant \u00e0 r\u00e9parer les d\u00e9g\u00e2ts subis par leurs maisons, en leur apportant de l&rsquo;argent, de la nourriture et des m\u00e9dicaments, en r\u00e9tablissant le statut initial de nos institutions et, bien entendu, en menant des activit\u00e9s psychosociales et pastorales.<\/p>\n\n\n\n<p>En Cisjordanie, nous devons r\u00e9pondre \u00e0 un taux de ch\u00f4mage \u00e9lev\u00e9, d&rsquo;abord par une aide humanitaire qui a d\u00e9j\u00e0 commenc\u00e9 par la distribution de coupons alimentaires aux familles les plus touch\u00e9es. Des solutions \u00e0 plus long terme sont \u00e9galement en cours d&rsquo;\u00e9laboration, notamment des programmes de renforcement des capacit\u00e9s et d&rsquo;autonomisation visant \u00e0 cr\u00e9er des emplois et des possibilit\u00e9s de revenus. Ces solutions supposent le maintien des restrictions de voyage et doivent \u00eatre mises en \u0153uvre au niveau local, par l&rsquo;interm\u00e9diaire de nos paroisses. Par ailleurs, tous nos projets en Cisjordanie ont \u00e9t\u00e9 transform\u00e9s en possibilit\u00e9s de cr\u00e9ation d&#8217;emplois pour r\u00e9pondre \u00e0 certains besoins.<\/p>\n\n\n\n<p>Malgr\u00e9 une situation d\u00e9sesp\u00e9r\u00e9e et tr\u00e8s n\u00e9gative caract\u00e9ris\u00e9e par des destructions massives et la perte de vies innocentes, l&rsquo;\u00c9glise continue de briller en \u00e9tant en premi\u00e8re ligne pour fournir non seulement des abris et un soutien mat\u00e9riel, mais surtout des messes quotidiennes et diverses activit\u00e9s pastorales sous les bombardements et dans des conditions de guerre s\u00e9v\u00e8res. En outre, \u00e0 une \u00e9poque de forte polarisation entre les peuples, o\u00f9 les appels au meurtre, \u00e0 la vengeance et \u00e0 la haine envahissent les rues, le message chr\u00e9tien de pardon, de coexistence, de tol\u00e9rance, d&rsquo;amour et de paix ne change pas en temps de guerre. Il est essentiel que ce message continue \u00e0 guider notre soci\u00e9t\u00e9 afin que l&rsquo;on puisse trouver une voie pour aller de l&rsquo;avant et apporter la justice et la paix \u00e0 tous ceux qui consid\u00e8rent la Terre Sainte comme leur foyer. L&rsquo;humanit\u00e9 doit revenir et tous les enfants de Dieu, quelle que soit leur religion ou leur nationalit\u00e9, doivent \u00eatre trait\u00e9s avec \u00e9galit\u00e9 et dignit\u00e9. Merci de continuer \u00e0 prier pour que cette guerre prenne fin imm\u00e9diatement.<\/p>\n\n\n\n<div class=\"wp-block-group is-vertical is-layout-flex wp-container-core-group-is-layout-8cf370e7 wp-block-group-is-layout-flex\">\n<p class=\"has-text-align-right\">Sami El-Yousef<\/p>\n\n\n\n<p class=\"has-text-align-right\">Administrateur g\u00e9n\u00e9ral Patriarcat latin de J\u00e9rusalem<\/p>\n\n\n\n<p class=\"has-text-align-right\">20 Novembre 2023<\/p>\n<\/div>\n\n\n\n<p class=\"has-text-align-center\"><strong>Dimanche 19 novembre<\/strong><\/p>\n\n\n\n<p><strong>Paroisse de la Sainte Famille Gaza<\/strong><\/p>\n\n\n\n<p class=\"has-text-align-center\">Divine liturgie du soir                                                                                                                                                                                                                                                       Priez pour nous pour que la guerre se termine<\/p>\n\n\n<div class=\"wp-block-image\">\n<figure class=\"aligncenter size-full is-resized\"><img loading=\"lazy\" decoding=\"async\" width=\"960\" height=\"720\" src=\"https:\/\/paroisses-chatenay.fr\/stebathilde\/wp-content\/uploads\/2023\/11\/image.png\" alt=\"\" class=\"wp-image-5055\" style=\"width:322px;height:auto\" srcset=\"https:\/\/paroisses-chatenay.fr\/stebathilde\/wp-content\/uploads\/2023\/11\/image.png 960w, https:\/\/paroisses-chatenay.fr\/stebathilde\/wp-content\/uploads\/2023\/11\/image-300x225.png 300w, https:\/\/paroisses-chatenay.fr\/stebathilde\/wp-content\/uploads\/2023\/11\/image-768x576.png 768w, https:\/\/paroisses-chatenay.fr\/stebathilde\/wp-content\/uploads\/2023\/11\/image-24x18.png 24w, https:\/\/paroisses-chatenay.fr\/stebathilde\/wp-content\/uploads\/2023\/11\/image-36x27.png 36w, https:\/\/paroisses-chatenay.fr\/stebathilde\/wp-content\/uploads\/2023\/11\/image-48x36.png 48w, https:\/\/paroisses-chatenay.fr\/stebathilde\/wp-content\/uploads\/2023\/11\/image-400x300.png 400w\" sizes=\"auto, (max-width: 960px) 100vw, 960px\" \/><\/figure>\n<\/div>\n\n\n<p><strong>Prier avec Sabeel<\/strong><\/p>\n\n\n\n<p>Le 7 novembre, Sabeel et des organisations isra\u00e9liennes ont organis\u00e9 ensemble une veill\u00e9e silencieuse pour toutes les vies qui ont \u00e9t\u00e9 perdues depuis le 7 octobre. Des Palestiniens et des Isra\u00e9liens, dont des proches avaient \u00e9t\u00e9 tu\u00e9s ou enlev\u00e9s, ont particip\u00e9 \u00e0 cette veill\u00e9e. Et le 10 novembre, Sabeel a organis\u00e9 une rencontre \u00e0 J\u00e9rusalem pour les dirigeants des \u00c9glises et les organisations chr\u00e9tiennes de Palestine afin de voir comment r\u00e9pondre au mieux \u00e0 la situation actuelle.<\/p>\n\n\n\n<p class=\"has-text-align-center\"><em><strong>Dieu d&rsquo;inclusion, alors que nous sommes accabl\u00e9s par la souffrance qui se poursuit, nous savons qu\u2019il nous faut aussi \u00eatre courageux et que nous avons \u00e0 agir pour pouvoir \u00eatre des t\u00e9moins de Ton royaume. Seigneur, envoie ton Esprit Saint pour qu\u2019il nous aide \u00e0 agir en faveur de la justice, de la mis\u00e9ricorde, de la lib\u00e9ration et de la paix. Lorsque nous sommes menac\u00e9s par la tentation ou la peur, encourage-nous \u00e0 te suivre fid\u00e8lement et \u00e0 porter notre propre croix. Nous gardons fermement la conviction que notre foi, m\u00eame si elle est petite comme une graine de moutarde, peut d\u00e9placer des montagnes.                 Seigneur, dans ta mis\u00e9ricorde, entends notre pri\u00e8re.<\/strong><\/em><\/p>\n\n\n\n<p class=\"has-text-align-center\"><strong>Dimanche 12 novembre <\/strong><\/p>\n\n\n\n<p><strong>Paroisse de la Sainte Famille, Gaza<\/strong><\/p>\n\n\n\n<p><\/p>\n\n\n\n<p>Chaque  jour, le P\u00e8re Yusuf, responsable de la communaut\u00e9 de la paroisse de la Sainte Famille c\u00e9l\u00e8bre  trois \u00ab\u00a0Divines liturgies\u00a0\u00bb, le matin, en d\u00e9but d&rsquo;apr\u00e8s midi et le soir. Sur Face Book, on peut trouver des photos des c\u00e9l\u00e9brations et les messages du P\u00e8re Yusuf  \u00e0 l&rsquo;adresse : https:\/\/www.facebook.com\/holyfamilychurchgaza<\/p>\n\n\n\n<p><\/p>\n\n\n\n<p class=\"has-text-align-left\">\u00ab\u00a0Le pape Fran\u00e7ois appelle tous les jours pour savoir comment la communaut\u00e9 chr\u00e9tienne r\u00e9fugi\u00e9e continue \u00e0 vivre \u00e0 l&rsquo;\u00e9glise de la Sainte Famille&#8230; enfants de M\u00e8re Teresa&#8230; personnes \u00e2g\u00e9es et  bless\u00e9s, pour savoir comment \u00e9volue la situation en g\u00e9n\u00e9ral pour tous les pr\u00e9sents. Il donne  quotidiennement sa b\u00e9n\u00e9diction. Il parle au p\u00e8re Yusuf et aux religieuses et, en mettant le haut-parleur du t\u00e9l\u00e9phone, salue la communaut\u00e9 et manifeste sa proximit\u00e9, sa pri\u00e8re et sa b\u00e9n\u00e9diction&#8230; &#8230;.Continuons \u00e0 prier et \u00e0 \u0153uvrer pour la Paix. Merci Pape Fran\u00e7ois pour tout ce que vous faites et essayez de faire pour le bien de tous !\u00a0\u00bb<\/p>\n\n\n\n<p class=\"has-text-align-center\"><strong>Deux dimanches de suite, apr\u00e8s la messe dominicale, des chr\u00e9tiens de Sainte Bathilde ont rejoint la r\u00e9flexion et la pri\u00e8re de chr\u00e9tiens palestiniens.  Il nous semble difficile de poursuivre \u00e0 ce rythme. Chaque semaine nous apporterons une information sur la vie de la paroisse de la Sainte Famille \u00e0 Gaza et  une parole ou une pri\u00e8re de chr\u00e9tiens palestiniens<\/strong><\/p>\n\n\n\n<p class=\"has-text-align-center\">D<strong>imanche 5 novembre 2023<\/strong><\/p>\n\n\n\n<p><strong>R\u00e9flexion<\/strong><strong> et<\/strong>&nbsp; <strong>pri\u00e8re<\/strong><strong> de Mgr. Jamal Kader, Vicaire patriarcal latin en Jordanie<\/strong><\/p>\n\n\n\n<p>Apr\u00e8s des milliers de victimes \u00e0 Gaza, combien devra-t-il y en avoir d\u2019autres avant que le monde exige un cessez-le-feu&nbsp;?<\/p>\n\n\n\n<p>Nous en avons assez de vivre l\u2019injustice, assez des massacres commis \u00e0 Gaza, assez de l\u2019hypocrisie du monde et de son soutien direct et indirect \u00e0 la guerre contre notre peuple. Nous en avons assez des d\u00e9placements et de la famine. Nous en avons assez de surveiller le nombre des victimes\u2026 &nbsp;Ces victimes ont des visages\u2026 des noms\u2026 des familles.<\/p>\n\n\n\n<p>Les habitants de Gaza et de Palestine m\u00e9ritent de vivre une vie normale comme le reste des habitants de la terre. Ils m\u00e9ritent de profiter de la vie avec leurs enfants et de ne pas \u00eatre condamn\u00e9s \u00e0 les enterrer.<\/p>\n\n\n\n<p><strong>Prions pour Gaza, Que&nbsp; nos pri\u00e8res deviennent force et lumi\u00e8re pour nous permettre d\u2019\u0153uvrer \u00e0 l\u2019\u00e9tablissement de la v\u00e9rit\u00e9 et \u00e0 l\u2019\u00e9dification de la justice<\/strong>.<\/p>\n\n\n\n<p><em>Seigneur, dans ta mis\u00e9ricorde, entends la pri\u00e8re de Mgr Jamal Kader<\/em><\/p>\n\n\n\n<p><strong><u>Prions avec les chr\u00e9tiens des paroisses de Gaza<\/u><\/strong><\/p>\n\n\n\n<p>Alors que la bande de Gaza est toujours en proie aux bombardements isra\u00e9liens, les chr\u00e9tiens qui vivent dans cette enclave palestinienne se sont r\u00e9fugi\u00e9s dans leurs \u00e9glises y accueillant leurs voisins musulmans. Les \u00e9glises avaient refus\u00e9 de fermer leur porte, comme elles avaient refus\u00e9 de quitter le nord de la Bande de Gaza et d\u2019\u00e9migrer vers le sud.<\/p>\n\n\n\n<p>Apr\u00e8s le petit Daniel Alaa Shaheen&nbsp;<a href=\"https:\/\/fr.aleteia.org\/2023\/10\/15\/a-gaza-malgre-la-guerre-le-petit-daniel-a-recu-le-bapteme\/\" target=\"_blank\" rel=\"noreferrer noopener\">&nbsp;<\/a>dans la paroisse catholique de la Sainte-Famille, ce sont neuf enfants qui ont re\u00e7u le bapt\u00eame, dimanche 29 octobre dans la paroisse orthodoxe de Saint Porphyre,\u2026 Sacrement joyeux c\u00e9l\u00e9br\u00e9 sous les bombes.<\/p>\n\n\n\n<p>En se tournant vers le Christ, les communaut\u00e9s chr\u00e9tiennes gazaouies prouvent une fois de plus leur r\u00e9silience. Par ces bapt\u00eames elles semblent plus que jamais incarner l\u2019esp\u00e9rance.<\/p>\n\n\n\n<p><strong><em>Que ces bapt\u00eames, lueurs d\u2019esp\u00e9rance pour le futur, illuminent les c\u0153urs des communaut\u00e9s chr\u00e9tiennes de Gaza, poussi\u00e8res parmi 2 millions et demi d\u2019habitants d\u2019une enclave abandonn\u00e9e \u00e0 son propre sort.<\/em><\/strong><\/p>\n\n\n\n<p><em>&nbsp;<\/em><em>Seigneur, dans ta mis\u00e9ricorde, entends la pri\u00e8re des chr\u00e9tiens des paroisses de Gaza<\/em><\/p>\n\n\n\n<p><strong>R\u00e9flexion et<\/strong>&nbsp; <strong>pri\u00e8re de Mgr Pizzaballa, <\/strong><strong>patriarche<\/strong><strong>&nbsp; Latin de Jerusalem<\/strong><\/p>\n\n\n\n<p>&nbsp; Ce n\u2019est qu\u2019en mettant fin \u00e0 des d\u00e9cennies d\u2019occupation et de ses cons\u00e9quences tragiques, et en donnant au peuple palestinien une perspective nationale claire et s\u00fbre qu\u2019un processus de paix s\u00e9rieux pourra commencer.&nbsp;Si ce probl\u00e8me n\u2019est pas r\u00e9solu \u00e0 la racine, il n\u2019y aura jamais la stabilit\u00e9 que nous esp\u00e9rons tous.&nbsp;La trag\u00e9die de ces jours doit nous conduire tous, religieux, politiques, soci\u00e9t\u00e9 civile et communaut\u00e9 internationale, \u00e0 un engagement plus s\u00e9rieux \u00e0 cet \u00e9gard que ce qui a \u00e9t\u00e9 fait jusqu&rsquo;\u00e0 pr\u00e9sent.&nbsp;C\u2019est le seul moyen d\u2019\u00e9viter d\u2019autres trag\u00e9dies comme celle que nous vivons actuellement.&nbsp;Nous le devons aux nombreuses victimes d\u2019aujourd\u2019hui et \u00e0 celles des ann\u00e9es pass\u00e9es.&nbsp;Nous n&rsquo;avons pas le droit de confier cette t\u00e2che \u00e0 d&rsquo;autres.<\/p>\n\n\n\n<p><strong><em>\u00d4 Marie, M\u00e8re de Dieu et notre M\u00e8re, Reine de Palestine et de Terre Sainte, en ce temps d&rsquo;\u00e9preuve nous nous tournons vers vous parce que vous nous aimez et nous connaissez : aucune pr\u00e9occupation de notre c\u0153ur ne vous est cach\u00e9e.&nbsp;M\u00e8re de mis\u00e9ricorde, combien de fois nous avons connu votre vigilance et votre pr\u00e9sence paisible !&nbsp;Vous &nbsp;ne cessez de nous guider vers J\u00e9sus, le Prince de la Paix.<\/em><\/strong><\/p>\n\n\n\n<p><em>Seigneur, dans ta mis\u00e9ricorde, entends la pri\u00e8re de <\/em><em>Mgr Pizzaballa, patriarche&nbsp; Latin de J\u00e9rusalem<\/em><\/p>\n\n\n\n<p><strong><u>Prions avec Bernard Sabella et la communaut\u00e9 paroissiale de Mar Yacoub \u00e0 J\u00e9rusalem<\/u><\/strong><\/p>\n\n\n\n<p>Compte tenu du contexte et de la guerre tragique en cours \u00e0 Gaza, la question \u00e9l\u00e9mentaire est de savoir o\u00f9 allons-nous \u00e0 partir de maintenant et \u00e0 qui incombe la responsabilit\u00e9 &nbsp;de veiller \u00e0 ce qu&rsquo;un processus de paix v\u00e9ritable et r\u00e9ussi soit permis\u2026 Un processus de paix qui aboutirait \u00e0 la cr\u00e9ation d&rsquo;un \u00c9tat palestinien ici, \u00e0 c\u00f4t\u00e9 d\u2019Isra\u00ebl \u2026<\/p>\n\n\n\n<p><strong><em>\u00d4 Vierge Dame de Palestine, nous prions pour votre intercession afin d&rsquo;apporter la paix \u00e0 notre terre. Panser les blessures de ceux qui sont touch\u00e9s par la brutalit\u00e9 de la guerre et de la violence. Toucher avec votre compassion les familles de tous ceux qui ont p\u00e9ri dans cette guerre insens\u00e9e. Interc\u00e9der pour que les politiciens et les dirigeants, ici et ailleurs, s\u2019efforcent de mettre fin \u00e0 la violence et \u00e0 la guerre afin d\u2019\u00e9viter davantage de souffrances et de victimes. Nous prions pour la gu\u00e9rison dans les moments de tristesse et de d\u00e9sespoir. Nous avons confiance en votre compassion, Vierge Dame de Palestine.<\/em><\/strong><\/p>\n\n\n\n<p><em>Seigneur, dans ta mis\u00e9ricorde, entends la pri\u00e8re de la paroisse de Mar Yacoub<\/em><\/p>\n\n\n\n<p><strong>Prions \u00e0 Sainte Bathilde avec les chr\u00e9tiens palestiniens<\/strong><\/p>\n\n\n\n<p><strong>Dimanche 29 octobre 2023<\/strong><\/p>\n\n\n\n<p><strong><u>Prions avec Suhail depuis La bande de Gaza<\/u><\/strong><\/p>\n\n\n\n<p>Bonjour tout le monde, je suis Suhail Abu Dawoud, j&rsquo;ai 18 ans et je vis \u00e0 Gaza City.<\/p>\n\n\n\n<p>Aujourd&rsquo;hui dans cet article, je vais parler de ce qui se passe actuellement \u00e0 Gaza mais d&rsquo;une mani\u00e8re spirituelle et loin de la politique.<\/p>\n\n\n\n<p>Le 7 octobre, la guerre a commenc\u00e9 et les choses se sont intensifi\u00e9es sur nous, nous avons donc \u00e9t\u00e9 oblig\u00e9s de quitter nos maisons et d&rsquo;aller \u00e0 l&rsquo;\u00e9glise de la Sainte Famille (\u00c9glise catholique) dans le quartier de l&rsquo;Olive, o\u00f9 nous avons pris l&rsquo;\u00c9glise comme abri de protection pour nous et nos familles.<\/p>\n\n\n\n<p>Nous avons commenc\u00e9 \u00e0 r\u00e9citer le Rosaire quotidiennement sans interruption avant le d\u00e9but de chaque Messe Divine, sous la supervision du P\u00e8re Gabriel Romanelli et de son assistant P\u00e8re Youssef Asaad, o\u00f9 notre P\u00e8re Gabriel \u00e9tait pr\u00e9sent avec nous avec son c\u0153ur, ses pri\u00e8res et son je\u00fbne malgr\u00e9 sa distance g\u00e9ographique de nous.<\/p>\n\n\n\n<p>Chaque jour, nous prions la liturgie divine pour l&rsquo;intention de solutions de paix sur notre Terre Sainte et nous parlons toujours \u00e0 Notre Dame la Tr\u00e8s Sainte Vierge Marie \u00e0 travers le Saint Rosaire.<\/p>\n\n\n\n<p>Nous nous rendons \u00e0 l&rsquo;\u00e9glise parce que nous savons que la protection viendra de notre seul sauveur Seigneur J\u00e9sus-Christ alors nous le remercions pour toutes les b\u00e9n\u00e9dictions qu&rsquo;il nous a donn\u00e9es et qu&rsquo;il nous accorde encore dans cette p\u00e9riode<\/p>\n\n\n\n<p>Pendant notre pri\u00e8re dans la liturgie divine, nous entendons beaucoup de voix fortes venant des roquettes, o\u00f9 elles secouaient tout le lieu avec puissance et mais ces voix n&rsquo;ont pas pu \u00e9branler notre forte foi chr\u00e9tienne que nous avons prise de J\u00e9sus-Christ, nous esp\u00e9rons que cela la guerre dure prendra bient\u00f4t fin. Parce que l&rsquo;espoir chr\u00e9tien est le plus fort espoir du monde.<\/p>\n\n\n\n<p>Comme l&rsquo;a dit Saint Thomas l&rsquo;\u00c9quinoxe : il n&rsquo;y a pas de douleur sur terre que le ciel ne puisse gu\u00e9rir<\/p>\n\n\n\n<p>La foi est plus forte que la guerre.<\/p>\n\n\n\n<p><em><strong>\u00c9coute-nous, \u00f4 Dieu notre sauveur \u2020 et fais-nous suivre la lumi\u00e8re et faire la v\u00e9rit\u00e9 * pour que le monde entier t\u00e9moigne toi qui as donn\u00e9 naissance \u00e0 la lumi\u00e8re. Notre Seigneur J\u00e9sus-Christ, votre Fils, le Dieu vivant et le Propri\u00e9taire, est avec vous et le Saint-Esprit jusqu&rsquo;\u00e0 la fin des temps.<\/strong><\/em><\/p>\n\n\n\n<p><strong><em>Seigneur, dans ta mis\u00e9ricorde, entends la pri\u00e8re de Suhail<\/em><\/strong><strong><em><\/em><\/strong><\/p>\n\n\n\n<p><strong><u>Prions avec Sabeel \u00e0 Bethleem<\/u><\/strong><\/p>\n\n\n\n<p>Le 19 octobre, une frappe a\u00e9rienne isra\u00e9lienne a fait au moins 18 morts et de nombreux bless\u00e9s dans l&rsquo;enceinte de l&rsquo;\u00e9glise grecque orthodoxe Saint-Porphyre \u00e0 Gaza. Avant l&rsquo;attaque, l&rsquo;arm\u00e9e isra\u00e9lienne avait \u00e0 plusieurs reprises averti l&rsquo;\u00e9glise de l&rsquo;imminence d&rsquo;une frappe sur le secteur. Malheureusement, en raison de la poursuite des bombardements sur l&rsquo;ensemble de la bande de Gaza, ceux qui avaient cherch\u00e9 refuge \u00e0 l\u2019int\u00e9rieur de cette \u00e9glise ne voyaient aucun autre lieu o\u00f9 ils auraient pu se sentir en s\u00e9curit\u00e9. La semaine derni\u00e8re, 31 mosqu\u00e9es et 3 \u00e9glises ont \u00e9t\u00e9 endommag\u00e9es \u00e0 Gaza.<\/p>\n\n\n\n<p><em><strong>Dieu de r\u00e9silience, alors que nous pensons aux Palestiniens qui ont \u00e9t\u00e9 bombard\u00e9s dans l\u2019\u00e9glise Saint-Porphyre et que nous prions pour eux, nous voulons aussi nous souvenir de ces paroles de Saint Porphyre : \u00ab L&rsquo;amour de Dieu transforme tout. Il sanctifie, perfectionne, change la nature de toute chose \u00bb. Nous prions humblement pour tous les habitants de Gaza, et en particulier pour ceux qui ont \u00e9t\u00e9 touch\u00e9s par les \u00e9v\u00e9nements tragiques qui ont eu lieu dans cette \u00e9glise. R\u00e9conforte ceux qui pleurent, gu\u00e9ris les bless\u00e9s, et apporte la paix \u00e0 leurs c\u0153urs.<\/strong><\/em><\/p>\n\n\n\n<p><strong><em>Seigneur, dans ta mis\u00e9ricorde, entends la pri\u00e8re de Sabeel.<\/em><\/strong><\/p>\n\n\n\n<p>Alors qu&rsquo;Isra\u00ebl poursuit son assaut sur la bande de Gaza, la violence s&rsquo;intensifie aussi en Cisjordanie. Depuis le 7 octobre, au moins 89 Palestiniens y ont \u00e9t\u00e9 tu\u00e9s par les troupes isra\u00e9liennes ou par des colons, et plus de 1 100 Palestiniens ont \u00e9t\u00e9 arr\u00eat\u00e9s par l&rsquo;arm\u00e9e isra\u00e9lienne. Des Palestiniens de Cisjordanie ont aussi manifest\u00e9 contre l&rsquo;Autorit\u00e9 Palestinienne, r\u00e9v\u00e9lant ainsi la col\u00e8re palestinienne qui couve depuis longtemps contre le pr\u00e9sident Mahmoud Abbas.<\/p>\n\n\n\n<p><em><strong>Dieu \u00e9ternel, nous Te pr\u00e9sentons tous les Palestiniens de Cisjordanie qui doivent aujourd\u2019hui faire face \u00e0 une flamb\u00e9e de violence de la part des colons et de l&rsquo;arm\u00e9e isra\u00e9lienne. R\u00e9conforte les familles qui ont perdu des \u00eatres chers, et que la mort de ceux-ci soit un t\u00e9moignage de la terrible injustice de l&rsquo;occupation isra\u00e9lienne. Seigneur, accorde ta protection et ton amour aux Palestiniens de Cisjordanie en cette p\u00e9riode de t\u00e9n\u00e8bres et de mort. Nous prions pour que toute forme de corruption prenne fin, afin que la v\u00e9rit\u00e9, la justice et la paix puissent grandir.<\/strong><\/em><\/p>\n\n\n\n<p><strong><em>&nbsp;Seigneur, dans ta mis\u00e9ricorde, entends la pri\u00e8re de Sabeel<\/em><\/strong><\/p>\n\n\n\n<p><strong><u>Prions avec Mgr Pizzaballa Patriarche latin de J\u00e9rusalem<\/u><\/strong><\/p>\n\n\n\n<p>Nous traversons l\u2019une des p\u00e9riodes les plus difficiles et les plus douloureuses de notre \u00e9poque et de notre histoire r\u00e9centes.&nbsp;Depuis plus de deux semaines maintenant, nous sommes inond\u00e9s d\u2019images d\u2019horreurs, qui ont r\u00e9veill\u00e9 d\u2019anciens traumatismes, ouvert de nouvelles blessures et fait exploser en chacun de nous la douleur, la frustration et la col\u00e8re.&nbsp;Beaucoup de choses semblent parler de mort et de haine sans fin.&nbsp;Tant de \u00ab&nbsp;pourquoi&nbsp;\u00bb se chevauchent dans nos esprits, ajoutant \u00e0 notre sentiment de perplexit\u00e9.<\/p>\n\n\n\n<p><em><strong>Prions pour toutes ces victimes innocentes et pour qu\u2019advienne Justice et Paix en Isra\u00ebl Palestine.<\/strong><\/em><\/p>\n\n\n\n<p><strong><em>&nbsp;<\/em><\/strong><strong><em>Seigneur, dans ta mis\u00e9ricorde, entends la pri\u00e8re de Mgr Pizzaballa<\/em><\/strong><strong><\/strong><\/p>\n\n\n\n<p><\/p>\n","protected":false},"excerpt":{"rendered":"<p>J\u00e9rusalem &#8211; Extrait de la pri\u00e8re de Sabeel &#8211; 17 avril GAZA &#8211; Paroisse de la Sainte Famille 17 avril<\/p>\n","protected":false},"author":4,"featured_media":4996,"comment_status":"closed","ping_status":"closed","sticky":false,"template":"","format":"standard","meta":{"iawp_total_views":119,"footnotes":""},"categories":[41,46],"tags":[],"class_list":["post-4950","post","type-post","status-publish","format-standard","has-post-thumbnail","hentry","category-association","category-une-fleur-pour-la-palestine"],"_links":{"self":[{"href":"https:\/\/paroisses-chatenay.fr\/stebathilde\/wp-json\/wp\/v2\/posts\/4950","targetHints":{"allow":["GET"]}}],"collection":[{"href":"https:\/\/paroisses-chatenay.fr\/stebathilde\/wp-json\/wp\/v2\/posts"}],"about":[{"href":"https:\/\/paroisses-chatenay.fr\/stebathilde\/wp-json\/wp\/v2\/types\/post"}],"author":[{"embeddable":true,"href":"https:\/\/paroisses-chatenay.fr\/stebathilde\/wp-json\/wp\/v2\/users\/4"}],"replies":[{"embeddable":true,"href":"https:\/\/paroisses-chatenay.fr\/stebathilde\/wp-json\/wp\/v2\/comments?post=4950"}],"version-history":[{"count":105,"href":"https:\/\/paroisses-chatenay.fr\/stebathilde\/wp-json\/wp\/v2\/posts\/4950\/revisions"}],"predecessor-version":[{"id":5663,"href":"https:\/\/paroisses-chatenay.fr\/stebathilde\/wp-json\/wp\/v2\/posts\/4950\/revisions\/5663"}],"wp:featuredmedia":[{"embeddable":true,"href":"https:\/\/paroisses-chatenay.fr\/stebathilde\/wp-json\/wp\/v2\/media\/4996"}],"wp:attachment":[{"href":"https:\/\/paroisses-chatenay.fr\/stebathilde\/wp-json\/wp\/v2\/media?parent=4950"}],"wp:term":[{"taxonomy":"category","embeddable":true,"href":"https:\/\/paroisses-chatenay.fr\/stebathilde\/wp-json\/wp\/v2\/categories?post=4950"},{"taxonomy":"post_tag","embeddable":true,"href":"https:\/\/paroisses-chatenay.fr\/stebathilde\/wp-json\/wp\/v2\/tags?post=4950"}],"curies":[{"name":"wp","href":"https:\/\/api.w.org\/{rel}","templated":true}]}}