{"id":10859,"date":"2024-06-26T21:48:38","date_gmt":"2024-06-26T19:48:38","guid":{"rendered":"https:\/\/paroisses-chatenay.fr\/stgermain\/?p=10859"},"modified":"2024-06-26T21:48:41","modified_gmt":"2024-06-26T19:48:41","slug":"bilan-de-lannee-2023-2024-et-les-perspectives-2024-2025","status":"publish","type":"post","link":"https:\/\/paroisses-chatenay.fr\/stgermain\/bilan-de-lannee-2023-2024-et-les-perspectives-2024-2025\/","title":{"rendered":"Bilan de l&rsquo;ann\u00e9e 2023\/2024 et les perspectives 2024\/2025"},"content":{"rendered":"\n<p>Chers amis paroissiens,<\/p>\n\n\n\n<p>&nbsp;&nbsp;&nbsp;&nbsp;&nbsp;&nbsp;&nbsp;&nbsp;&nbsp;&nbsp;&nbsp; Nous avons rendu gr\u00e2ces \u00e0 Dieu ensemble ce matin pour cette ann\u00e9e pastorale et je remercie encore tous ceux qui en ont \u00e9t\u00e9, par l&rsquo;Esprit Saint, les ouvriers. J&rsquo;ai m\u00eame d\u00e9j\u00e0 la joie de vous annoncer ceux qui parmi vous ont accept\u00e9 de porter la charge de l&rsquo;\u00c9vangile avec moi dans l&rsquo;\u00e9quipe pastorale l&rsquo;ann\u00e9e prochaine&nbsp;: Christine et Elisabeth. Je me r\u00e9jouis d&rsquo;avance de travailler avec elles \u00e0 l&rsquo;animation de la vie pastorale de notre paroisse, un travail qui commencera d\u00e8s le 7 septembre&#8230; mais si vous vous dites comme moi que cela manque d&rsquo;hommes&#8230; la balle est dans votre camp messieurs&nbsp;! Au nom de l&rsquo;EPC donc, je voudrais relire un instant cette ann\u00e9e et indiquer quelques perspectives pour l&rsquo;ann\u00e9e prochaine.<\/p>\n\n\n\n<p>&nbsp;&nbsp;&nbsp;&nbsp;&nbsp;&nbsp;&nbsp;&nbsp;&nbsp;&nbsp;&nbsp; Comme vous le savez tous, nous avons voulu f\u00e9d\u00e9rer cette ann\u00e9e sous le fil rouge&nbsp;: \u00ab&nbsp;Allez-y dites-le, j&rsquo;attends&nbsp;\u00bb. Nous avons tent\u00e9 de vous y associer en invitant d\u00e8s le 30 septembre les responsables des diff\u00e9rents groupes paroissiaux \u00e0 \u00e9changer avec nous sur ce th\u00e8me. Ce fut une premi\u00e8re, et une rencontre tr\u00e8s sympathique, o\u00f9 certains ont pu exprimer comment ce fil rouge les inspirait. Il est vrai que c&rsquo;est plus simple, ou plus imm\u00e9diat, pour l&rsquo;accueil, le potager paroissial, ou encore Hiver Solidaire, que \u00e7a ne l&rsquo;est pour d&rsquo;autres. Mais je pense qu&rsquo;avec un peu d&rsquo;efforts, ce fil rouge peut inspirer tout le monde et donner \u00e0 nos nombreuses actions un peu d&rsquo;unit\u00e9 et de synergie. Nous t\u00e2cherons, le 7 septembre donc, de vous proposer un nouveau fil rouge qui puisse jouer pour nous le m\u00eame r\u00f4le.<\/p>\n\n\n\n<p>&nbsp;&nbsp;&nbsp;&nbsp;&nbsp;&nbsp;&nbsp;&nbsp;&nbsp;&nbsp;&nbsp; Accueillir l&rsquo;autre comme don de Dieu nous l&rsquo;avons fait chaque fois que nous accueillions pour les sacrements, pour les obs\u00e8ques, pour le cat\u00e9chisme, mais aussi pour les v\u00eatements, la nourriture, ou l&rsquo;hiver. Et bien s\u00fbr nous n&rsquo;arr\u00eaterons pas parce que le fil rouge change&#8230; Simplement, nous avons voulu donner un accent, ou une couleur, \u00e0 ces activit\u00e9s, en soulignant qu&rsquo;autrui \u00e9tait un don de Dieu, aim\u00e9 par Lui, et s\u0153ur ou fr\u00e8re en Christ&nbsp;: un moyen, voire un test, de notre fraternit\u00e9 et de notre charit\u00e9 chr\u00e9tienne. Accueillir la Cr\u00e9ation, nous le faisons \u00e0 travers le grand projet de potager paroissial, qui a d&rsquo;ailleurs permis d&rsquo;accueillir beaucoup de nouveaux visages en marge ou inconnus de nos assembl\u00e9es dominicales. Nous l&rsquo;avons aussi r\u00e9fl\u00e9chi \u00e0 travers notre TOP du 8 octobre consacr\u00e9e \u00e0 la conversion \u00e9cologique et \u00e0 celle du 10 d\u00e9cembre consacr\u00e9e \u00e0 <em>Laudate Deum<\/em> \u00e0 l&rsquo;occasion de la COP 28 de Duba\u00ef. \u00c0 chacune, des ateliers ont d\u00e9gag\u00e9 des propositions concr\u00e8tes priv\u00e9es et paroissiales&#8230; mais nous ne vous avons pas pourchass\u00e9s pour savoir ce que vous en avez fait&#8230;<\/p>\n\n\n\n<p>&nbsp;&nbsp;&nbsp;&nbsp;&nbsp;&nbsp;&nbsp;&nbsp;&nbsp;&nbsp;&nbsp; Nous avons aussi promu quelques nouveaut\u00e9s comme le groupe biblique sur le cycle des origines qui vient de se terminer, la schola, ou atelier vocal, qui s&rsquo;est produite \u00e0 une de nos messes, la veill\u00e9e de la mis\u00e9ricorde divine le 13 avril, et les diverses initiatives pour les familles. A cet \u00e9gard, je me r\u00e9jouis que nous ayons maintenant une \u00e9quipe de 4 mamans pour l&rsquo;\u00e9veil \u00e0 la foi, une nouvelle \u00e9quipe jeunes couples, ainsi qu&rsquo;une \u00e9quipe de servants et un cat\u00e9chisme qui demandent encore \u00e0 \u00eatre renforc\u00e9s. Ne croyez pas que je vais oublier ce que certains voient peut-\u00eatre comme la nouveaut\u00e9 la plus visible ou la plus exotique&nbsp;: l&rsquo;\u00ab&nbsp;\u00e9vang\u00e9lisation en sortie&nbsp;\u00bb. Je suis tent\u00e9 de vous dire que, comme le commandement de l&rsquo;amour, ce n&rsquo;est pas un commandement nouveau&nbsp;! Mais je dirais plut\u00f4t qu&rsquo;il se cherche et s&rsquo;invente de nouvelles formes selon une impulsion missionnaire particuli\u00e8rement forte dans notre dioc\u00e8se et en France. L&rsquo;initiative nationale <em>Kerygma<\/em> d&rsquo;octobre dernier a montr\u00e9 l&rsquo;inventivit\u00e9 de nos paroisses et a produit un beau livret plein d&rsquo;id\u00e9es pour annoncer l&rsquo;\u00c9vangile dans notre monde, et nous comptons nous en inspirer. Le dioc\u00e8se nous incite m\u00eame \u00e0 en faire notre rentr\u00e9e en septembre mais devant les r\u00e9sistances locales, l&rsquo;\u00e9quipe pastorale a d\u00e9cid\u00e9 de maintenir une rentr\u00e9e traditionnelle le dimanche pr\u00e9c\u00e9dent 22 septembre 2024.<\/p>\n\n\n\n<p>&nbsp;&nbsp;&nbsp;&nbsp;&nbsp;&nbsp;&nbsp;&nbsp;&nbsp;&nbsp;&nbsp; Ce qui m&rsquo;am\u00e8ne&#8230; peut-\u00eatre pensez-vous \u00ab&nbsp;enfin&nbsp;\u00bb&#8230; \u00e0 l&rsquo;ann\u00e9e prochaine. Nous chercherons avec l&rsquo;\u00e9quipe un nouveau fil rouge pour renforcer et dynamiser notre communion, et nous n&rsquo;abandonnerons pas, puisque c&rsquo;est tout simplement impossible, notre d\u00e9sir missionnaire. Nous consacrerons notre nouvel ambon avant No\u00ebl, et nous essaierons d&rsquo;accueillir au plus vite les nombreux nouveaux paroissiens de la 2\u00b0 tranche de LaVall\u00e9e, qui arrivent d\u00e8s cet \u00e9t\u00e9. Mais nous avons aussi d&rsquo;autres sollicitations.<\/p>\n\n\n\n<ul class=\"wp-block-list\">\n<li>De Rome\u00a0: l&rsquo;ann\u00e9e sainte avec plusieurs p\u00e8lerinages pr\u00e9vus\u00a0: \u00e0 Lourdes, \u00e0 ND de Paris, et&#8230; \u00e0 Rome.<\/li>\n\n\n\n<li>Du dioc\u00e8se\u00a0: le congr\u00e8s mission, les 10 rep\u00e8res pour un style synodal, les groupes de partage \u00ab\u00a0J-X vrai Dieu vrai homme\u00a0\u00bb.<\/li>\n\n\n\n<li>Des communaut\u00e9s chr\u00e9tiennes de Ch\u00e2tenay\u00a0: le projet de d\u00e9jeuners \u0153cum\u00e9niques\u00a0: typiquement accueillir l&rsquo;autre donc j&rsquo;ai d\u00e9j\u00e0 r\u00e9serv\u00e9 notre TOP du 13 octobre\u00a0!<\/li>\n\n\n\n<li>De notre propre paroisse\u00a0: les projets de caf\u00e9-parents, vous pouvez encore r\u00e9pondre au sondage, et de semaine de pri\u00e8re accompagn\u00e9e, un bel effort programm\u00e9 pour notre car\u00eame (16-23 mars).<\/li>\n<\/ul>\n\n\n\n<p>&nbsp;&nbsp;&nbsp;&nbsp;&nbsp;&nbsp;&nbsp;&nbsp;&nbsp;&nbsp;&nbsp; Bref, nous avons d\u00e9j\u00e0 beaucoup de projets, il ne nous reste plus qu&rsquo;\u00e0 avoir beaucoup d&rsquo;\u00e9nergies&nbsp;! Vous le savez, la communaut\u00e9 ce n&rsquo;est pas le pr\u00eatre, ni m\u00eame l&rsquo;\u00e9quipe pastorale, ni m\u00eame seulement les services, mouvements, et groupes. C&rsquo;est tous ceux que Dieu, par les membres de son peuple, appelle au salut. Nous sommes ses collaborateurs et ses ambassadeurs, chacun avec le charisme qu&rsquo;il a re\u00e7u, et si possible l\u00e0 o\u00f9 il contribue le mieux \u00e0 la croissance harmonieuse de l&rsquo;ensemble. Je propose de prendre maintenant un moment pour r\u00e9pondre aux questions \u00e9ventuelles ou partager un peu plus sur tel ou tel point. Merci de votre attention.<\/p>\n\n\n\n<p>&nbsp;&nbsp;&nbsp;&nbsp;&nbsp;&nbsp;&nbsp;&nbsp;&nbsp;&nbsp;&nbsp; Petite note&nbsp;: nous allons publier tr\u00e8s vite un calendrier pr\u00e9visionnel pour faciliter votre participation \u00e0 la vie paroissiale, mais notez d\u00e9j\u00e0 les fameux, dans tous les sens, bbq de l&rsquo;\u00e9t\u00e9 qui auront lieu \u00e0 SGA les 11, 18 et 25 juillet, et \u00e0 STA les jeudi d&rsquo;ao\u00fbt, toujours vers 19h30&#8230;<\/p>\n","protected":false},"excerpt":{"rendered":"<p>Chers amis paroissiens, &nbsp;&nbsp;&nbsp;&nbsp;&nbsp;&nbsp;&nbsp;&nbsp;&nbsp;&nbsp;&nbsp; Nous avons rendu gr\u00e2ces \u00e0 Dieu ensemble ce matin pour cette ann\u00e9e pastorale et je remercie encore tous ceux qui en ont \u00e9t\u00e9, par l&rsquo;Esprit Saint, les ouvriers. J&rsquo;ai m\u00eame d\u00e9j\u00e0 la joie de vous annoncer ceux qui parmi vous ont accept\u00e9 de porter la charge de l&rsquo;\u00c9vangile avec moi dans l&rsquo;\u00e9quipe pastorale l&rsquo;ann\u00e9e prochaine&nbsp;: Christine et Elisabeth. Je me r\u00e9jouis d&rsquo;avance de travailler avec elles \u00e0 l&rsquo;animation de la vie pastorale de notre paroisse, un <a class=\"more-link\" href=\"https:\/\/paroisses-chatenay.fr\/stgermain\/bilan-de-lannee-2023-2024-et-les-perspectives-2024-2025\/\">Lire plus &#8230;<\/a><\/p>\n","protected":false},"author":1,"featured_media":0,"comment_status":"closed","ping_status":"closed","sticky":false,"template":"","format":"standard","meta":{"_seopress_robots_primary_cat":"none","_seopress_titles_title":"","_seopress_titles_desc":"","_seopress_robots_index":"","jetpack_post_was_ever_published":false,"_jetpack_newsletter_access":"","_jetpack_dont_email_post_to_subs":false,"_jetpack_newsletter_tier_id":0,"_jetpack_memberships_contains_paywalled_content":false,"_jetpack_memberships_contains_paid_content":false,"footnotes":"","jetpack_publicize_message":"","jetpack_publicize_feature_enabled":true,"jetpack_social_post_already_shared":true,"jetpack_social_options":{"image_generator_settings":{"template":"highway","default_image_id":0,"font":"","enabled":false},"version":2}},"categories":[5],"tags":[],"class_list":["post-10859","post","type-post","status-publish","format-standard","hentry","category-la-paroisse-2"],"jetpack_publicize_connections":[],"jetpack_featured_media_url":"","jetpack_sharing_enabled":true,"jetpack_shortlink":"https:\/\/wp.me\/p8QOZc-2P9","jetpack_likes_enabled":true,"_links":{"self":[{"href":"https:\/\/paroisses-chatenay.fr\/stgermain\/wp-json\/wp\/v2\/posts\/10859","targetHints":{"allow":["GET"]}}],"collection":[{"href":"https:\/\/paroisses-chatenay.fr\/stgermain\/wp-json\/wp\/v2\/posts"}],"about":[{"href":"https:\/\/paroisses-chatenay.fr\/stgermain\/wp-json\/wp\/v2\/types\/post"}],"author":[{"embeddable":true,"href":"https:\/\/paroisses-chatenay.fr\/stgermain\/wp-json\/wp\/v2\/users\/1"}],"replies":[{"embeddable":true,"href":"https:\/\/paroisses-chatenay.fr\/stgermain\/wp-json\/wp\/v2\/comments?post=10859"}],"version-history":[{"count":1,"href":"https:\/\/paroisses-chatenay.fr\/stgermain\/wp-json\/wp\/v2\/posts\/10859\/revisions"}],"predecessor-version":[{"id":10862,"href":"https:\/\/paroisses-chatenay.fr\/stgermain\/wp-json\/wp\/v2\/posts\/10859\/revisions\/10862"}],"wp:attachment":[{"href":"https:\/\/paroisses-chatenay.fr\/stgermain\/wp-json\/wp\/v2\/media?parent=10859"}],"wp:term":[{"taxonomy":"category","embeddable":true,"href":"https:\/\/paroisses-chatenay.fr\/stgermain\/wp-json\/wp\/v2\/categories?post=10859"},{"taxonomy":"post_tag","embeddable":true,"href":"https:\/\/paroisses-chatenay.fr\/stgermain\/wp-json\/wp\/v2\/tags?post=10859"}],"curies":[{"name":"wp","href":"https:\/\/api.w.org\/{rel}","templated":true}]}}