{"id":12013,"date":"2025-11-15T17:08:30","date_gmt":"2025-11-15T16:08:30","guid":{"rendered":"https:\/\/paroisses-chatenay.fr\/stgermain\/?p=12013"},"modified":"2025-11-15T17:08:31","modified_gmt":"2025-11-15T16:08:31","slug":"fil-rouge-2025-2026","status":"publish","type":"post","link":"https:\/\/paroisses-chatenay.fr\/stgermain\/fil-rouge-2025-2026\/","title":{"rendered":"Le fil rouge de l&rsquo;Ann\u00e9e 2025-2026"},"content":{"rendered":"\n<p><\/p>\n\n\n\n<p>Chers paroissiens, <\/p>\n\n\n\n<p>L&rsquo;\u00e9quipe pastorale avait d\u00e9cid\u00e9 avant la rentr\u00e9e de vous consulter pour proposer un fil rouge de notre ann\u00e9e 2025-2026. Les id\u00e9es ont \u00e9t\u00e9 nombreuses, notamment au p\u00e8lerinage de rentr\u00e9e et au caf\u00e9 des responsables qui l&rsquo;a suivi. Mais un consensus assez large a pu \u00e9merger de vos retours. Il n&rsquo;a donc pas \u00e9t\u00e9 trop difficile de les synth\u00e9tiser dans le fil rouge de cette ann\u00e9e : <\/p>\n\n\n\n<p><strong>\u00ab T\u00e9moigner d&rsquo;un chemin d&rsquo;Esp\u00e9rance \u00bb<\/strong>. <\/p>\n\n\n\n<p>Ce choix a \u00e9t\u00e9 influenc\u00e9, positivement, par la d\u00e9marche encore en cours du <strong>jubil\u00e9 de l&rsquo;esp\u00e9rance<\/strong>, lanc\u00e9 par le pape Fran\u00e7ois et honor\u00e9 par son successeur. Il reconna\u00eet aussi notre souci partag\u00e9 d&rsquo;\u00eatre <strong>des t\u00e9moins du Christ<\/strong>, m\u00eame si les fa\u00e7ons de t\u00e9moigner sont diverses et encore en recherche, comme notre derni\u00e8re table ouverte sur la la\u00efcit\u00e9 l&rsquo;a encore soulign\u00e9. <\/p>\n\n\n\n<p>Nous croyons pourtant que notre chemin, qui est le Christ, est toujours ouvert et possible, m\u00eame s&rsquo;il faut parfois le chercher. Et nous esp\u00e9rons donc que chacun, et chaque service, groupe, ou mouvement, se laissera inspirer par ce fil rouge. Nous sommes impatients de d\u00e9couvrir vos chemins !<\/p>\n\n\n\n<p>Pour l&rsquo;\u00e9quipe pastorale,<strong> P\u00e8re Pierre Bourdon.<\/strong><\/p>\n","protected":false},"excerpt":{"rendered":"<p>Chers paroissiens, L&rsquo;\u00e9quipe pastorale avait d\u00e9cid\u00e9 avant la rentr\u00e9e de vous consulter pour proposer un fil rouge de notre ann\u00e9e 2025-2026. Les id\u00e9es ont \u00e9t\u00e9 nombreuses, notamment au p\u00e8lerinage de rentr\u00e9e et au caf\u00e9 des responsables qui l&rsquo;a suivi. Mais un consensus assez large a pu \u00e9merger de vos retours. Il n&rsquo;a donc pas \u00e9t\u00e9 trop difficile de les synth\u00e9tiser dans le fil rouge de cette ann\u00e9e : \u00ab T\u00e9moigner d&rsquo;un chemin d&rsquo;Esp\u00e9rance \u00bb. Ce choix a \u00e9t\u00e9 influenc\u00e9, positivement, <a class=\"more-link\" href=\"https:\/\/paroisses-chatenay.fr\/stgermain\/fil-rouge-2025-2026\/\">Lire plus &#8230;<\/a><\/p>\n","protected":false},"author":1,"featured_media":0,"comment_status":"closed","ping_status":"closed","sticky":false,"template":"","format":"standard","meta":{"_seopress_robots_primary_cat":"none","_seopress_titles_title":"","_seopress_titles_desc":"","_seopress_robots_index":"","jetpack_post_was_ever_published":false,"_jetpack_newsletter_access":"","_jetpack_dont_email_post_to_subs":false,"_jetpack_newsletter_tier_id":0,"_jetpack_memberships_contains_paywalled_content":false,"_jetpack_memberships_contains_paid_content":false,"footnotes":"","jetpack_publicize_message":"","jetpack_publicize_feature_enabled":true,"jetpack_social_post_already_shared":true,"jetpack_social_options":{"image_generator_settings":{"template":"highway","default_image_id":0,"font":"","enabled":false},"version":2}},"categories":[5],"tags":[],"class_list":["post-12013","post","type-post","status-publish","format-standard","hentry","category-la-paroisse-2"],"jetpack_publicize_connections":[],"jetpack_featured_media_url":"","jetpack_sharing_enabled":true,"jetpack_shortlink":"https:\/\/wp.me\/p8QOZc-37L","jetpack_likes_enabled":true,"_links":{"self":[{"href":"https:\/\/paroisses-chatenay.fr\/stgermain\/wp-json\/wp\/v2\/posts\/12013","targetHints":{"allow":["GET"]}}],"collection":[{"href":"https:\/\/paroisses-chatenay.fr\/stgermain\/wp-json\/wp\/v2\/posts"}],"about":[{"href":"https:\/\/paroisses-chatenay.fr\/stgermain\/wp-json\/wp\/v2\/types\/post"}],"author":[{"embeddable":true,"href":"https:\/\/paroisses-chatenay.fr\/stgermain\/wp-json\/wp\/v2\/users\/1"}],"replies":[{"embeddable":true,"href":"https:\/\/paroisses-chatenay.fr\/stgermain\/wp-json\/wp\/v2\/comments?post=12013"}],"version-history":[{"count":2,"href":"https:\/\/paroisses-chatenay.fr\/stgermain\/wp-json\/wp\/v2\/posts\/12013\/revisions"}],"predecessor-version":[{"id":12176,"href":"https:\/\/paroisses-chatenay.fr\/stgermain\/wp-json\/wp\/v2\/posts\/12013\/revisions\/12176"}],"wp:attachment":[{"href":"https:\/\/paroisses-chatenay.fr\/stgermain\/wp-json\/wp\/v2\/media?parent=12013"}],"wp:term":[{"taxonomy":"category","embeddable":true,"href":"https:\/\/paroisses-chatenay.fr\/stgermain\/wp-json\/wp\/v2\/categories?post=12013"},{"taxonomy":"post_tag","embeddable":true,"href":"https:\/\/paroisses-chatenay.fr\/stgermain\/wp-json\/wp\/v2\/tags?post=12013"}],"curies":[{"name":"wp","href":"https:\/\/api.w.org\/{rel}","templated":true}]}}