{"id":12024,"date":"2025-10-12T20:48:00","date_gmt":"2025-10-12T18:48:00","guid":{"rendered":"https:\/\/paroisses-chatenay.fr\/stgermain\/?p=12024"},"modified":"2025-10-12T20:48:03","modified_gmt":"2025-10-12T18:48:03","slug":"le-mot-du-pere-louis-seme-nkolo","status":"publish","type":"post","link":"https:\/\/paroisses-chatenay.fr\/stgermain\/le-mot-du-pere-louis-seme-nkolo\/","title":{"rendered":"Le mot du P\u00e8re Louis SEME NKOLO"},"content":{"rendered":"\n<p>\u00ab C\u2019est par la gr\u00e2ce de Dieu que je suis ce que je suis (1 Co 15, 10)\u00bb<\/p>\n\n\n\n<p>Le P\u00e8re <strong>Louis SEME NKOLO<\/strong> est pr\u00eatre dioc\u00e9sain de l\u2019Eglise catholique romaine.<\/p>\n\n\n\n<p>D\u2019origine camerounaise, il est deuxi\u00e8me d\u2019une fratrie de huit enfants, dont quatre gar\u00e7ons et quatre filles. Il discerne et m\u00fbrit sa vocation sacerdotale au grand s\u00e9minaire de Nkol-bisson apr\u00e8s l\u2019obtention du baccalaur\u00e9at tout en \u00e9tudiant \u00e0 l\u2019Universit\u00e9 Catholique d\u2019Afrique Centrale (UCAC) \u00e0 Yaound\u00e9, o\u00f9 il obtient une licence en th\u00e9ologie en 2004. Il est ordonn\u00e9 pr\u00eatre le 6 ao\u00fbt 2006 (avec pour devise d\u2019ordination 1Co 15, 10 : \u00ab<em><strong> c\u2019est par la gr\u00e2ce de Dieu que je suis ce que je suis <\/strong><\/em>\u00bb) par Monseigneur <strong>Rapha\u00ebl Marie ZE<\/strong>, pour le compte du Dioc\u00e8se de Sangm\u00e9lima, au sud du Cameroun.<\/p>\n\n\n\n<p>Apr\u00e8s quelques ann\u00e9es consacr\u00e9es \u00e0 la pastorale comme vicaire (trois ans) et comme cur\u00e9 (cinq ans) et \u00e0 la gestion des affaires financi\u00e8res de son dioc\u00e8se comme comptable et comme \u00e9conome (deux ans), il est envoy\u00e9 aux \u00e9tudes \u00e0 Paris en France. Inscrit \u00e0 l\u2019Institut Catholique de Paris, au second cycle de la facult\u00e9 de th\u00e9ologie (Theologicum) en septembre 2014, il est h\u00e9berg\u00e9 \u00e0 la paroisse <strong>Saint-Louis de Garches<\/strong>, dioc\u00e8se de Nanterre, comme pr\u00eatre \u00e9tudiant. En juillet 2016, il obtient un master en th\u00e9ologie catholique et retourne au Cameroun, o\u00f9 il est nomm\u00e9 cur\u00e9 fondateur d\u2019une paroisse en cr\u00e9ation dans son dioc\u00e8se.<\/p>\n\n\n\n<p>Deux ann\u00e9es plus tard, il est, \u00e0 nouveau, envoy\u00e9 aux \u00e9tudes \u00e0 l\u2019Institut Catholique de Paris (ICP), et il est accueilli \u00e0 la paroisse Sainte-Marie-Madeleine dans le dioc\u00e8se de Paris comme pr\u00eatre \u00e9tudiant. Inscrit au cycle des \u00e9tudes du doctorat (CED), il commence la \u00ab longue \u00bb et passionnante aventure de la r\u00e9daction d\u2019une th\u00e8se en th\u00e9ologie, option th\u00e9ologie fondamentale et dogmatique. Cinq ans plus tard, il soutiendra une th\u00e8se intitul\u00e9e : <strong>\u00ab l\u2019universel concret du Christ : principe herm\u00e9neutique de la th\u00e9ologie th\u00e9andrique chez Claude Geffr\u00e9. Pour une refondation trinitaire du sujet humain africain \u00bb.<\/strong><\/p>\n\n\n\n<p>En accord avec Monseigneur <strong>Christophe ZOA<\/strong>, Ev\u00eaque du dioc\u00e8se de Sangm\u00e9lima, Monseigneur <strong>Matthieu Roug\u00e9<\/strong>, Ev\u00eaque du dioc\u00e8se de Nanterre, a accept\u00e9 d\u2019accueillir le p\u00e8re comme Fidei Donum dans le cadre des rapports entre Eglises particuli\u00e8res. Il saisit l\u2019occasion de cette note de pr\u00e9sentation pour exprimer \u00e0 Mgr. Roug\u00e9 sa profonde et sinc\u00e8re gratitude pour sa confiance et sa paternelle sollicitude. D\u00e8s le 1er septembre 2023, le p\u00e8re <strong>Louis <\/strong>est nomm\u00e9 vicaire dans l\u2019ensemble pastoral <strong>Saint-Jean-Baptiste\/Saint-Louis-Bienheureuse Isabelle de France de Neuilly<\/strong>, pour une dur\u00e9e de trois ans. Mais au bout de deux ans, il est affect\u00e9 \u00e0 l\u2019ensemble paroissial de Ch\u00e2tenay-Malabry comme vicaire, cumulativement avec sa mission \u00e0 l\u2019Institut Catholique de Paris comme charg\u00e9 d\u2019enseignement et responsable acad\u00e9mique. Il remercie \u00e9galement le Cur\u00e9 et l\u2019ensemble sacerdotal ainsi que tout le personnel paroissial et la communaut\u00e9 tout enti\u00e8re de Ch\u00e2tenay-Malabry, pour leur accueil fraternel. Il vous assure de ses pri\u00e8res ferventes, de sa disponibilit\u00e9 \u00e0 vous servir dans la joie et compte sur le soutient spirituel et moral de tous durant son s\u00e9jour parmi vous. Puissent la tr\u00e8s sainte Vierge Marie et l\u2019intercession bienveillante de saint <strong>Louis<\/strong>, l\u2019aider \u00e0 accomplir ses missions les yeux fix\u00e9s sur le <strong>Christ <\/strong>bon Pasteur et unique Berger.<\/p>\n\n\n\n<p>Fraternellement v\u00f4tre.<br>P\u00e8re Louis <strong>SEME NKOLO<\/strong><\/p>\n","protected":false},"excerpt":{"rendered":"<p>\u00ab C\u2019est par la gr\u00e2ce de Dieu que je suis ce que je suis (1 Co 15, 10)\u00bb Le P\u00e8re Louis SEME NKOLO est pr\u00eatre dioc\u00e9sain de l\u2019Eglise catholique romaine. D\u2019origine camerounaise, il est deuxi\u00e8me d\u2019une fratrie de huit enfants, dont quatre gar\u00e7ons et quatre filles. Il discerne et m\u00fbrit sa vocation sacerdotale au grand s\u00e9minaire de Nkol-bisson apr\u00e8s l\u2019obtention du baccalaur\u00e9at tout en \u00e9tudiant \u00e0 l\u2019Universit\u00e9 Catholique d\u2019Afrique Centrale (UCAC) \u00e0 Yaound\u00e9, o\u00f9 il obtient une licence en th\u00e9ologie <a class=\"more-link\" href=\"https:\/\/paroisses-chatenay.fr\/stgermain\/le-mot-du-pere-louis-seme-nkolo\/\">Lire plus &#8230;<\/a><\/p>\n","protected":false},"author":1,"featured_media":0,"comment_status":"closed","ping_status":"closed","sticky":false,"template":"","format":"standard","meta":{"_seopress_robots_primary_cat":"none","_seopress_titles_title":"","_seopress_titles_desc":"","_seopress_robots_index":"","jetpack_post_was_ever_published":false,"_jetpack_newsletter_access":"","_jetpack_dont_email_post_to_subs":false,"_jetpack_newsletter_tier_id":0,"_jetpack_memberships_contains_paywalled_content":false,"_jetpack_memberships_contains_paid_content":false,"footnotes":"","jetpack_publicize_message":"","jetpack_publicize_feature_enabled":true,"jetpack_social_post_already_shared":true,"jetpack_social_options":{"image_generator_settings":{"template":"highway","default_image_id":0,"font":"","enabled":false},"version":2}},"categories":[5],"tags":[],"class_list":["post-12024","post","type-post","status-publish","format-standard","hentry","category-la-paroisse-2"],"jetpack_publicize_connections":[],"jetpack_featured_media_url":"","jetpack_sharing_enabled":true,"jetpack_shortlink":"https:\/\/wp.me\/p8QOZc-37W","jetpack_likes_enabled":true,"_links":{"self":[{"href":"https:\/\/paroisses-chatenay.fr\/stgermain\/wp-json\/wp\/v2\/posts\/12024","targetHints":{"allow":["GET"]}}],"collection":[{"href":"https:\/\/paroisses-chatenay.fr\/stgermain\/wp-json\/wp\/v2\/posts"}],"about":[{"href":"https:\/\/paroisses-chatenay.fr\/stgermain\/wp-json\/wp\/v2\/types\/post"}],"author":[{"embeddable":true,"href":"https:\/\/paroisses-chatenay.fr\/stgermain\/wp-json\/wp\/v2\/users\/1"}],"replies":[{"embeddable":true,"href":"https:\/\/paroisses-chatenay.fr\/stgermain\/wp-json\/wp\/v2\/comments?post=12024"}],"version-history":[{"count":1,"href":"https:\/\/paroisses-chatenay.fr\/stgermain\/wp-json\/wp\/v2\/posts\/12024\/revisions"}],"predecessor-version":[{"id":12027,"href":"https:\/\/paroisses-chatenay.fr\/stgermain\/wp-json\/wp\/v2\/posts\/12024\/revisions\/12027"}],"wp:attachment":[{"href":"https:\/\/paroisses-chatenay.fr\/stgermain\/wp-json\/wp\/v2\/media?parent=12024"}],"wp:term":[{"taxonomy":"category","embeddable":true,"href":"https:\/\/paroisses-chatenay.fr\/stgermain\/wp-json\/wp\/v2\/categories?post=12024"},{"taxonomy":"post_tag","embeddable":true,"href":"https:\/\/paroisses-chatenay.fr\/stgermain\/wp-json\/wp\/v2\/tags?post=12024"}],"curies":[{"name":"wp","href":"https:\/\/api.w.org\/{rel}","templated":true}]}}