{"id":12468,"date":"2026-03-21T11:28:41","date_gmt":"2026-03-21T10:28:41","guid":{"rendered":"https:\/\/paroisses-chatenay.fr\/stgermain\/?p=12468"},"modified":"2026-03-31T22:01:07","modified_gmt":"2026-03-31T20:01:07","slug":"semaine-sainte-et-paques-2026-les-horaires-de-nos-celebrations","status":"publish","type":"post","link":"https:\/\/paroisses-chatenay.fr\/stgermain\/semaine-sainte-et-paques-2026-les-horaires-de-nos-celebrations\/","title":{"rendered":"Semaine Sainte et P\u00e2ques 2026 : Les horaires de nos c\u00e9l\u00e9brations"},"content":{"rendered":"\n<figure class=\"wp-block-image size-large\"><img data-recalc-dims=\"1\" loading=\"lazy\" decoding=\"async\" width=\"540\" height=\"213\" data-attachment-id=\"12502\" data-permalink=\"https:\/\/paroisses-chatenay.fr\/stgermain\/semaine-sainte-et-paques-2026-les-horaires-de-nos-celebrations-3\/\" data-orig-file=\"https:\/\/i0.wp.com\/paroisses-chatenay.fr\/stgermain\/wp-content\/uploads\/2026\/03\/Semaine-Sainte-et-Paques-2026-Les-horaires-de-nos-celebrations-scaled.jpg?fit=2560%2C1006&amp;ssl=1\" data-orig-size=\"2560,1006\" data-comments-opened=\"0\" data-image-meta=\"{&quot;aperture&quot;:&quot;0&quot;,&quot;credit&quot;:&quot;&quot;,&quot;camera&quot;:&quot;&quot;,&quot;caption&quot;:&quot;&quot;,&quot;created_timestamp&quot;:&quot;0&quot;,&quot;copyright&quot;:&quot;&quot;,&quot;focal_length&quot;:&quot;0&quot;,&quot;iso&quot;:&quot;0&quot;,&quot;shutter_speed&quot;:&quot;0&quot;,&quot;title&quot;:&quot;&quot;,&quot;orientation&quot;:&quot;1&quot;}\" data-image-title=\"Semaine Sainte et Pa\u0302ques 2026 Les horaires de nos ce\u0301le\u0301brations\" data-image-description=\"\" data-image-caption=\"\" data-large-file=\"https:\/\/i0.wp.com\/paroisses-chatenay.fr\/stgermain\/wp-content\/uploads\/2026\/03\/Semaine-Sainte-et-Paques-2026-Les-horaires-de-nos-celebrations-scaled.jpg?fit=540%2C213&amp;ssl=1\" src=\"https:\/\/i0.wp.com\/paroisses-chatenay.fr\/stgermain\/wp-content\/uploads\/2026\/03\/Semaine-Sainte-et-Paques-2026-Les-horaires-de-nos-celebrations.jpg?resize=540%2C213&#038;ssl=1\" alt=\"\" class=\"wp-image-12502\" srcset=\"https:\/\/i0.wp.com\/paroisses-chatenay.fr\/stgermain\/wp-content\/uploads\/2026\/03\/Semaine-Sainte-et-Paques-2026-Les-horaires-de-nos-celebrations-scaled.jpg?resize=1024%2C403&amp;ssl=1 1024w, https:\/\/i0.wp.com\/paroisses-chatenay.fr\/stgermain\/wp-content\/uploads\/2026\/03\/Semaine-Sainte-et-Paques-2026-Les-horaires-de-nos-celebrations-scaled.jpg?resize=300%2C118&amp;ssl=1 300w, https:\/\/i0.wp.com\/paroisses-chatenay.fr\/stgermain\/wp-content\/uploads\/2026\/03\/Semaine-Sainte-et-Paques-2026-Les-horaires-de-nos-celebrations-scaled.jpg?resize=768%2C302&amp;ssl=1 768w, https:\/\/i0.wp.com\/paroisses-chatenay.fr\/stgermain\/wp-content\/uploads\/2026\/03\/Semaine-Sainte-et-Paques-2026-Les-horaires-de-nos-celebrations-scaled.jpg?resize=1536%2C604&amp;ssl=1 1536w, https:\/\/i0.wp.com\/paroisses-chatenay.fr\/stgermain\/wp-content\/uploads\/2026\/03\/Semaine-Sainte-et-Paques-2026-Les-horaires-de-nos-celebrations-scaled.jpg?resize=2048%2C805&amp;ssl=1 2048w, https:\/\/i0.wp.com\/paroisses-chatenay.fr\/stgermain\/wp-content\/uploads\/2026\/03\/Semaine-Sainte-et-Paques-2026-Les-horaires-de-nos-celebrations-scaled.jpg?w=1080&amp;ssl=1 1080w, https:\/\/i0.wp.com\/paroisses-chatenay.fr\/stgermain\/wp-content\/uploads\/2026\/03\/Semaine-Sainte-et-Paques-2026-Les-horaires-de-nos-celebrations-scaled.jpg?w=1620&amp;ssl=1 1620w\" sizes=\"auto, (max-width: 540px) 100vw, 540px\" \/><\/figure>\n\n\n\n<p data-path-to-node=\"4\">Nous vous attendons nombreux pour vivre ensemble la mont\u00e9e vers P\u00e2ques. Voici les horaires des grands offices de la Semaine Sainte\u00a0<\/p>\n<h6 class=\"p1\"><b>Jeudi Saint (2 avril) :<\/b><\/h6>\n<p class=\"p1\"><b><\/b>20h00 : C\u00e8ne du Seigneur pour les trois paroisses, \u00e0 Sophie Barat (50, rue des grillons).<\/p>\n<h6 class=\"p1\"><b>Vendredi Saint (3 avril) :<\/b> (Attention, pas de messe \u00e0 midi )<\/h6>\n<p class=\"p1\">12h30 &#8211; 13h00 : Chemin de Croix.<br \/>19h00 : C\u00e9l\u00e9bration \u0153cum\u00e9nique au temple (36 rue Jean Longuet).<br \/>21h00 : Office de la Passion pour les trois paroisses, \u00e0 Sainte-Th\u00e9r\u00e8se d&rsquo;Avila.<\/p>\n<h6 class=\"p1\"><b>Samedi Saint (4 avril) :<\/b><b><\/b><\/h6>\n<p class=\"p1\">21h30 : Vigile Pascale, au cours de laquelle nous aurons la joie de c\u00e9l\u00e9brer le bapt\u00eame des cat\u00e9chum\u00e8nes adultes.<\/p>\n<h6 class=\"p1\"><b>Dimanche de P\u00e2ques (5 avril) :<\/b><b><\/b><\/h6>\n<p class=\"p1\">10h30 : Messe du jour de P\u00e2ques avec le bapt\u00eame des enfants du cat\u00e9chisme.<\/p>\n","protected":false},"excerpt":{"rendered":"<p>Nous vous attendons nombreux pour vivre ensemble la mont\u00e9e vers P\u00e2ques. Voici les horaires des grands offices de la Semaine Sainte\u00a0 Jeudi Saint (2 avril) : 20h00 : C\u00e8ne du Seigneur pour les trois paroisses, \u00e0 Sophie Barat (50, rue des grillons). Vendredi Saint (3 avril) : (Attention, pas de messe \u00e0 midi ) 12h30 &#8211; 13h00 : Chemin de Croix.19h00 : C\u00e9l\u00e9bration \u0153cum\u00e9nique au temple (36 rue Jean Longuet).21h00 : Office de la Passion pour les trois paroisses, \u00e0 <a class=\"more-link\" href=\"https:\/\/paroisses-chatenay.fr\/stgermain\/semaine-sainte-et-paques-2026-les-horaires-de-nos-celebrations\/\">Lire plus &#8230;<\/a><\/p>\n","protected":false},"author":10,"featured_media":0,"comment_status":"closed","ping_status":"closed","sticky":false,"template":"","format":"standard","meta":{"_seopress_robots_primary_cat":"none","_seopress_titles_title":"","_seopress_titles_desc":"","_seopress_robots_index":"","jetpack_post_was_ever_published":false,"_jetpack_newsletter_access":"","_jetpack_dont_email_post_to_subs":false,"_jetpack_newsletter_tier_id":0,"_jetpack_memberships_contains_paywalled_content":false,"_jetpack_memberships_contains_paid_content":false,"footnotes":"","jetpack_publicize_message":"","jetpack_publicize_feature_enabled":true,"jetpack_social_post_already_shared":true,"jetpack_social_options":{"image_generator_settings":{"template":"highway","default_image_id":0,"font":"","enabled":false},"version":2}},"categories":[5],"tags":[],"class_list":["post-12468","post","type-post","status-publish","format-standard","hentry","category-la-paroisse-2"],"jetpack_publicize_connections":[],"jetpack_featured_media_url":"","jetpack_sharing_enabled":true,"jetpack_shortlink":"https:\/\/wp.me\/p8QOZc-3f6","jetpack_likes_enabled":true,"_links":{"self":[{"href":"https:\/\/paroisses-chatenay.fr\/stgermain\/wp-json\/wp\/v2\/posts\/12468","targetHints":{"allow":["GET"]}}],"collection":[{"href":"https:\/\/paroisses-chatenay.fr\/stgermain\/wp-json\/wp\/v2\/posts"}],"about":[{"href":"https:\/\/paroisses-chatenay.fr\/stgermain\/wp-json\/wp\/v2\/types\/post"}],"author":[{"embeddable":true,"href":"https:\/\/paroisses-chatenay.fr\/stgermain\/wp-json\/wp\/v2\/users\/10"}],"replies":[{"embeddable":true,"href":"https:\/\/paroisses-chatenay.fr\/stgermain\/wp-json\/wp\/v2\/comments?post=12468"}],"version-history":[{"count":6,"href":"https:\/\/paroisses-chatenay.fr\/stgermain\/wp-json\/wp\/v2\/posts\/12468\/revisions"}],"predecessor-version":[{"id":12831,"href":"https:\/\/paroisses-chatenay.fr\/stgermain\/wp-json\/wp\/v2\/posts\/12468\/revisions\/12831"}],"wp:attachment":[{"href":"https:\/\/paroisses-chatenay.fr\/stgermain\/wp-json\/wp\/v2\/media?parent=12468"}],"wp:term":[{"taxonomy":"category","embeddable":true,"href":"https:\/\/paroisses-chatenay.fr\/stgermain\/wp-json\/wp\/v2\/categories?post=12468"},{"taxonomy":"post_tag","embeddable":true,"href":"https:\/\/paroisses-chatenay.fr\/stgermain\/wp-json\/wp\/v2\/tags?post=12468"}],"curies":[{"name":"wp","href":"https:\/\/api.w.org\/{rel}","templated":true}]}}