{"id":12474,"date":"2026-03-21T11:40:46","date_gmt":"2026-03-21T10:40:46","guid":{"rendered":"https:\/\/paroisses-chatenay.fr\/stgermain\/?p=12474"},"modified":"2026-03-23T10:44:47","modified_gmt":"2026-03-23T09:44:47","slug":"temps-du-pardon-mercredi-25-mars-2026","status":"publish","type":"post","link":"https:\/\/paroisses-chatenay.fr\/stgermain\/temps-du-pardon-mercredi-25-mars-2026\/","title":{"rendered":"Temps du pardon: Mercredi 25 mars 2026"},"content":{"rendered":"\n<figure class=\"wp-block-image size-large\"><img data-recalc-dims=\"1\" loading=\"lazy\" decoding=\"async\" width=\"540\" height=\"456\" data-attachment-id=\"12504\" data-permalink=\"https:\/\/paroisses-chatenay.fr\/stgermain\/temps-du-pardon-mercredi-25-mars-2026-2\/\" data-orig-file=\"https:\/\/i0.wp.com\/paroisses-chatenay.fr\/stgermain\/wp-content\/uploads\/2026\/03\/Temps-du-pardon-Mercredi-25-mars-2026.jpg?fit=2048%2C1728&amp;ssl=1\" data-orig-size=\"2048,1728\" data-comments-opened=\"0\" data-image-meta=\"{&quot;aperture&quot;:&quot;0&quot;,&quot;credit&quot;:&quot;&quot;,&quot;camera&quot;:&quot;&quot;,&quot;caption&quot;:&quot;&quot;,&quot;created_timestamp&quot;:&quot;0&quot;,&quot;copyright&quot;:&quot;&quot;,&quot;focal_length&quot;:&quot;0&quot;,&quot;iso&quot;:&quot;0&quot;,&quot;shutter_speed&quot;:&quot;0&quot;,&quot;title&quot;:&quot;&quot;,&quot;orientation&quot;:&quot;1&quot;}\" data-image-title=\"Temps du pardon Mercredi 25 mars 2026\" data-image-description=\"\" data-image-caption=\"\" data-large-file=\"https:\/\/i0.wp.com\/paroisses-chatenay.fr\/stgermain\/wp-content\/uploads\/2026\/03\/Temps-du-pardon-Mercredi-25-mars-2026.jpg?fit=540%2C456&amp;ssl=1\" src=\"https:\/\/i0.wp.com\/paroisses-chatenay.fr\/stgermain\/wp-content\/uploads\/2026\/03\/Temps-du-pardon-Mercredi-25-mars-2026.jpg?resize=540%2C456&#038;ssl=1\" alt=\"\" class=\"wp-image-12504\" srcset=\"https:\/\/i0.wp.com\/paroisses-chatenay.fr\/stgermain\/wp-content\/uploads\/2026\/03\/Temps-du-pardon-Mercredi-25-mars-2026.jpg?resize=1024%2C864&amp;ssl=1 1024w, https:\/\/i0.wp.com\/paroisses-chatenay.fr\/stgermain\/wp-content\/uploads\/2026\/03\/Temps-du-pardon-Mercredi-25-mars-2026.jpg?resize=300%2C253&amp;ssl=1 300w, https:\/\/i0.wp.com\/paroisses-chatenay.fr\/stgermain\/wp-content\/uploads\/2026\/03\/Temps-du-pardon-Mercredi-25-mars-2026.jpg?resize=768%2C648&amp;ssl=1 768w, https:\/\/i0.wp.com\/paroisses-chatenay.fr\/stgermain\/wp-content\/uploads\/2026\/03\/Temps-du-pardon-Mercredi-25-mars-2026.jpg?resize=1536%2C1296&amp;ssl=1 1536w, https:\/\/i0.wp.com\/paroisses-chatenay.fr\/stgermain\/wp-content\/uploads\/2026\/03\/Temps-du-pardon-Mercredi-25-mars-2026.jpg?w=2048&amp;ssl=1 2048w, https:\/\/i0.wp.com\/paroisses-chatenay.fr\/stgermain\/wp-content\/uploads\/2026\/03\/Temps-du-pardon-Mercredi-25-mars-2026.jpg?w=1080&amp;ssl=1 1080w, https:\/\/i0.wp.com\/paroisses-chatenay.fr\/stgermain\/wp-content\/uploads\/2026\/03\/Temps-du-pardon-Mercredi-25-mars-2026.jpg?w=1620&amp;ssl=1 1620w\" sizes=\"auto, (max-width: 540px) 100vw, 540px\" \/><\/figure>\n\n\n\n<p>Avant d&rsquo;entrer dans la Semaine Sainte, l&rsquo;\u00e9quipe pastorale nous invite \u00e0 faire l&rsquo;exp\u00e9rience de la mis\u00e9ricorde de Dieu d&rsquo;une mani\u00e8re renouvel\u00e9e. Ce \u00ab Temps du pardon \u00bb est pens\u00e9 comme un espace de rencontre (avec soi, avec Dieu et avec le prochain) que chacun peut parcourir \u00e0 son propre rythme.<\/p>\n\n\n\n<p>C&rsquo;est une occasion privil\u00e9gi\u00e9e pour :<\/p>\n\n\n\n<ul class=\"wp-block-list\">\n<li>Prendre un temps de pri\u00e8re et de contemplation.<\/li>\n\n\n\n<li>Dialoguer ou recevoir le pardon sacramentel, si vous le d\u00e9sirez.<\/li>\n<\/ul>\n\n\n\n<h6><strong>Informations pratiques :<\/strong><\/h6>\n\n\n\n<ul class=\"wp-block-list\">\n<li><strong>Date et heure :<\/strong> Mercredi 25 mars, en acc\u00e8s libre de 16h00 \u00e0 21h30.<\/li>\n\n\n\n<li><strong>Lieu :<\/strong> Dans l&rsquo;\u00e9glise.<\/li>\n\n\n\n<li><strong>Pour qui :<\/strong> Ouvert \u00e0 tous les \u00e2ges. \u00ab Venez et vous verrez. \u00bb <\/li>\n<\/ul>\n","protected":false},"excerpt":{"rendered":"<p>Avant d&rsquo;entrer dans la Semaine Sainte, l&rsquo;\u00e9quipe pastorale nous invite \u00e0 faire l&rsquo;exp\u00e9rience de la mis\u00e9ricorde de Dieu d&rsquo;une mani\u00e8re renouvel\u00e9e. Ce \u00ab Temps du pardon \u00bb est pens\u00e9 comme un espace de rencontre (avec soi, avec Dieu et avec le prochain) que chacun peut parcourir \u00e0 son propre rythme. C&rsquo;est une occasion privil\u00e9gi\u00e9e pour : Informations pratiques :<\/p>\n","protected":false},"author":10,"featured_media":0,"comment_status":"closed","ping_status":"closed","sticky":false,"template":"","format":"standard","meta":{"_seopress_robots_primary_cat":"none","_seopress_titles_title":"","_seopress_titles_desc":"","_seopress_robots_index":"","jetpack_post_was_ever_published":false,"_jetpack_newsletter_access":"","_jetpack_dont_email_post_to_subs":false,"_jetpack_newsletter_tier_id":0,"_jetpack_memberships_contains_paywalled_content":false,"_jetpack_memberships_contains_paid_content":false,"footnotes":"","jetpack_publicize_message":"","jetpack_publicize_feature_enabled":true,"jetpack_social_post_already_shared":true,"jetpack_social_options":{"image_generator_settings":{"template":"highway","default_image_id":0,"font":"","enabled":false},"version":2}},"categories":[5],"tags":[],"class_list":["post-12474","post","type-post","status-publish","format-standard","hentry","category-la-paroisse-2"],"jetpack_publicize_connections":[],"jetpack_featured_media_url":"","jetpack_sharing_enabled":true,"jetpack_shortlink":"https:\/\/wp.me\/p8QOZc-3fc","jetpack_likes_enabled":true,"_links":{"self":[{"href":"https:\/\/paroisses-chatenay.fr\/stgermain\/wp-json\/wp\/v2\/posts\/12474","targetHints":{"allow":["GET"]}}],"collection":[{"href":"https:\/\/paroisses-chatenay.fr\/stgermain\/wp-json\/wp\/v2\/posts"}],"about":[{"href":"https:\/\/paroisses-chatenay.fr\/stgermain\/wp-json\/wp\/v2\/types\/post"}],"author":[{"embeddable":true,"href":"https:\/\/paroisses-chatenay.fr\/stgermain\/wp-json\/wp\/v2\/users\/10"}],"replies":[{"embeddable":true,"href":"https:\/\/paroisses-chatenay.fr\/stgermain\/wp-json\/wp\/v2\/comments?post=12474"}],"version-history":[{"count":4,"href":"https:\/\/paroisses-chatenay.fr\/stgermain\/wp-json\/wp\/v2\/posts\/12474\/revisions"}],"predecessor-version":[{"id":12517,"href":"https:\/\/paroisses-chatenay.fr\/stgermain\/wp-json\/wp\/v2\/posts\/12474\/revisions\/12517"}],"wp:attachment":[{"href":"https:\/\/paroisses-chatenay.fr\/stgermain\/wp-json\/wp\/v2\/media?parent=12474"}],"wp:term":[{"taxonomy":"category","embeddable":true,"href":"https:\/\/paroisses-chatenay.fr\/stgermain\/wp-json\/wp\/v2\/categories?post=12474"},{"taxonomy":"post_tag","embeddable":true,"href":"https:\/\/paroisses-chatenay.fr\/stgermain\/wp-json\/wp\/v2\/tags?post=12474"}],"curies":[{"name":"wp","href":"https:\/\/api.w.org\/{rel}","templated":true}]}}