{"id":1654,"date":"2017-11-15T18:34:47","date_gmt":"2017-11-15T17:34:47","guid":{"rendered":"http:\/\/www.paroisses-chatenay.fr\/stgermain\/?p=1654"},"modified":"2019-03-05T10:33:05","modified_gmt":"2019-03-05T09:33:05","slug":"1654-2","status":"publish","type":"post","link":"https:\/\/paroisses-chatenay.fr\/stgermain\/1654-2\/","title":{"rendered":"Jeudi 30 novembre (20H30) : Le r\u00f4le et l\u2019avenir des chr\u00e9tiens d\u2019Orient (Conf\u00e9rence)"},"content":{"rendered":"<p>Les conf\u00e9rences reprennent \u00e0 la paroisse Saint-Pierre-Saint-Paul de Fontenay-aux-Roses !<\/p>\n<p>La premi\u00e8re soir\u00e9e de cette ann\u00e9e 2017-2018 sera consacr\u00e9e, le jeudi 30 novembre prochain, aux Chr\u00e9tiens d\u2019Orient (voir affichette en pi\u00e8ce jointe).<\/p>\n<p>La guerre en Syrie et en Irak, les tensions au Liban, en Egypte, en Turquie ont consid\u00e9rablement r\u00e9duit le nombre de ces chr\u00e9tiens implant\u00e9s en Orient depuis 2000 ans : maronites, melkites, syriaques, coptes, assyriens, chald\u00e9ens, arm\u00e9niens\u2026<\/p>\n<p>Le conf\u00e9rencier sera <strong>Antoine FLEYFEL<\/strong>, de l\u2019\u0152uvre d\u2019Orient. Ce th\u00e9ologien d\u2019origine libanaise enseigne \u00e0 la Catho de Lille.<\/p>\n<p>Quel avenir encore pour les chr\u00e9tiens en Orient ? Quelle vocation sp\u00e9cifique face \u00e0 l\u2019Islam ?<\/p>\n<p>Jeudi 30 novembre (20H30),\u00a0\u00e0 l\u2019Espace paroissial Paoli, 7 rue du capitaine Paoli, FONTENAY-AUX-ROSES.<\/p>\n<p>Flyer :\u00a0<a href=\"http:\/\/www.paroisses-chatenay.fr\/stgermain\/wp-content\/uploads\/2017\/11\/1711-FLYER-Fontenay-aux-Roses-A3.pdf\" target=\"_blank\" rel=\"noopener noreferrer\">1711 FLYER Fontenay aux Roses A3<\/a><\/p>\n<p>L&rsquo;Oeuvre d\u2019Orient &#8211;\u00a0 01 45 48 54 46 &#8211;\u00a0\u00a0<a href=\"http:\/\/www.oeuvre-orient.fr\" target=\"_blank\" rel=\"noopener noreferrer\">www.oeuvre-orient.fr<\/a><\/p>\n","protected":false},"excerpt":{"rendered":"<p>Les conf\u00e9rences reprennent \u00e0 la paroisse Saint-Pierre-Saint-Paul de Fontenay-aux-Roses ! La premi\u00e8re soir\u00e9e de cette ann\u00e9e 2017-2018 sera consacr\u00e9e, le jeudi 30 novembre prochain, aux Chr\u00e9tiens d\u2019Orient (voir affichette en pi\u00e8ce jointe). La guerre en Syrie et en Irak, les tensions au Liban, en Egypte, en Turquie ont consid\u00e9rablement r\u00e9duit le nombre de ces chr\u00e9tiens implant\u00e9s en Orient depuis 2000 ans : maronites, melkites, syriaques, coptes, assyriens, chald\u00e9ens, arm\u00e9niens\u2026 Le conf\u00e9rencier sera Antoine FLEYFEL, de l\u2019\u0152uvre d\u2019Orient. Ce th\u00e9ologien d\u2019origine <a class=\"more-link\" href=\"https:\/\/paroisses-chatenay.fr\/stgermain\/1654-2\/\">Lire plus &#8230;<\/a><\/p>\n","protected":false},"author":1,"featured_media":0,"comment_status":"closed","ping_status":"closed","sticky":false,"template":"","format":"standard","meta":{"_seopress_robots_primary_cat":"","_seopress_titles_title":"","_seopress_titles_desc":"","_seopress_robots_index":"","jetpack_post_was_ever_published":false,"_jetpack_newsletter_access":"","_jetpack_dont_email_post_to_subs":false,"_jetpack_newsletter_tier_id":0,"_jetpack_memberships_contains_paywalled_content":false,"_jetpack_memberships_contains_paid_content":false,"footnotes":"","jetpack_publicize_message":"","jetpack_publicize_feature_enabled":true,"jetpack_social_post_already_shared":false,"jetpack_social_options":{"image_generator_settings":{"template":"highway","default_image_id":0,"font":"","enabled":false},"version":2}},"categories":[14],"tags":[],"class_list":["post-1654","post","type-post","status-publish","format-standard","hentry","category-conferences"],"jetpack_publicize_connections":[],"jetpack_featured_media_url":"","jetpack_sharing_enabled":true,"jetpack_shortlink":"https:\/\/wp.me\/p8QOZc-qG","jetpack_likes_enabled":true,"_links":{"self":[{"href":"https:\/\/paroisses-chatenay.fr\/stgermain\/wp-json\/wp\/v2\/posts\/1654","targetHints":{"allow":["GET"]}}],"collection":[{"href":"https:\/\/paroisses-chatenay.fr\/stgermain\/wp-json\/wp\/v2\/posts"}],"about":[{"href":"https:\/\/paroisses-chatenay.fr\/stgermain\/wp-json\/wp\/v2\/types\/post"}],"author":[{"embeddable":true,"href":"https:\/\/paroisses-chatenay.fr\/stgermain\/wp-json\/wp\/v2\/users\/1"}],"replies":[{"embeddable":true,"href":"https:\/\/paroisses-chatenay.fr\/stgermain\/wp-json\/wp\/v2\/comments?post=1654"}],"version-history":[{"count":7,"href":"https:\/\/paroisses-chatenay.fr\/stgermain\/wp-json\/wp\/v2\/posts\/1654\/revisions"}],"predecessor-version":[{"id":3795,"href":"https:\/\/paroisses-chatenay.fr\/stgermain\/wp-json\/wp\/v2\/posts\/1654\/revisions\/3795"}],"wp:attachment":[{"href":"https:\/\/paroisses-chatenay.fr\/stgermain\/wp-json\/wp\/v2\/media?parent=1654"}],"wp:term":[{"taxonomy":"category","embeddable":true,"href":"https:\/\/paroisses-chatenay.fr\/stgermain\/wp-json\/wp\/v2\/categories?post=1654"},{"taxonomy":"post_tag","embeddable":true,"href":"https:\/\/paroisses-chatenay.fr\/stgermain\/wp-json\/wp\/v2\/tags?post=1654"}],"curies":[{"name":"wp","href":"https:\/\/api.w.org\/{rel}","templated":true}]}}