{"id":1699,"date":"2017-11-24T23:49:56","date_gmt":"2017-11-24T22:49:56","guid":{"rendered":"http:\/\/www.paroisses-chatenay.fr\/stgermain\/?p=1699"},"modified":"2019-03-09T18:40:20","modified_gmt":"2019-03-09T17:40:20","slug":"chantiers-du-cardinal-quete-des-2-et-3-decembre-2017","status":"publish","type":"post","link":"https:\/\/paroisses-chatenay.fr\/stgermain\/chantiers-du-cardinal-quete-des-2-et-3-decembre-2017\/","title":{"rendered":"Chantiers du Cardinal \u2013 Qu\u00eate des 2 et 3 d\u00e9cembre 2017"},"content":{"rendered":"<p>Comme chaque ann\u00e9e au d\u00e9but de l&rsquo;Avent une qu\u00eate, faite en sortie de messe, est destin\u00e9e aux Chantiers du Cardinal.<\/p>\n<p>Cette structure, type ONG, a pour mission de construire et de r\u00e9nover des lieux de culte (\u00e9glises mais aussi tout lieu de rassemblements autour de J\u00e9sus, comme les salles paroissiales) en Ile-de-France, r\u00e9gion o\u00f9 la mobilit\u00e9 de la population est tr\u00e8s forte.<\/p>\n<p>Ainsi pr\u00e8s de Ch\u00e2tenay-Malabry, nous pouvons citer l\u2019\u00e9glise des Blagis, o\u00f9 des travaux sont en cours pour renforcer l&rsquo;isolation humide dans les structures hautes ; mais aussi le futur centre Theillard de Chardin sur le plateau de Saclay o\u00f9 s&rsquo;installent nombre de centres scientifiques et plus de nous, l\u2019\u00e9glise de Meudon-la-For\u00eat, actuellement ferm\u00e9e car la toiture menace de s&rsquo;effondrer.<\/p>\n<p>Merci \u00e0 tous ceux qui contribuent \u00e0 l&rsquo;entretien de ces b\u00e2timents consacr\u00e9s, o\u00f9 l&rsquo;on \u00e9coute le message de <span style=\"color: #800000;\"><strong>J\u00e9sus<\/strong><\/span>.<\/p>\n","protected":false},"excerpt":{"rendered":"<p>Comme chaque ann\u00e9e au d\u00e9but de l&rsquo;Avent une qu\u00eate, faite en sortie de messe, est destin\u00e9e aux Chantiers du Cardinal. Cette structure, type ONG, a pour mission de construire et de r\u00e9nover des lieux de culte (\u00e9glises mais aussi tout lieu de rassemblements autour de J\u00e9sus, comme les salles paroissiales) en Ile-de-France, r\u00e9gion o\u00f9 la mobilit\u00e9 de la population est tr\u00e8s forte. Ainsi pr\u00e8s de Ch\u00e2tenay-Malabry, nous pouvons citer l\u2019\u00e9glise des Blagis, o\u00f9 des travaux sont en cours pour renforcer <a class=\"more-link\" href=\"https:\/\/paroisses-chatenay.fr\/stgermain\/chantiers-du-cardinal-quete-des-2-et-3-decembre-2017\/\">Lire plus &#8230;<\/a><\/p>\n","protected":false},"author":1,"featured_media":0,"comment_status":"closed","ping_status":"closed","sticky":false,"template":"","format":"standard","meta":{"_seopress_robots_primary_cat":"none","_seopress_titles_title":"","_seopress_titles_desc":"","_seopress_robots_index":"","jetpack_post_was_ever_published":false,"_jetpack_newsletter_access":"","_jetpack_dont_email_post_to_subs":false,"_jetpack_newsletter_tier_id":0,"_jetpack_memberships_contains_paywalled_content":false,"_jetpack_memberships_contains_paid_content":false,"footnotes":"","jetpack_publicize_message":"","jetpack_publicize_feature_enabled":true,"jetpack_social_post_already_shared":false,"jetpack_social_options":{"image_generator_settings":{"template":"highway","default_image_id":0,"font":"","enabled":false},"version":2}},"categories":[58],"tags":[],"class_list":["post-1699","post","type-post","status-publish","format-standard","hentry","category-chantiers-du-cardinal"],"jetpack_publicize_connections":[],"jetpack_featured_media_url":"","jetpack_sharing_enabled":true,"jetpack_shortlink":"https:\/\/wp.me\/p8QOZc-rp","jetpack_likes_enabled":true,"_links":{"self":[{"href":"https:\/\/paroisses-chatenay.fr\/stgermain\/wp-json\/wp\/v2\/posts\/1699","targetHints":{"allow":["GET"]}}],"collection":[{"href":"https:\/\/paroisses-chatenay.fr\/stgermain\/wp-json\/wp\/v2\/posts"}],"about":[{"href":"https:\/\/paroisses-chatenay.fr\/stgermain\/wp-json\/wp\/v2\/types\/post"}],"author":[{"embeddable":true,"href":"https:\/\/paroisses-chatenay.fr\/stgermain\/wp-json\/wp\/v2\/users\/1"}],"replies":[{"embeddable":true,"href":"https:\/\/paroisses-chatenay.fr\/stgermain\/wp-json\/wp\/v2\/comments?post=1699"}],"version-history":[{"count":1,"href":"https:\/\/paroisses-chatenay.fr\/stgermain\/wp-json\/wp\/v2\/posts\/1699\/revisions"}],"predecessor-version":[{"id":1701,"href":"https:\/\/paroisses-chatenay.fr\/stgermain\/wp-json\/wp\/v2\/posts\/1699\/revisions\/1701"}],"wp:attachment":[{"href":"https:\/\/paroisses-chatenay.fr\/stgermain\/wp-json\/wp\/v2\/media?parent=1699"}],"wp:term":[{"taxonomy":"category","embeddable":true,"href":"https:\/\/paroisses-chatenay.fr\/stgermain\/wp-json\/wp\/v2\/categories?post=1699"},{"taxonomy":"post_tag","embeddable":true,"href":"https:\/\/paroisses-chatenay.fr\/stgermain\/wp-json\/wp\/v2\/tags?post=1699"}],"curies":[{"name":"wp","href":"https:\/\/api.w.org\/{rel}","templated":true}]}}