{"id":1751,"date":"2017-12-11T21:18:03","date_gmt":"2017-12-11T20:18:03","guid":{"rendered":"http:\/\/www.paroisses-chatenay.fr\/stgermain\/?p=1751"},"modified":"2019-03-05T10:32:42","modified_gmt":"2019-03-05T09:32:42","slug":"le-mot-du-cure-novembre-decembre2017","status":"publish","type":"post","link":"https:\/\/paroisses-chatenay.fr\/stgermain\/le-mot-du-cure-novembre-decembre2017\/","title":{"rendered":"Le mot du cur\u00e9"},"content":{"rendered":"<p><span style=\"font-size: 1.5rem;\">\u00abN\u2019aimons pas en paroles, mais par des actes \u00bb : c\u2019est le th\u00e8me du message du Pape <strong>Fran\u00e7ois<\/strong>, publi\u00e9 \u00e0 l&rsquo;occasion de la premi\u00e8re Journ\u00e9e mondiale des Pauvres, qui se tiendr<\/span><span style=\"font-size: 1.5rem;\">a le 19 novembre prochain, 33e dimanche du Temps Ordinaire, avant la Solennit\u00e9 du Christ-Roi.<\/span><\/p>\n<p>Cette journ\u00e9e a \u00e9t\u00e9 institu\u00e9e par le Pape lui-m\u00eame, au terme du Jubil\u00e9 de la Mis\u00e9ricorde, \u00ab pour que les communaut\u00e9s chr\u00e9tiennes deviennent toujours davantage signe concret de la charit\u00e9 pour les derniers et ceux qui sont le plus dans le besoin \u00bb.<\/p>\n<p>Dans ce message, le pape <strong>Fran\u00e7ois<\/strong> exhorte avec force l\u2019\u00c9glise \u00e0 entendre le cri des pauvres, \u00e0 cr\u00e9er les conditions d\u2019une rencontre \u00ab authentique \u00bb avec eux et d\u2019un partage qui devienne \u00ab style de vie \u00bb.<\/p>\n<p>Je partage ici avec vous quelques extraits qui m&rsquo;ont bien plu :<br \/>\n\u00ab Dieu a cr\u00e9\u00e9 le ciel et la terre pour tous, ce sont les hommes, malheureusement, qui ont cr\u00e9\u00e9 les fronti\u00e8res, les murs et les cl\u00f4tures. (&#8230;)<\/p>\n<p>La pauvret\u00e9 (\u2026) nous interpelle chaque jour par ses mille visages marqu\u00e9s par la douleur, par la marginalisation, par l\u2019abus, par la violence, par les tortures et par l\u2019emprisonnement, par la guerre, par la privation de la libert\u00e9 et de la dignit\u00e9, par l\u2019ignorance et par l\u2019analphab\u00e9tisme, par l\u2019urgence sanitaire et par le manque de travail, par les traites et par les esclavages, par l\u2019exil et par la mis\u00e8re, par la migration forc\u00e9e. La pauvret\u00e9 a le visage de femmes, d\u2019hommes et d\u2019enfants exploit\u00e9s pour de vils int\u00e9r\u00eats, pi\u00e9tin\u00e9s par des logiques perverses du pouvoir et de l\u2019argent. (\u2026)<\/p>\n<p>Ne pensons pas aux pauvres uniquement comme destinataires d\u2019une bonne action de volontariat \u00e0 faire une fois la semaine, ou encore moins de gestes improvis\u00e9s de bonne volont\u00e9 pour apaiser notre conscience. (\u2026).<\/p>\n<p>\u00c0 la base des nombreuses initiatives qui peuvent se r\u00e9aliser lors de cette Journ\u00e9e, qu\u2019il y ait toujours la pri\u00e8re. N\u2019oublions pas que le <strong>Notre<\/strong> <span style=\"color: #993300;\"><strong>P\u00e8re<\/strong> <\/span>est la pri\u00e8re des pauvres.<\/p>\n<p>La demande du pain, en effet, exprime la confiance en <strong><span style=\"color: #993300;\">Dieu<\/span> <\/strong>pour les besoins primaires de notre vie. Le Notre <span style=\"color: #993300;\"><strong>P\u00e8re<\/strong> <\/span>est une pri\u00e8re qui s\u2019exprime au pluriel : le pain demand\u00e9 est \u00ab n\u00f4tre \u00bb, et cela comporte partage, participation et responsabilit\u00e9 commune. Dans cette pri\u00e8re, nous reconnaissons tous l\u2019exigence de surmonter toute forme d\u2019\u00e9go\u00efsme pour acc\u00e9der \u00e0 la joie de l\u2019accueil r\u00e9ciproque. \u00bb<\/p>\n<p>\u00c0 chacun de nous et ensemble, dans chacune des paroisses, et en lien avec des associations qui \u0153uvrent dans le domaine de la solidarit\u00e9, de poursuivre en acte et en v\u00e9rit\u00e9 ce que nous rappelle le pape <strong>Fran\u00e7ois<\/strong>.<\/p>\n<p>P\u00e8re <strong>Didier<\/strong> <strong>Rapin<\/strong><\/p>\n","protected":false},"excerpt":{"rendered":"<p>\u00abN\u2019aimons pas en paroles, mais par des actes \u00bb : c\u2019est le th\u00e8me du message du Pape Fran\u00e7ois, publi\u00e9 \u00e0 l&rsquo;occasion de la premi\u00e8re Journ\u00e9e mondiale des Pauvres, qui se tiendra le 19 novembre prochain, 33e dimanche du Temps Ordinaire, avant la Solennit\u00e9 du Christ-Roi. Cette journ\u00e9e a \u00e9t\u00e9 institu\u00e9e par le Pape lui-m\u00eame, au terme du Jubil\u00e9 de la Mis\u00e9ricorde, \u00ab pour que les communaut\u00e9s chr\u00e9tiennes deviennent toujours davantage signe concret de la charit\u00e9 pour les derniers et ceux <a class=\"more-link\" href=\"https:\/\/paroisses-chatenay.fr\/stgermain\/le-mot-du-cure-novembre-decembre2017\/\">Lire plus &#8230;<\/a><\/p>\n","protected":false},"author":1,"featured_media":1348,"comment_status":"closed","ping_status":"closed","sticky":false,"template":"","format":"standard","meta":{"_seopress_robots_primary_cat":"","_seopress_titles_title":"","_seopress_titles_desc":"","_seopress_robots_index":"","jetpack_post_was_ever_published":false,"_jetpack_newsletter_access":"","_jetpack_dont_email_post_to_subs":false,"_jetpack_newsletter_tier_id":0,"_jetpack_memberships_contains_paywalled_content":false,"_jetpack_memberships_contains_paid_content":false,"footnotes":"","jetpack_publicize_message":"","jetpack_publicize_feature_enabled":true,"jetpack_social_post_already_shared":false,"jetpack_social_options":{"image_generator_settings":{"template":"highway","default_image_id":0,"font":"","enabled":false},"version":2}},"categories":[53],"tags":[],"class_list":["post-1751","post","type-post","status-publish","format-standard","has-post-thumbnail","hentry","category-le-mot-du-cure"],"jetpack_publicize_connections":[],"jetpack_featured_media_url":"https:\/\/i0.wp.com\/paroisses-chatenay.fr\/stgermain\/wp-content\/uploads\/2017\/10\/3paroisses.jpg?fit=300%2C211&ssl=1","jetpack_sharing_enabled":true,"jetpack_shortlink":"https:\/\/wp.me\/p8QOZc-sf","jetpack_likes_enabled":true,"_links":{"self":[{"href":"https:\/\/paroisses-chatenay.fr\/stgermain\/wp-json\/wp\/v2\/posts\/1751","targetHints":{"allow":["GET"]}}],"collection":[{"href":"https:\/\/paroisses-chatenay.fr\/stgermain\/wp-json\/wp\/v2\/posts"}],"about":[{"href":"https:\/\/paroisses-chatenay.fr\/stgermain\/wp-json\/wp\/v2\/types\/post"}],"author":[{"embeddable":true,"href":"https:\/\/paroisses-chatenay.fr\/stgermain\/wp-json\/wp\/v2\/users\/1"}],"replies":[{"embeddable":true,"href":"https:\/\/paroisses-chatenay.fr\/stgermain\/wp-json\/wp\/v2\/comments?post=1751"}],"version-history":[{"count":3,"href":"https:\/\/paroisses-chatenay.fr\/stgermain\/wp-json\/wp\/v2\/posts\/1751\/revisions"}],"predecessor-version":[{"id":1754,"href":"https:\/\/paroisses-chatenay.fr\/stgermain\/wp-json\/wp\/v2\/posts\/1751\/revisions\/1754"}],"wp:featuredmedia":[{"embeddable":true,"href":"https:\/\/paroisses-chatenay.fr\/stgermain\/wp-json\/wp\/v2\/media\/1348"}],"wp:attachment":[{"href":"https:\/\/paroisses-chatenay.fr\/stgermain\/wp-json\/wp\/v2\/media?parent=1751"}],"wp:term":[{"taxonomy":"category","embeddable":true,"href":"https:\/\/paroisses-chatenay.fr\/stgermain\/wp-json\/wp\/v2\/categories?post=1751"},{"taxonomy":"post_tag","embeddable":true,"href":"https:\/\/paroisses-chatenay.fr\/stgermain\/wp-json\/wp\/v2\/tags?post=1751"}],"curies":[{"name":"wp","href":"https:\/\/api.w.org\/{rel}","templated":true}]}}