{"id":1787,"date":"2017-12-16T10:26:45","date_gmt":"2017-12-16T09:26:45","guid":{"rendered":"http:\/\/www.paroisses-chatenay.fr\/stgermain\/?p=1787"},"modified":"2019-03-09T18:36:06","modified_gmt":"2019-03-09T17:36:06","slug":"message-da-dieu-de-mgr-michel-aupetit-a-ses-diocesains","status":"publish","type":"post","link":"https:\/\/paroisses-chatenay.fr\/stgermain\/message-da-dieu-de-mgr-michel-aupetit-a-ses-diocesains\/","title":{"rendered":"Message d\u2019\u00ab\u00c0 Dieu \u00bb de Mgr Michel Aupetit \u00e0 ses dioc\u00e9sains"},"content":{"rendered":"<p>Je me rappelle ce jour pr\u00e9cis o\u00f9 dans la salle \u00e0 manger de mon appartement je suis tomb\u00e9 \u00e0 genoux pour dire enfin : \u00ab que ta volont\u00e9 soit faite \u00bb de toutes les fibres de mon \u00eatre. Le combat fut long et difficile, mais je savais d\u00e9sormais que ma vie ne m\u2019appartenait plus, qu\u2019elle \u00e9tait \u00e0 Dieu. O\u00f9 m\u2019emm\u00e8nerait-il ? Je n\u2019en avais pas la moindre id\u00e9e. \u00c9tait-ce au loin en mission, dans un monast\u00e8re, religieux en communaut\u00e9 ou encore pr\u00eatre dioc\u00e9sain ? Je n\u2019en savais rien. Je connaissais l\u2019\u00c9glise, bien s\u00fbr, mais presque rien de l\u2019institution, c\u2019est-\u00e0-dire de son fonctionnement.<\/p>\n<p>Un pr\u00eatre rencontr\u00e9 lors d\u2019une confession m\u2019accompagna sur ce chemin improbable et je rentrais ensuite \u00e0 la Maison Saint-Augustin en ann\u00e9e prop\u00e9deutique. Quand il m\u2019arrivait d\u2019imaginer mon avenir, je me voyais volontiers missionnaire itin\u00e9rant. Dr\u00f4le d\u2019id\u00e9e qui ne semblait pas correspondre aux vues de mes sup\u00e9rieurs. Quoique ? En effet, depuis mon entr\u00e9e au s\u00e9minaire j\u2019ai d\u00e9m\u00e9nag\u00e9 9 fois.<\/p>\n<p>D\u00e8s que j\u2019embrasse avec d\u00e9lice la vie de s\u00e9dentaire, je dois partir ailleurs.<\/p>\n<p>Je n\u2019aurai choisi aucune des missions qui m\u2019ont \u00e9t\u00e9 confi\u00e9es, et pour cause, ne connaissant que peu de choses aux responsabilit\u00e9s pastorales d\u2019un pr\u00eatre.<\/p>\n<p>Et voil\u00e0 qu\u2019une fois encore, l\u2019\u00c9glise me donne une nouvelle mission. Le pape me demande d\u2019accepter la charge du dioc\u00e8se de Paris. C\u2019est toujours au moment o\u00f9 je pense commencer \u00e0 prendre v\u00e9ritablement la mesure de ma t\u00e2che que je dois \u00e0 nouveau me transporter ailleurs pour la dixi\u00e8me fois. Ma vie sacerdotale a \u00e9t\u00e9 une longue suite d\u2019adieux et d\u2019\u00ab \u00e0 Dieu \u00bb en ce sens o\u00f9 l\u2019appel m\u2019oblige \u00e0 sortir de mes zones de confort pastoral. Si nous \u00e9tions en entreprise, je dirais que ce mouvement perp\u00e9tuel ne produit gu\u00e8re d\u2019efficacit\u00e9. Mais nous sommes en r\u00e9gime eccl\u00e9sial et la f\u00e9condit\u00e9 divine, qui ne peut venir que de l\u2019Esprit Saint, permet de garder l\u2019humilit\u00e9 n\u00e9cessaire pour suivre le Christ partout o\u00f9 il vous entra\u00eene.<\/p>\n<p>Il faut du temps pour apprendre \u00e0 aimer les personnes qui vivent sur un dioc\u00e8se. Car au-del\u00e0 des sympathies ou des sentiments naturels, il convient de les aimer comme J\u00e9sus lui-m\u00eame les aime sans jugement, sans a priori, et sans exception. Chaque jour je prie pour tous ceux qui me sont confi\u00e9s, c\u2019est-\u00e0-dire l\u2019ensemble des habitants des Hauts-de-Seine, car l\u2019amour du Seigneur ne s\u2019arr\u00eate pas aux fronti\u00e8res de nos \u00e9glises. Ma pri\u00e8re ne s\u2019arr\u00eatera pas, \u00e9videmment, avec mon d\u00e9part et tous ces visages rencontr\u00e9s, toutes ces personnes dont l\u2019engagement faisait mon admiration, tous ces pr\u00eatres g\u00e9n\u00e9reux et inventifs dont l\u2019estime fraternelle est exemplaire, tous nos diacres (et leurs \u00e9pouses, aussi, bien s\u00fbr !) tellement attach\u00e9s \u00e0 leur dioc\u00e8se, resteront toujours dans mon c\u0153ur et dans l\u2019offrande quotidienne de ma vie. J\u2019\u00e9tais tr\u00e8s impressionn\u00e9 d\u2019entendre les fid\u00e8les prier pour moi \u00e0 chaque messe car cela me notifiait la mesure spirituelle et la gravit\u00e9 de ma charge.<\/p>\n<p>Je l\u2019avoue, j\u2019ai toujours un pincement au c\u0153ur en pensant \u00e0 cette phrase de J\u00e9sus : \u00ab \u00e0 qui on a confi\u00e9 beaucoup, on demandera beaucoup \u00bb. La tentation est grande de prendre les jambes \u00e0 son cou et d\u2019aller se cacher quelque part. Mais la foi et la confiance totale en Dieu qui jamais ne nous abandonne, me permet de continuer l\u2019\u00e9trange chemin sur lequel il me conduit.<\/p>\n<p>Ch\u00e8res s\u0153urs, chers fr\u00e8res, chers amis, je compte vraiment sur votre pri\u00e8re et je vous confie au Seigneur qui vous aime et vous donnera un pasteur selon son c\u0153ur.<\/p>\n<p>+ Monseigneur <strong>Michel Aupetit<\/strong>, \u00c9v\u00eaque de Nanterre<\/p>\n<p>\u00c0 l\u2019occasion de son d\u00e9part, Mgr <strong>Aupetit<\/strong> c\u00e9l\u00e9brera une messe mercredi 20 d\u00e9cembre 2017 \u00e0 19h en la cath\u00e9drale <strong>Sainte-Genevi\u00e8ve<\/strong> de Nanterre<\/p>\n","protected":false},"excerpt":{"rendered":"<p>Je me rappelle ce jour pr\u00e9cis o\u00f9 dans la salle \u00e0 manger de mon appartement je suis tomb\u00e9 \u00e0 genoux pour dire enfin : \u00ab que ta volont\u00e9 soit faite \u00bb de toutes les fibres de mon \u00eatre. Le combat fut long et difficile, mais je savais d\u00e9sormais que ma vie ne m\u2019appartenait plus, qu\u2019elle \u00e9tait \u00e0 Dieu. O\u00f9 m\u2019emm\u00e8nerait-il ? Je n\u2019en avais pas la moindre id\u00e9e. \u00c9tait-ce au loin en mission, dans un monast\u00e8re, religieux en communaut\u00e9 ou <a class=\"more-link\" href=\"https:\/\/paroisses-chatenay.fr\/stgermain\/message-da-dieu-de-mgr-michel-aupetit-a-ses-diocesains\/\">Lire plus &#8230;<\/a><\/p>\n","protected":false},"author":1,"featured_media":0,"comment_status":"closed","ping_status":"closed","sticky":false,"template":"","format":"standard","meta":{"_seopress_robots_primary_cat":"none","_seopress_titles_title":"","_seopress_titles_desc":"","_seopress_robots_index":"","jetpack_post_was_ever_published":false,"_jetpack_newsletter_access":"","_jetpack_dont_email_post_to_subs":false,"_jetpack_newsletter_tier_id":0,"_jetpack_memberships_contains_paywalled_content":false,"_jetpack_memberships_contains_paid_content":false,"footnotes":"","jetpack_publicize_message":"","jetpack_publicize_feature_enabled":true,"jetpack_social_post_already_shared":false,"jetpack_social_options":{"image_generator_settings":{"template":"highway","default_image_id":0,"font":"","enabled":false},"version":2}},"categories":[11],"tags":[],"class_list":["post-1787","post","type-post","status-publish","format-standard","hentry","category-diocese"],"jetpack_publicize_connections":[],"jetpack_featured_media_url":"","jetpack_sharing_enabled":true,"jetpack_shortlink":"https:\/\/wp.me\/p8QOZc-sP","jetpack_likes_enabled":true,"_links":{"self":[{"href":"https:\/\/paroisses-chatenay.fr\/stgermain\/wp-json\/wp\/v2\/posts\/1787","targetHints":{"allow":["GET"]}}],"collection":[{"href":"https:\/\/paroisses-chatenay.fr\/stgermain\/wp-json\/wp\/v2\/posts"}],"about":[{"href":"https:\/\/paroisses-chatenay.fr\/stgermain\/wp-json\/wp\/v2\/types\/post"}],"author":[{"embeddable":true,"href":"https:\/\/paroisses-chatenay.fr\/stgermain\/wp-json\/wp\/v2\/users\/1"}],"replies":[{"embeddable":true,"href":"https:\/\/paroisses-chatenay.fr\/stgermain\/wp-json\/wp\/v2\/comments?post=1787"}],"version-history":[{"count":3,"href":"https:\/\/paroisses-chatenay.fr\/stgermain\/wp-json\/wp\/v2\/posts\/1787\/revisions"}],"predecessor-version":[{"id":1795,"href":"https:\/\/paroisses-chatenay.fr\/stgermain\/wp-json\/wp\/v2\/posts\/1787\/revisions\/1795"}],"wp:attachment":[{"href":"https:\/\/paroisses-chatenay.fr\/stgermain\/wp-json\/wp\/v2\/media?parent=1787"}],"wp:term":[{"taxonomy":"category","embeddable":true,"href":"https:\/\/paroisses-chatenay.fr\/stgermain\/wp-json\/wp\/v2\/categories?post=1787"},{"taxonomy":"post_tag","embeddable":true,"href":"https:\/\/paroisses-chatenay.fr\/stgermain\/wp-json\/wp\/v2\/tags?post=1787"}],"curies":[{"name":"wp","href":"https:\/\/api.w.org\/{rel}","templated":true}]}}