{"id":2033,"date":"2018-02-26T09:36:37","date_gmt":"2018-02-26T08:36:37","guid":{"rendered":"http:\/\/www.paroisses-chatenay.fr\/stgermain\/?p=2033"},"modified":"2019-03-05T10:35:25","modified_gmt":"2019-03-05T09:35:25","slug":"la-feuille-de-chant-le-careme-la-priere-le-partage","status":"publish","type":"post","link":"https:\/\/paroisses-chatenay.fr\/stgermain\/la-feuille-de-chant-le-careme-la-priere-le-partage\/","title":{"rendered":"La feuille de chant, le Car\u00eame, la Pri\u00e8re, le Partage &#8230;"},"content":{"rendered":"<p>&nbsp;<\/p>\n<p>Tout au long de ce Car\u00eame, un geste tr\u00e8s simple nous est propos\u00e9.<\/p>\n<p>Au lieu de d\u00e9poser les feuilles de chants sur le pr\u00e9sentoir \u00e0 la fin de la messe, nous sommes tous invit\u00e9s \u00e0 les ramener \u00e0 la maison &#8230; Chez nous &#8230;<br \/>\nPour continuer \u00e0 notre mani\u00e8re cette fois ce que nous vivons en communaut\u00e9.<\/p>\n<p>Mais il y a mieux : <strong style=\"font-size: 1.5rem;\"><em>ces feuilles sont aussi une possibilit\u00e9 de partage \u00bb.<br \/>\nAvant le chant de sortie, apr\u00e8s avoir \u00e9crit un mot, une phrase qui l\u2019a marqu\u00e9 dans la c\u00e9l\u00e9bration, ou apr\u00e8s avoir soulign\u00e9 une phrase du psaume, chaque paroissien est invit\u00e9 \u00e0 offrir \u00e0 son voisin sa feuille de chant apr\u00e8s avoir \u00e9ventuellement inscrit son nom.<\/em><\/strong><\/p>\n<p>Chacun pourra ainsi rentrer chez lui avec cette feuille et cette phrase, cadeau qui pourra l\u2019aider \u00e0 cheminer, prier durant la semaine.<\/p>\n<p>Ne pas oublier de remettre les crayons dans la corbeille : nous devons tenir tout le car\u00eame \ud83d\ude42 \ud83d\ude42 \ud83d\ude42<\/p>\n","protected":false},"excerpt":{"rendered":"<p>&nbsp; Tout au long de ce Car\u00eame, un geste tr\u00e8s simple nous est propos\u00e9. Au lieu de d\u00e9poser les feuilles de chants sur le pr\u00e9sentoir \u00e0 la fin de la messe, nous sommes tous invit\u00e9s \u00e0 les ramener \u00e0 la maison &#8230; Chez nous &#8230; Pour continuer \u00e0 notre mani\u00e8re cette fois ce que nous vivons en communaut\u00e9. Mais il y a mieux : ces feuilles sont aussi une possibilit\u00e9 de partage \u00bb. Avant le chant de sortie, apr\u00e8s avoir <a class=\"more-link\" href=\"https:\/\/paroisses-chatenay.fr\/stgermain\/la-feuille-de-chant-le-careme-la-priere-le-partage\/\">Lire plus &#8230;<\/a><\/p>\n","protected":false},"author":1,"featured_media":2034,"comment_status":"closed","ping_status":"closed","sticky":false,"template":"","format":"standard","meta":{"_seopress_robots_primary_cat":"","_seopress_titles_title":"","_seopress_titles_desc":"","_seopress_robots_index":"","jetpack_post_was_ever_published":false,"_jetpack_newsletter_access":"","_jetpack_dont_email_post_to_subs":false,"_jetpack_newsletter_tier_id":0,"_jetpack_memberships_contains_paywalled_content":false,"_jetpack_memberships_contains_paid_content":false,"footnotes":"","jetpack_publicize_message":"","jetpack_publicize_feature_enabled":true,"jetpack_social_post_already_shared":true,"jetpack_social_options":{"image_generator_settings":{"template":"highway","default_image_id":0,"font":"","enabled":false},"version":2}},"categories":[5],"tags":[],"class_list":["post-2033","post","type-post","status-publish","format-standard","has-post-thumbnail","hentry","category-la-paroisse-2"],"jetpack_publicize_connections":[],"jetpack_featured_media_url":"https:\/\/i0.wp.com\/paroisses-chatenay.fr\/stgermain\/wp-content\/uploads\/2018\/02\/careme004.jpg?fit=3210%2C2608&ssl=1","jetpack_sharing_enabled":true,"jetpack_shortlink":"https:\/\/wp.me\/p8QOZc-wN","jetpack_likes_enabled":true,"_links":{"self":[{"href":"https:\/\/paroisses-chatenay.fr\/stgermain\/wp-json\/wp\/v2\/posts\/2033","targetHints":{"allow":["GET"]}}],"collection":[{"href":"https:\/\/paroisses-chatenay.fr\/stgermain\/wp-json\/wp\/v2\/posts"}],"about":[{"href":"https:\/\/paroisses-chatenay.fr\/stgermain\/wp-json\/wp\/v2\/types\/post"}],"author":[{"embeddable":true,"href":"https:\/\/paroisses-chatenay.fr\/stgermain\/wp-json\/wp\/v2\/users\/1"}],"replies":[{"embeddable":true,"href":"https:\/\/paroisses-chatenay.fr\/stgermain\/wp-json\/wp\/v2\/comments?post=2033"}],"version-history":[{"count":4,"href":"https:\/\/paroisses-chatenay.fr\/stgermain\/wp-json\/wp\/v2\/posts\/2033\/revisions"}],"predecessor-version":[{"id":2053,"href":"https:\/\/paroisses-chatenay.fr\/stgermain\/wp-json\/wp\/v2\/posts\/2033\/revisions\/2053"}],"wp:featuredmedia":[{"embeddable":true,"href":"https:\/\/paroisses-chatenay.fr\/stgermain\/wp-json\/wp\/v2\/media\/2034"}],"wp:attachment":[{"href":"https:\/\/paroisses-chatenay.fr\/stgermain\/wp-json\/wp\/v2\/media?parent=2033"}],"wp:term":[{"taxonomy":"category","embeddable":true,"href":"https:\/\/paroisses-chatenay.fr\/stgermain\/wp-json\/wp\/v2\/categories?post=2033"},{"taxonomy":"post_tag","embeddable":true,"href":"https:\/\/paroisses-chatenay.fr\/stgermain\/wp-json\/wp\/v2\/tags?post=2033"}],"curies":[{"name":"wp","href":"https:\/\/api.w.org\/{rel}","templated":true}]}}