{"id":2048,"date":"2018-03-03T13:10:58","date_gmt":"2018-03-03T12:10:58","guid":{"rendered":"http:\/\/www.paroisses-chatenay.fr\/stgermain\/?p=2048"},"modified":"2019-03-05T10:35:13","modified_gmt":"2019-03-05T09:35:13","slug":"newsletter-du-diocese-de-nanterre-n127","status":"publish","type":"post","link":"https:\/\/paroisses-chatenay.fr\/stgermain\/newsletter-du-diocese-de-nanterre-n127\/","title":{"rendered":"Newsletter du dioc\u00e8se de Nanterre n\u00b0127\u00a0"},"content":{"rendered":"<hr \/>\n<table width=\"600\" cellspacing=\"0\" cellpadding=\"0\">\n<tbody>\n<tr>\n<td><a href=\"http:\/\/diocese92.fr\/newsletter-no127-mars-2018\" target=\"_blank\" rel=\"noopener noreferrer\">Newsletter du dioc\u00e8se de Nanterre n\u00b0127\u00a0<\/a><\/td>\n<\/tr>\n<tr>\n<td>&nbsp;<\/p>\n<p><a href=\"http:\/\/diocese92.fr\/newsletter-no127-mars-2018\">Si vous ne visualisez pas correctement, cliquez ici<\/a><\/td>\n<\/tr>\n<\/tbody>\n<\/table>\n<hr \/>\n<p>\u00c0 LA UNE<\/p>\n<hr \/>\n<p><img decoding=\"async\" class=\"CToWUd\" src=\"https:\/\/ci4.googleusercontent.com\/proxy\/Qwq_Rj4XmskbOVIqZdNNnEaPt6q5jz-zfncB2evVH6uJQyTyUaQZ2hWoM1LN0k1utdz7FzjuBRqQTThL0zLb8cFOamD2Pyw8gVBxE7Pnt2XdATUECEBFClECT6GesFxpxHrsP3Kx4mN07w=s0-d-e1-ft#http:\/\/diocese92.fr\/documents\/nl\/163\/54cf0abb81b62b60b177479a706ddc85.jpg?1519739039\" alt=\"logo article\" \/><br \/>\n<strong>Les \u00c9tats g\u00e9n\u00e9raux de la Bio\u00e9thique<\/strong><br \/>\nLes \u00e9tats g\u00e9n\u00e9raux de la bio\u00e9thique, lanc\u00e9s jeudi 18 janvier, visent \u00e0 cerner les attentes des Fran\u00e7ais, dans l\u2019optique d\u2019une r\u00e9vision de la l\u00e9gislation pr\u00e9vue en fin d\u2019ann\u00e9e.<br \/>\n<a href=\"http:\/\/post.spmailtechno.com\/f\/a\/pUA2c7bWKsn6xiIuJeL9fA~~\/AACmNAA~\/RgRcewbbP0QsaHR0cDovL2Rpb2Nlc2U5Mi5mci9sZXMtZXRhdHMtZ2VuZXJhdXgtZGUtbGFXA3NwY1gEAAAAAEIKAAPbgZhaR849k1IYdGhlcGllLnBleXJhcmRAZ21haWwuY29t\" target=\"_blank\" rel=\"noopener noreferrer\" data-saferedirecturl=\"https:\/\/www.google.com\/url?hl=fr&amp;q=http:\/\/post.spmailtechno.com\/f\/a\/pUA2c7bWKsn6xiIuJeL9fA~~\/AACmNAA~\/RgRcewbbP0QsaHR0cDovL2Rpb2Nlc2U5Mi5mci9sZXMtZXRhdHMtZ2VuZXJhdXgtZGUtbGFXA3NwY1gEAAAAAEIKAAPbgZhaR849k1IYdGhlcGllLnBleXJhcmRAZ21haWwuY29t&amp;source=gmail&amp;ust=1520164912318000&amp;usg=AFQjCNHlA0eOrcSTsC2qCOrUa9zgg-j9YA\">Lire la suite<\/a><\/p>\n<hr \/>\n<p>DAN<span style=\"font-size: 1.5rem;\">S NOTRE DIOC\u00c8SE<br \/>\n<\/span><\/p>\n<hr \/>\n<p><strong style=\"font-size: 1.5rem;\">Messe Chrismale<br \/>\n<\/strong><img decoding=\"async\" class=\"CToWUd\" style=\"font-size: 1.5rem;\" src=\"https:\/\/ci6.googleusercontent.com\/proxy\/FgHbu6pJ_hlBnGtU-XMJFATJ1xoJO1Dn2bkkvYVeD-hGWzxk-TWHsAlc0lfJ66GTNlUCh4SkZHRLO8inSxSngVXTR_2JplOb47akHlORjfx6j4TVUEdyzXe-vDkSWQj1WmIZ4ZCGjr2l3w=s0-d-e1-ft#http:\/\/diocese92.fr\/documents\/nl\/163\/a95ee131d9cba568b79fea746838defb.jpg?1519898629\" alt=\"logo article\" \/><br \/>\nChaque ann\u00e9e, dans tous les dioc\u00e8ses du monde, pr\u00eatres, diacres et fid\u00e8les se r\u00e9unissent pour c\u00e9l\u00e9brer la Messe Chrismale. Elle re\u00e7oit cette appellation parce que c\u2019est au cours de cette c\u00e9l\u00e9bration que le Saint Chr\u00eame est consacr\u00e9.<br class=\"m_-3348627796524573223autobr\" \/><i>Mardi 27 mars 2018<br \/>\n<\/i><a href=\"http:\/\/post.spmailtechno.com\/f\/a\/_Ks8z3bkqFt32lJoMHJWQw~~\/AACmNAA~\/RgRcewbbP0QpaHR0cDovL2Rpb2Nlc2U5Mi5mci9tZXNzZS1jaHJpc21hbGUtMTg4MzJXA3NwY1gEAAAAAEIKAAPbgZhaR849k1IYdGhlcGllLnBleXJhcmRAZ21haWwuY29t\" target=\"_blank\" rel=\"noopener noreferrer\" data-saferedirecturl=\"https:\/\/www.google.com\/url?hl=fr&amp;q=http:\/\/post.spmailtechno.com\/f\/a\/_Ks8z3bkqFt32lJoMHJWQw~~\/AACmNAA~\/RgRcewbbP0QpaHR0cDovL2Rpb2Nlc2U5Mi5mci9tZXNzZS1jaHJpc21hbGUtMTg4MzJXA3NwY1gEAAAAAEIKAAPbgZhaR849k1IYdGhlcGllLnBleXJhcmRAZ21haWwuY29t&amp;source=gmail&amp;ust=1520164912318000&amp;usg=AFQjCNEMRls7QnNl1HGfk9QkxTGrPvkk4w\">Lire la suite<\/a><\/p>\n<p><img decoding=\"async\" class=\"CToWUd\" src=\"https:\/\/ci4.googleusercontent.com\/proxy\/6Y1vK0wV5SkMnuYheuWMYWHKbwjv-8bs--JM0Zab6S60I-j3Ehh_tnee07QggVEtJ5VaFsNWwsrd8vPbrGYrpfcQDVGU17f3zGV0EqB2f2e5ZvXaGeA7_sSBZBx8ftxm14lXIcd0GC3LMQ=s0-d-e1-ft#http:\/\/diocese92.fr\/documents\/nl\/163\/041cb92386764cbbbf11a88d6dfbdb4e.jpg?1519739039\" alt=\"logo article\" \/><br \/>\n<strong>HopeTeen \u00e0 Boulogne<\/strong><br \/>\nHopeteen revient \u00e0 Sainte-Th\u00e9r\u00e8se de Boulogne-Billancourt pour une grande journ\u00e9e de la Mis\u00e9ricorde, en pr\u00e9sence du p\u00e8re Hugues de Woillemont, administrateur dioc\u00e9sain.<br class=\"m_-3348627796524573223autobr\" \/><i>Samedi 24 mars 2018<br \/>\n<\/i><a href=\"http:\/\/post.spmailtechno.com\/f\/a\/eTIf29LE4zrEGijHEPqpmw~~\/AACmNAA~\/RgRcewbbP0QtaHR0cDovL2Rpb2Nlc2U5Mi5mci9ob3BldGVlbi1hLWJvdWxvZ25lLTIxMTUyVwNzcGNYBAAAAABCCgAD24GYWkfOPZNSGHRoZXBpZS5wZXlyYXJkQGdtYWlsLmNvbQ~~\" target=\"_blank\" rel=\"noopener noreferrer\" data-saferedirecturl=\"https:\/\/www.google.com\/url?hl=fr&amp;q=http:\/\/post.spmailtechno.com\/f\/a\/eTIf29LE4zrEGijHEPqpmw~~\/AACmNAA~\/RgRcewbbP0QtaHR0cDovL2Rpb2Nlc2U5Mi5mci9ob3BldGVlbi1hLWJvdWxvZ25lLTIxMTUyVwNzcGNYBAAAAABCCgAD24GYWkfOPZNSGHRoZXBpZS5wZXlyYXJkQGdtYWlsLmNvbQ~~&amp;source=gmail&amp;ust=1520164912318000&amp;usg=AFQjCNETi3vMfwOU0twBVlHHoZuSMmTJxg\">Lire la suite<\/a><\/p>\n<p><img decoding=\"async\" class=\"CToWUd\" src=\"https:\/\/ci6.googleusercontent.com\/proxy\/_K0Z6ow3v5xWqvOWPNmGX1DG5kOj76p9Aa9b3dY5ig_LDk3DBmHqzRPsJLMfjXunSqGr_eAHm2qAFiL43ISIsZRYCMxzhdrFGboz9MzngAIFebGdlqbr-p94CtuktGBJq6hTzqAa9Eb52A=s0-d-e1-ft#http:\/\/diocese92.fr\/documents\/nl\/163\/3457a811c12c26842571800c16d70aba.jpg?1519739039\" alt=\"logo article\" \/><br \/>\n<strong>Parcours Fondements de la morale et de l\u2019anthropologie chr\u00e9tienne<\/strong><br \/>\n\u00c9duquer \u00e0 la libert\u00e9.<br class=\"m_-3348627796524573223autobr\" \/>Nos enfants grandissent et gagnent en autonomie. Quelle libert\u00e9 leur donner\u00a0?<br class=\"m_-3348627796524573223autobr\" \/><i>Dimanche 11 mars 2018<br \/>\n<\/i><a href=\"http:\/\/post.spmailtechno.com\/f\/a\/qYQiz0Ru1ZAuNLKOgQwdVQ~~\/AACmNAA~\/RgRcewbbP0Q6aHR0cDovL2Rpb2Nlc2U5Mi5mci9wYXJjb3Vycy1mb25kZW1lbnRzLWRlLWxhLW1vcmFsZS0yMTE5OVcDc3BjWAQAAAAAQgoAA9uBmFpHzj2TUhh0aGVwaWUucGV5cmFyZEBnbWFpbC5jb20~\" target=\"_blank\" rel=\"noopener noreferrer\" data-saferedirecturl=\"https:\/\/www.google.com\/url?hl=fr&amp;q=http:\/\/post.spmailtechno.com\/f\/a\/qYQiz0Ru1ZAuNLKOgQwdVQ~~\/AACmNAA~\/RgRcewbbP0Q6aHR0cDovL2Rpb2Nlc2U5Mi5mci9wYXJjb3Vycy1mb25kZW1lbnRzLWRlLWxhLW1vcmFsZS0yMTE5OVcDc3BjWAQAAAAAQgoAA9uBmFpHzj2TUhh0aGVwaWUucGV5cmFyZEBnbWFpbC5jb20~&amp;source=gmail&amp;ust=1520164912318000&amp;usg=AFQjCNFHzcuHqK021J_wJSzEQK-tLj9ooA\">Lire la suite<\/a><\/p>\n<p><img decoding=\"async\" class=\"CToWUd\" src=\"https:\/\/ci6.googleusercontent.com\/proxy\/E3wcxLAgdc7Zqp-7AqeGkNoImVJubwI9Sm2KyQsE5JL4An6t1Opyl_A-rTfdTOMBCdJMR6zCQ1k6nEYXP_z0LQDsQYwuy7gmnByh-g8MsOnyo-wmH4YiOj4Jly6lGhlOg-Md3y6lX3OO0Q=s0-d-e1-ft#http:\/\/diocese92.fr\/documents\/nl\/163\/d66045deab47d869b9d3279e6c913aed.jpg?1519739039\" alt=\"logo article\" \/><br \/>\n<strong>Et toi, grand-m\u00e8re, en quoi tu crois\u00a0?<\/strong><br \/>\nCe livre est un jeu de questions-r\u00e9ponses, direct et sans tabou, entre une grand-m\u00e8re et ses petits-enfants. Ils ont entre neuf et vingt-six ans. S\u2019ils ont tous \u00e9t\u00e9 \u00e9lev\u00e9s dans la foi chr\u00e9tienne, leurs rapports \u00e0 celle-ci ne pouvaient pas \u00eatre plus diff\u00e9rents. Du refus pur et simple de l\u2019\u00c9glise \u00e0 un engagement fort, leurs questions sont g\u00e9n\u00e9rationnelles et avant tout universelles.<br \/>\n<a href=\"http:\/\/post.spmailtechno.com\/f\/a\/N8bXluY_3nGzYDYL3zzPYQ~~\/AACmNAA~\/RgRcewbbP0Q2aHR0cDovL2Rpb2Nlc2U5Mi5mci9ldC10b2ktZ3JhbmQtbWVyZS1lbi1xdW9pLXR1LWNyb2lzVwNzcGNYBAAAAABCCgAD24GYWkfOPZNSGHRoZXBpZS5wZXlyYXJkQGdtYWlsLmNvbQ~~\" target=\"_blank\" rel=\"noopener noreferrer\" data-saferedirecturl=\"https:\/\/www.google.com\/url?hl=fr&amp;q=http:\/\/post.spmailtechno.com\/f\/a\/N8bXluY_3nGzYDYL3zzPYQ~~\/AACmNAA~\/RgRcewbbP0Q2aHR0cDovL2Rpb2Nlc2U5Mi5mci9ldC10b2ktZ3JhbmQtbWVyZS1lbi1xdW9pLXR1LWNyb2lzVwNzcGNYBAAAAABCCgAD24GYWkfOPZNSGHRoZXBpZS5wZXlyYXJkQGdtYWlsLmNvbQ~~&amp;source=gmail&amp;ust=1520164912318000&amp;usg=AFQjCNHb5IH-DAKU0vF6dUEeL1pmYOpIOA\">Lire la suite<\/a><\/p>\n<hr \/>\n<p>TRAVAIL ET FOI<\/p>\n<hr \/>\n<p><strong>L\u2019association ARPEIJE<br \/>\n<\/strong><img decoding=\"async\" class=\"CToWUd\" src=\"https:\/\/ci6.googleusercontent.com\/proxy\/8Ea0kOZPk7gnszgPRwhaQSJUZ5BMYDGROoDfi3q__fyrr1iPQIXPXC3R6ejHYl036a4oAfc3F_gjavdtRX5zh7p4R7ljrQEdLTeCp92yBsvxsTrRqvUnh3yqASC_eEN3_yDhRrXvvM2LHw=s0-d-e1-ft#http:\/\/diocese92.fr\/documents\/nl\/163\/75fa73429137a45dcd582968a313ef14.jpg?1519739039\" alt=\"logo article\" \/><br \/>\nL\u2019association Arpeije intervient aupr\u00e8s des jeunes et adultes dans leur parcours professionnel en lien avec les entreprises et collectivit\u00e9s du territoire. Acteur \u00e9conomique et social des Hauts-de-Seine, elle accompagne \u00e0 l\u2019emploi durable des personnes en situation de fragilit\u00e9 (jeunes, demandeurs d\u2019emploi, adultes en reconversion\u2026).<br \/>\n<a href=\"http:\/\/post.spmailtechno.com\/f\/a\/EfRqoq9I8OijTRXo7aAI_w~~\/AACmNAA~\/RgRcewbbP0QpaHR0cDovL2Rpb2Nlc2U5Mi5mci9sLWFzc29jaWF0aW9uLWFycGVpamVXA3NwY1gEAAAAAEIKAAPbgZhaR849k1IYdGhlcGllLnBleXJhcmRAZ21haWwuY29t\" target=\"_blank\" rel=\"noopener noreferrer\" data-saferedirecturl=\"https:\/\/www.google.com\/url?hl=fr&amp;q=http:\/\/post.spmailtechno.com\/f\/a\/EfRqoq9I8OijTRXo7aAI_w~~\/AACmNAA~\/RgRcewbbP0QpaHR0cDovL2Rpb2Nlc2U5Mi5mci9sLWFzc29jaWF0aW9uLWFycGVpamVXA3NwY1gEAAAAAEIKAAPbgZhaR849k1IYdGhlcGllLnBleXJhcmRAZ21haWwuY29t&amp;source=gmail&amp;ust=1520164912318000&amp;usg=AFQjCNG5RAO46LiqGPca2sZ9FNs80hZ63g\">Lire la suite<\/a><\/p>\n<hr \/>\n<p>VOCATIONS<\/p>\n<hr \/>\n<p><img decoding=\"async\" class=\"CToWUd\" src=\"https:\/\/ci4.googleusercontent.com\/proxy\/slmEtwdrGwbiLGoY-9MCush6UJJwX38_YPZQx0-Y6E9UsC0KXNuoaASYCagW0VJlUWPuO_s79VD0DHzhcvggnUScTp_VFPymI6W4Iq06bgkUekVzQFCwucgiSNQdUx2nF7QGMXZ5VZQ97A=s0-d-e1-ft#http:\/\/diocese92.fr\/documents\/nl\/163\/a6d24804fdfb0e0719dc29069e8760a6.jpg?1519739039\" alt=\"logo article\" \/><br \/>\n<strong>Veill\u00e9e dioc\u00e9saine pour les vocations<\/strong><br \/>\nVenez prier pour les vocations\u00a0<br class=\"m_-3348627796524573223autobr\" \/><i>vendredi 6 avril 2018 \u00e0 20h<\/i>, \u00e0 l\u2019\u00e9glise Notre-Dame-de-Boulogne.<br \/>\n<a href=\"http:\/\/post.spmailtechno.com\/f\/a\/CY90xMYDf6eTwKm9SbpVLw~~\/AACmNAA~\/RgRcewbbP0Q1aHR0cDovL2Rpb2Nlc2U5Mi5mci92ZWlsbGVlLWRpb2Nlc2FpbmUtcG91ci1sZXMtMjEyMDBXA3NwY1gEAAAAAEIKAAPbgZhaR849k1IYdGhlcGllLnBleXJhcmRAZ21haWwuY29t\" target=\"_blank\" rel=\"noopener noreferrer\" data-saferedirecturl=\"https:\/\/www.google.com\/url?hl=fr&amp;q=http:\/\/post.spmailtechno.com\/f\/a\/CY90xMYDf6eTwKm9SbpVLw~~\/AACmNAA~\/RgRcewbbP0Q1aHR0cDovL2Rpb2Nlc2U5Mi5mci92ZWlsbGVlLWRpb2Nlc2FpbmUtcG91ci1sZXMtMjEyMDBXA3NwY1gEAAAAAEIKAAPbgZhaR849k1IYdGhlcGllLnBleXJhcmRAZ21haWwuY29t&amp;source=gmail&amp;ust=1520164912318000&amp;usg=AFQjCNEBy-LD5C3jW8iNOSsZtRKt1IDG0A\">Lire la suite<\/a><\/p>\n<hr \/>\n<p>FOCUS<\/p>\n<hr \/>\n<p><img decoding=\"async\" class=\"CToWUd\" src=\"https:\/\/ci3.googleusercontent.com\/proxy\/3wQ8d5Hdp_eES5Yzum5D-irKoyhInricyhYCFPT3vooW9Xw1sBXpEdx9txBDEam49hKlH6-z46noFDMu30axYVzmJRnvOySet-pO71M-EWrkb9Yhuxf4V7V5oSYV4KujBpXjdBpF7qsOKg=s0-d-e1-ft#http:\/\/diocese92.fr\/documents\/nl\/163\/ae70bc28d16ac1b13b7d7e004c667884.jpg?1519739039\" alt=\"logo article\" \/><br \/>\n<strong>La 10e nuit des t\u00e9moins<\/strong><br \/>\nL\u2019AED invite des grands t\u00e9moins pour honorer les martyrs de la foi, pr\u00eatres, religieuses, religieux et la\u00efcs engag\u00e9s ayant perdu la vie ces derniers mois par fid\u00e9lit\u00e9 au Christ. Au cours de la Nuit des t\u00e9moins, ils donneront leur t\u00e9moignage sur la r\u00e9alit\u00e9 de la situation des chr\u00e9tiens en Alg\u00e9rie, en \u00c9gypte et au Mexique.<br class=\"m_-3348627796524573223autobr\" \/><i>Vendredi 16 mars 2018<br \/>\n<\/i><a style=\"font-size: 1.5rem;\" href=\"http:\/\/post.spmailtechno.com\/f\/a\/IJZQebaKnncY0Ixb9IZTHw~~\/AACmNAA~\/RgRcewbbP0QraHR0cDovL2Rpb2Nlc2U5Mi5mci9sYS0xMGUtbnVpdC1kZXMtdGVtb2luc1cDc3BjWAQAAAAAQgoAA9uBmFpHzj2TUhh0aGVwaWUucGV5cmFyZEBnbWFpbC5jb20~\" target=\"_blank\" rel=\"noopener noreferrer\" data-saferedirecturl=\"https:\/\/www.google.com\/url?hl=fr&amp;q=http:\/\/post.spmailtechno.com\/f\/a\/IJZQebaKnncY0Ixb9IZTHw~~\/AACmNAA~\/RgRcewbbP0QraHR0cDovL2Rpb2Nlc2U5Mi5mci9sYS0xMGUtbnVpdC1kZXMtdGVtb2luc1cDc3BjWAQAAAAAQgoAA9uBmFpHzj2TUhh0aGVwaWUucGV5cmFyZEBnbWFpbC5jb20~&amp;source=gmail&amp;ust=1520164912318000&amp;usg=AFQjCNFn_W5tMdm1ZOgq7KXxBd6FB-zGjw\">Lire la suite<\/a><\/p>\n<p><img decoding=\"async\" class=\"CToWUd\" src=\"https:\/\/ci3.googleusercontent.com\/proxy\/u_DfYd4J_EZrTQOEs0tCgOWyVmax4QWr47YHr-yBCPr-FkKrcb5HSH1bf1kLNIc-bx-Llex5P48fYw5iMDiCdlNQEpc6SHz74AKuK66UaAwzu_GqymueAbBmOC1ZyZU72leyC5UVFVBx1A=s0-d-e1-ft#http:\/\/diocese92.fr\/documents\/nl\/163\/9d4d198eeb2cdf512d2832531703f877.jpg?1519739039\" alt=\"logo article\" \/><br \/>\n<strong>Prions avec les chr\u00e9tiens d\u2019Orient<\/strong><br \/>\n<i style=\"font-size: 1.5rem;\">Dimanche 25 mars<br \/>\n<\/i><a href=\"http:\/\/post.spmailtechno.com\/f\/a\/NTEdQNSMiigq1FPEReuypQ~~\/AACmNAA~\/RgRcewbbP0Q2aHR0cDovL2Rpb2Nlc2U5Mi5mci9wcmlvbnMtYXZlYy1sZXMtY2hyZXRpZW5zLWQtb3JpZW50VwNzcGNYBAAAAABCCgAD24GYWkfOPZNSGHRoZXBpZS5wZXlyYXJkQGdtYWlsLmNvbQ~~\" target=\"_blank\" rel=\"noopener noreferrer\" data-saferedirecturl=\"https:\/\/www.google.com\/url?hl=fr&amp;q=http:\/\/post.spmailtechno.com\/f\/a\/NTEdQNSMiigq1FPEReuypQ~~\/AACmNAA~\/RgRcewbbP0Q2aHR0cDovL2Rpb2Nlc2U5Mi5mci9wcmlvbnMtYXZlYy1sZXMtY2hyZXRpZW5zLWQtb3JpZW50VwNzcGNYBAAAAABCCgAD24GYWkfOPZNSGHRoZXBpZS5wZXlyYXJkQGdtYWlsLmNvbQ~~&amp;source=gmail&amp;ust=1520164912318000&amp;usg=AFQjCNHru771sKJQIcfMXRbvZTQTKnNp9g\">Lire la suite<\/a><\/p>\n<hr \/>\n<p>\u00c9V\u00c9NEMENTS DU MOIS<\/p>\n<hr \/>\n<p><img decoding=\"async\" class=\"CToWUd\" src=\"https:\/\/ci5.googleusercontent.com\/proxy\/jgObvF_tbJ90BGiBKyEn6JDDo4GueX8bNDtyZxHjkJ4X4qw0yExrLT8OBm0hlO7GHTGf7iY2ANuDfyvRtZ5wew09XTDcLWdDpKX6F5AL0uBie9xBw6zB-UbVN-RuD-te8kIaP9pP9XZ7CA=s0-d-e1-ft#http:\/\/diocese92.fr\/documents\/nl\/163\/7c1373d9d6749aea350505aa9275828c.jpg?1519739039\" alt=\"logo article\" \/><br \/>\n<strong>G\u00e9rer les conflits<\/strong><br \/>\nDans tous nos engagements d\u2019\u00e9glise et dans la vie de nos \u00e9quipes pastorales, nous connaissons des situations de tension. Comment les vivons-nous\u00a0? Comment les comprenons-nous\u00a0?<br class=\"m_-3348627796524573223autobr\" \/><i>Jeudi 12 avril 2018<br \/>\n<\/i><a href=\"http:\/\/post.spmailtechno.com\/f\/a\/vxxQeLAyWJoeP0FaOE3kQQ~~\/AACmNAA~\/RgRcewbbP0QraHR0cDovL2Rpb2Nlc2U5Mi5mci9sYS1nZXN0aW9uLWRlcy1jb25mbGl0c1cDc3BjWAQAAAAAQgoAA9uBmFpHzj2TUhh0aGVwaWUucGV5cmFyZEBnbWFpbC5jb20~\" target=\"_blank\" rel=\"noopener noreferrer\" data-saferedirecturl=\"https:\/\/www.google.com\/url?hl=fr&amp;q=http:\/\/post.spmailtechno.com\/f\/a\/vxxQeLAyWJoeP0FaOE3kQQ~~\/AACmNAA~\/RgRcewbbP0QraHR0cDovL2Rpb2Nlc2U5Mi5mci9sYS1nZXN0aW9uLWRlcy1jb25mbGl0c1cDc3BjWAQAAAAAQgoAA9uBmFpHzj2TUhh0aGVwaWUucGV5cmFyZEBnbWFpbC5jb20~&amp;source=gmail&amp;ust=1520164912318000&amp;usg=AFQjCNGDtNJlQDTV2HICgdG0ZexV7Yj4tQ\">Lire la suite<\/a><\/p>\n<p><img decoding=\"async\" class=\"CToWUd\" src=\"https:\/\/ci6.googleusercontent.com\/proxy\/bPOLtIqAopddgIuAbf8x7fGDJG15zSMobxHZ33hESArGIn8Kt2iDEHSSc9ChnLKYXRyKAE_a77klS4i8di-X4ejBtazR5Y7AU_19tUtWqgAWFNC1_dYBU3cqTBXsP8kp4cdp8QAxGMf2hw=s0-d-e1-ft#http:\/\/diocese92.fr\/documents\/nl\/163\/befee82fefcbda085cfcb4f2c7aa0edd.jpg?1519739039\" alt=\"logo article\" \/><br \/>\n<strong>V\u00e9n\u00e9ration de la couronne d\u2019\u00e9pines<\/strong><br \/>\nMgr Yvon Aybram, vicaire \u00e9piscopal, Pr\u00e9lat de Sa Saintet\u00e9 et Prieur de l\u2019Ordre du Saint-S\u00e9pulcre, pr\u00e9sentera avec les Chanoines la Couronne d\u2019\u00c9pines \u00e0 la v\u00e9n\u00e9ration des fid\u00e8les sous la garde des Chevaliers de l\u2019Ordre \u00c9questre du Saint-S\u00e9pulcre de J\u00e9rusalem.\u00a0<br class=\"m_-3348627796524573223autobr\" \/><i>Vendredi 9 mars 2018<br \/>\n<\/i><a href=\"http:\/\/post.spmailtechno.com\/f\/a\/a_SH5xcrOcQ-sHBFOr5T-g~~\/AACmNAA~\/RgRcewbbP0Q2aHR0cDovL2Rpb2Nlc2U5Mi5mci92ZW5lcmF0aW9uLWRlLWxhLWNvdXJvbm5lLWQtZXBpbmVzVwNzcGNYBAAAAABCCgAD24GYWkfOPZNSGHRoZXBpZS5wZXlyYXJkQGdtYWlsLmNvbQ~~\" target=\"_blank\" rel=\"noopener noreferrer\" data-saferedirecturl=\"https:\/\/www.google.com\/url?hl=fr&amp;q=http:\/\/post.spmailtechno.com\/f\/a\/a_SH5xcrOcQ-sHBFOr5T-g~~\/AACmNAA~\/RgRcewbbP0Q2aHR0cDovL2Rpb2Nlc2U5Mi5mci92ZW5lcmF0aW9uLWRlLWxhLWNvdXJvbm5lLWQtZXBpbmVzVwNzcGNYBAAAAABCCgAD24GYWkfOPZNSGHRoZXBpZS5wZXlyYXJkQGdtYWlsLmNvbQ~~&amp;source=gmail&amp;ust=1520164912318000&amp;usg=AFQjCNGJfTdb18Fl8CBtSqRtMXTnL1IJDg\">Lire la suite<br \/>\n<\/a><br \/>\n<img decoding=\"async\" class=\"CToWUd\" src=\"https:\/\/ci3.googleusercontent.com\/proxy\/fZFhUDzXggf3JJGC3WY7ni_p7tRafgn5WTgLN1gLGL4u1lpCVwrP6fFlc_S9LY0ukqGWHG6jYuGm5yVrRej05cjB0b73VyXdzuxMhJJDTnI95xIKjDVvmXdqB9C0Mh84ZGfl3cFMHbQG9A=s0-d-e1-ft#http:\/\/diocese92.fr\/documents\/nl\/163\/834679d03d9680c370b8a0a9cf80866e.jpg?1519739039\" alt=\"logo article\" \/><br \/>\n<strong>P\u00e8lerinage pour les couples en esp\u00e9rance d\u2019enfants<\/strong><br \/>\nP\u00e8lerinage \u00e0 sainte Colette.<br class=\"m_-3348627796524573223autobr\" \/><i>Dimanche 4 mars 2018<br \/>\n<\/i><a href=\"http:\/\/post.spmailtechno.com\/f\/a\/J2AgMnbSl52tymLR6gmTIA~~\/AACmNAA~\/RgRcewbbP0QyaHR0cDovL2Rpb2Nlc2U5Mi5mci9wZWxlcmluYWdlLXBvdXItbGVzLWNvdXBsZXMtZW5XA3NwY1gEAAAAAEIKAAPbgZhaR849k1IYdGhlcGllLnBleXJhcmRAZ21haWwuY29t\" target=\"_blank\" rel=\"noopener noreferrer\" data-saferedirecturl=\"https:\/\/www.google.com\/url?hl=fr&amp;q=http:\/\/post.spmailtechno.com\/f\/a\/J2AgMnbSl52tymLR6gmTIA~~\/AACmNAA~\/RgRcewbbP0QyaHR0cDovL2Rpb2Nlc2U5Mi5mci9wZWxlcmluYWdlLXBvdXItbGVzLWNvdXBsZXMtZW5XA3NwY1gEAAAAAEIKAAPbgZhaR849k1IYdGhlcGllLnBleXJhcmRAZ21haWwuY29t&amp;source=gmail&amp;ust=1520164912318000&amp;usg=AFQjCNHOWgx0rbDi2MxzXYa6sz2Ei8UuDw\">Lire la suite<\/a><\/p>\n","protected":false},"excerpt":{"rendered":"<p>Newsletter du dioc\u00e8se de Nanterre n\u00b0127\u00a0 &nbsp; Si vous ne visualisez pas correctement, cliquez ici \u00c0 LA UNE Les \u00c9tats g\u00e9n\u00e9raux de la Bio\u00e9thique Les \u00e9tats g\u00e9n\u00e9raux de la bio\u00e9thique, lanc\u00e9s jeudi 18 janvier, visent \u00e0 cerner les attentes des Fran\u00e7ais, dans l\u2019optique d\u2019une r\u00e9vision de la l\u00e9gislation pr\u00e9vue en fin d\u2019ann\u00e9e. Lire la suite DANS NOTRE DIOC\u00c8SE Messe Chrismale Chaque ann\u00e9e, dans tous les dioc\u00e8ses du monde, pr\u00eatres, diacres et fid\u00e8les se r\u00e9unissent pour c\u00e9l\u00e9brer la Messe Chrismale. Elle <a class=\"more-link\" href=\"https:\/\/paroisses-chatenay.fr\/stgermain\/newsletter-du-diocese-de-nanterre-n127\/\">Lire plus &#8230;<\/a><\/p>\n","protected":false},"author":1,"featured_media":0,"comment_status":"closed","ping_status":"closed","sticky":false,"template":"","format":"standard","meta":{"_seopress_robots_primary_cat":"","_seopress_titles_title":"","_seopress_titles_desc":"","_seopress_robots_index":"","jetpack_post_was_ever_published":false,"_jetpack_newsletter_access":"","_jetpack_dont_email_post_to_subs":false,"_jetpack_newsletter_tier_id":0,"_jetpack_memberships_contains_paywalled_content":false,"_jetpack_memberships_contains_paid_content":false,"footnotes":"","jetpack_publicize_message":"","jetpack_publicize_feature_enabled":true,"jetpack_social_post_already_shared":true,"jetpack_social_options":{"image_generator_settings":{"template":"highway","default_image_id":0,"font":"","enabled":false},"version":2}},"categories":[11],"tags":[],"class_list":["post-2048","post","type-post","status-publish","format-standard","hentry","category-diocese"],"jetpack_publicize_connections":[],"jetpack_featured_media_url":"","jetpack_sharing_enabled":true,"jetpack_shortlink":"https:\/\/wp.me\/p8QOZc-x2","jetpack_likes_enabled":true,"_links":{"self":[{"href":"https:\/\/paroisses-chatenay.fr\/stgermain\/wp-json\/wp\/v2\/posts\/2048","targetHints":{"allow":["GET"]}}],"collection":[{"href":"https:\/\/paroisses-chatenay.fr\/stgermain\/wp-json\/wp\/v2\/posts"}],"about":[{"href":"https:\/\/paroisses-chatenay.fr\/stgermain\/wp-json\/wp\/v2\/types\/post"}],"author":[{"embeddable":true,"href":"https:\/\/paroisses-chatenay.fr\/stgermain\/wp-json\/wp\/v2\/users\/1"}],"replies":[{"embeddable":true,"href":"https:\/\/paroisses-chatenay.fr\/stgermain\/wp-json\/wp\/v2\/comments?post=2048"}],"version-history":[{"count":4,"href":"https:\/\/paroisses-chatenay.fr\/stgermain\/wp-json\/wp\/v2\/posts\/2048\/revisions"}],"predecessor-version":[{"id":3797,"href":"https:\/\/paroisses-chatenay.fr\/stgermain\/wp-json\/wp\/v2\/posts\/2048\/revisions\/3797"}],"wp:attachment":[{"href":"https:\/\/paroisses-chatenay.fr\/stgermain\/wp-json\/wp\/v2\/media?parent=2048"}],"wp:term":[{"taxonomy":"category","embeddable":true,"href":"https:\/\/paroisses-chatenay.fr\/stgermain\/wp-json\/wp\/v2\/categories?post=2048"},{"taxonomy":"post_tag","embeddable":true,"href":"https:\/\/paroisses-chatenay.fr\/stgermain\/wp-json\/wp\/v2\/tags?post=2048"}],"curies":[{"name":"wp","href":"https:\/\/api.w.org\/{rel}","templated":true}]}}