{"id":2074,"date":"2018-03-11T22:15:01","date_gmt":"2018-03-11T21:15:01","guid":{"rendered":"http:\/\/www.paroisses-chatenay.fr\/stgermain\/?p=2074"},"modified":"2019-03-05T10:31:06","modified_gmt":"2019-03-05T09:31:06","slug":"jeudi-22-mars-conference-comment-etre-chretiens-dans-un-monde-qui-ne-lest-plus","status":"publish","type":"post","link":"https:\/\/paroisses-chatenay.fr\/stgermain\/jeudi-22-mars-conference-comment-etre-chretiens-dans-un-monde-qui-ne-lest-plus\/","title":{"rendered":"Jeudi 22 Mars, 20h30 &#8211; Conf\u00e9rence : Comment \u00eatre chr\u00e9tiens dans un monde qui ne l\u2019est plus ?"},"content":{"rendered":"<p><strong>\u00a0<\/strong><strong>\u00ab Comment \u00eatre chr\u00e9tiens dans un monde qui ne l\u2019est plus ? \u00bb<\/strong>\u00a0Tel sera le th\u00e8me de la prochaine conf\u00e9rence paroissiale \u00e0 Fontenay-aux-Roses,\u00a0<strong><u>le jeudi soir 22 mars<\/u><\/strong><u>.<\/u><\/p>\n<h1 style=\"text-align: center;\">Quand la majorit\u00e9 de nos compatriotes sont devenus \u00e9trangers \u00e0 la foi chr\u00e9tienne, quand certains d\u2019entre eux sont hostiles \u00e0 toute expression publique des religions, comment continuer \u00e0 vivre &#8211; et \u00e0 peser &#8211; dans notre soci\u00e9t\u00e9 en tant que chr\u00e9tiens ?<\/h1>\n<h1 style=\"text-align: center;\">C\u2019est \u00e0 ces questions que r\u00e9pondra le<\/h1>\n<h1 style=\"text-align: center;\"><strong>P. Henri-J\u00e9r\u00f4me GAGEY<\/strong>,<\/h1>\n<h1 style=\"text-align: center;\">th\u00e9ologien et vicaire g\u00e9n\u00e9ral du dioc\u00e8se de Cr\u00e9teil.<\/h1>\n<p>O\u00f9 et quand :<br \/>\nA 20H30 \u00e0 l\u2019Espace Paoli,<br \/>\n7 rue du capitaine Paoli, FONTENAY-AUX-ROSES<\/p>\n<p>&nbsp;<\/p>\n","protected":false},"excerpt":{"rendered":"<p>\u00a0\u00ab Comment \u00eatre chr\u00e9tiens dans un monde qui ne l\u2019est plus ? \u00bb\u00a0Tel sera le th\u00e8me de la prochaine conf\u00e9rence paroissiale \u00e0 Fontenay-aux-Roses,\u00a0le jeudi soir 22 mars. Quand la majorit\u00e9 de nos compatriotes sont devenus \u00e9trangers \u00e0 la foi chr\u00e9tienne, quand certains d\u2019entre eux sont hostiles \u00e0 toute expression publique des religions, comment continuer \u00e0 vivre &#8211; et \u00e0 peser &#8211; dans notre soci\u00e9t\u00e9 en tant que chr\u00e9tiens ? C\u2019est \u00e0 ces questions que r\u00e9pondra le P. Henri-J\u00e9r\u00f4me GAGEY, th\u00e9ologien <a class=\"more-link\" href=\"https:\/\/paroisses-chatenay.fr\/stgermain\/jeudi-22-mars-conference-comment-etre-chretiens-dans-un-monde-qui-ne-lest-plus\/\">Lire plus &#8230;<\/a><\/p>\n","protected":false},"author":1,"featured_media":2078,"comment_status":"closed","ping_status":"closed","sticky":false,"template":"","format":"standard","meta":{"_seopress_robots_primary_cat":"","_seopress_titles_title":"","_seopress_titles_desc":"","_seopress_robots_index":"","jetpack_post_was_ever_published":false,"_jetpack_newsletter_access":"","_jetpack_dont_email_post_to_subs":false,"_jetpack_newsletter_tier_id":0,"_jetpack_memberships_contains_paywalled_content":false,"_jetpack_memberships_contains_paid_content":false,"footnotes":"","jetpack_publicize_message":"","jetpack_publicize_feature_enabled":true,"jetpack_social_post_already_shared":true,"jetpack_social_options":{"image_generator_settings":{"template":"highway","default_image_id":0,"font":"","enabled":false},"version":2}},"categories":[14],"tags":[],"class_list":["post-2074","post","type-post","status-publish","format-standard","has-post-thumbnail","hentry","category-conferences"],"jetpack_publicize_connections":[],"jetpack_featured_media_url":"https:\/\/i0.wp.com\/paroisses-chatenay.fr\/stgermain\/wp-content\/uploads\/2018\/03\/etreChretienDansUnMondeQuiNeLestPlus-1.jpg?fit=1440%2C1080&ssl=1","jetpack_sharing_enabled":true,"jetpack_shortlink":"https:\/\/wp.me\/p8QOZc-xs","jetpack_likes_enabled":true,"_links":{"self":[{"href":"https:\/\/paroisses-chatenay.fr\/stgermain\/wp-json\/wp\/v2\/posts\/2074","targetHints":{"allow":["GET"]}}],"collection":[{"href":"https:\/\/paroisses-chatenay.fr\/stgermain\/wp-json\/wp\/v2\/posts"}],"about":[{"href":"https:\/\/paroisses-chatenay.fr\/stgermain\/wp-json\/wp\/v2\/types\/post"}],"author":[{"embeddable":true,"href":"https:\/\/paroisses-chatenay.fr\/stgermain\/wp-json\/wp\/v2\/users\/1"}],"replies":[{"embeddable":true,"href":"https:\/\/paroisses-chatenay.fr\/stgermain\/wp-json\/wp\/v2\/comments?post=2074"}],"version-history":[{"count":2,"href":"https:\/\/paroisses-chatenay.fr\/stgermain\/wp-json\/wp\/v2\/posts\/2074\/revisions"}],"predecessor-version":[{"id":2081,"href":"https:\/\/paroisses-chatenay.fr\/stgermain\/wp-json\/wp\/v2\/posts\/2074\/revisions\/2081"}],"wp:featuredmedia":[{"embeddable":true,"href":"https:\/\/paroisses-chatenay.fr\/stgermain\/wp-json\/wp\/v2\/media\/2078"}],"wp:attachment":[{"href":"https:\/\/paroisses-chatenay.fr\/stgermain\/wp-json\/wp\/v2\/media?parent=2074"}],"wp:term":[{"taxonomy":"category","embeddable":true,"href":"https:\/\/paroisses-chatenay.fr\/stgermain\/wp-json\/wp\/v2\/categories?post=2074"},{"taxonomy":"post_tag","embeddable":true,"href":"https:\/\/paroisses-chatenay.fr\/stgermain\/wp-json\/wp\/v2\/tags?post=2074"}],"curies":[{"name":"wp","href":"https:\/\/api.w.org\/{rel}","templated":true}]}}