{"id":2175,"date":"2018-03-31T19:27:21","date_gmt":"2018-03-31T17:27:21","guid":{"rendered":"http:\/\/www.paroisses-chatenay.fr\/stgermain\/?p=2175"},"modified":"2019-03-05T10:30:34","modified_gmt":"2019-03-05T09:30:34","slug":"dimanche-8-avril14h00-conference-le-savoir-le-croire","status":"publish","type":"post","link":"https:\/\/paroisses-chatenay.fr\/stgermain\/dimanche-8-avril14h00-conference-le-savoir-le-croire\/","title":{"rendered":"Dimanche 8 Avril, 14h00, Conf\u00e9rence : Le Savoir &#038; Le Croire"},"content":{"rendered":"<h3>Le savoir recherche l&rsquo;objectivit\u00e9 et veut \u00eatre partageable avec tous: la science est fond\u00e9e sur lui. Le croire est \u00e0 l&rsquo;oeuvre dans chaque existence, source de vie individuelle et collective, leur donnant sens et guidant l&rsquo;action. Celui-l\u00e0 serait-il incompatible par principe avec celui-ci, l&rsquo;un suspect de domination abusive, l&rsquo;autre vite qualifi\u00e9 de croyance, voire d&rsquo;obscurantisme ?<\/h3>\n<p>Notre \u00e9poque les oppose souvent, et la question de la la\u00efcit\u00e9, en particulier dans l&rsquo;\u00e9ducation, se r\u00e9f\u00e8re souvent \u00e0 ces deux faces de la vie de l&rsquo;esprit. Nous tenterons d&rsquo;illustrer et de clarifier ce d\u00e9bat, autour de la notion de myst\u00e8re.<\/p>\n<h3>PROGRAMME<br \/>\nLa Paroisse St Germain l&rsquo;Auxerrois et l&rsquo;association Chr\u00e9tiens en Forum ont le plaisir de vous inviter aune conf\u00e9rence d\u00e9bat le dimanche 8 avril 2018, dans la grande salle de la paroisse. Entr\u00e9e par le 2 rue du Lavoir. Parking au 9\/11 rue Voltaire.<\/h3>\n<p>Garderie pour les enfants de moins de 10 ans. Entr\u00e9e libre, libre participation aux frais<br \/>\n14h Caf\u00e9 d&rsquo;accueil<br \/>\n14h30 Conf\u00e9rence de Pierre L\u00e9na<br \/>\n15hl5 D\u00e9bat avec la salle<br \/>\n16h Fin<\/p>\n<h4>NOTRE INTERVENANT, <strong>PIERRE LENA<\/strong><br \/>\nPierre L\u00e9na est astrophysicien, professeur \u00e9m\u00e9rite \u00e0 l&rsquo;Universit\u00e9 Paris-Diderot et membre de l&rsquo;Acad\u00e9mie des sciences, ainsi que de l&rsquo;Acad\u00e9mie pontificale des sciences.<\/h4>\n<p>Apr\u00e8s une carri\u00e8re universitaire et nombre de travaux en astrophysique, il s&rsquo;est engag\u00e9 depuis 1996, aux c\u00f4t\u00e9s de Georges Charpak et Yves Ou\u00e9r\u00e9, pour cr\u00e9er puis d\u00e9velopper l&rsquo;action La main \u00e0 la p\u00e2te.<\/p>\n<p>Celle-ci, en France, puis dans le monde, s&rsquo;est attach\u00e9e \u00e0 r\u00e9nover l&rsquo;enseignement scientifique \u00e9l\u00e9mentaire dans les \u00e9coles et coll\u00e8ges.<\/p>\n<p>De tr\u00e8s nombreuses rencontres avec des professeurs ont conduit Pierre L\u00e9na \u00e0 s&rsquo;interroger plus largement sur les rapports entre science et soci\u00e9t\u00e9, notamment autour des questions d&rsquo;\u00e9thique (Pr\u00e9sidence du Comit\u00e9 d&rsquo;\u00e9thique du CNRS) et \u00e9galement entre savoir et croire.<\/p>\n<p>Pierre L\u00e9na est notamment l&rsquo;auteur de La Science (\u00e9d. Descl\u00e9e de Brouwer) et Enseigner c&rsquo;est esp\u00e9rer (\u00e9d. Le Pommier).<\/p>\n<p>Le tract :\u00a0<a href=\"http:\/\/www.paroisses-chatenay.fr\/stgermain\/wp-content\/uploads\/2018\/03\/leSavoirEtLeCroire.pdf\">leSavoirEtLeCroire<\/a><\/p>\n","protected":false},"excerpt":{"rendered":"<p>Le savoir recherche l&rsquo;objectivit\u00e9 et veut \u00eatre partageable avec tous: la science est fond\u00e9e sur lui. Le croire est \u00e0 l&rsquo;oeuvre dans chaque existence, source de vie individuelle et collective, leur donnant sens et guidant l&rsquo;action. Celui-l\u00e0 serait-il incompatible par principe avec celui-ci, l&rsquo;un suspect de domination abusive, l&rsquo;autre vite qualifi\u00e9 de croyance, voire d&rsquo;obscurantisme ? Notre \u00e9poque les oppose souvent, et la question de la la\u00efcit\u00e9, en particulier dans l&rsquo;\u00e9ducation, se r\u00e9f\u00e8re souvent \u00e0 ces deux faces de la <a class=\"more-link\" href=\"https:\/\/paroisses-chatenay.fr\/stgermain\/dimanche-8-avril14h00-conference-le-savoir-le-croire\/\">Lire plus &#8230;<\/a><\/p>\n","protected":false},"author":1,"featured_media":0,"comment_status":"closed","ping_status":"closed","sticky":false,"template":"","format":"standard","meta":{"_seopress_robots_primary_cat":"","_seopress_titles_title":"","_seopress_titles_desc":"","_seopress_robots_index":"","jetpack_post_was_ever_published":false,"_jetpack_newsletter_access":"","_jetpack_dont_email_post_to_subs":false,"_jetpack_newsletter_tier_id":0,"_jetpack_memberships_contains_paywalled_content":false,"_jetpack_memberships_contains_paid_content":false,"footnotes":"","jetpack_publicize_message":"","jetpack_publicize_feature_enabled":true,"jetpack_social_post_already_shared":true,"jetpack_social_options":{"image_generator_settings":{"template":"highway","default_image_id":0,"font":"","enabled":false},"version":2}},"categories":[14],"tags":[],"class_list":["post-2175","post","type-post","status-publish","format-standard","hentry","category-conferences"],"jetpack_publicize_connections":[],"jetpack_featured_media_url":"","jetpack_sharing_enabled":true,"jetpack_shortlink":"https:\/\/wp.me\/p8QOZc-z5","jetpack_likes_enabled":true,"_links":{"self":[{"href":"https:\/\/paroisses-chatenay.fr\/stgermain\/wp-json\/wp\/v2\/posts\/2175","targetHints":{"allow":["GET"]}}],"collection":[{"href":"https:\/\/paroisses-chatenay.fr\/stgermain\/wp-json\/wp\/v2\/posts"}],"about":[{"href":"https:\/\/paroisses-chatenay.fr\/stgermain\/wp-json\/wp\/v2\/types\/post"}],"author":[{"embeddable":true,"href":"https:\/\/paroisses-chatenay.fr\/stgermain\/wp-json\/wp\/v2\/users\/1"}],"replies":[{"embeddable":true,"href":"https:\/\/paroisses-chatenay.fr\/stgermain\/wp-json\/wp\/v2\/comments?post=2175"}],"version-history":[{"count":1,"href":"https:\/\/paroisses-chatenay.fr\/stgermain\/wp-json\/wp\/v2\/posts\/2175\/revisions"}],"predecessor-version":[{"id":2177,"href":"https:\/\/paroisses-chatenay.fr\/stgermain\/wp-json\/wp\/v2\/posts\/2175\/revisions\/2177"}],"wp:attachment":[{"href":"https:\/\/paroisses-chatenay.fr\/stgermain\/wp-json\/wp\/v2\/media?parent=2175"}],"wp:term":[{"taxonomy":"category","embeddable":true,"href":"https:\/\/paroisses-chatenay.fr\/stgermain\/wp-json\/wp\/v2\/categories?post=2175"},{"taxonomy":"post_tag","embeddable":true,"href":"https:\/\/paroisses-chatenay.fr\/stgermain\/wp-json\/wp\/v2\/tags?post=2175"}],"curies":[{"name":"wp","href":"https:\/\/api.w.org\/{rel}","templated":true}]}}