{"id":2203,"date":"2018-04-07T08:21:21","date_gmt":"2018-04-07T06:21:21","guid":{"rendered":"http:\/\/www.paroisses-chatenay.fr\/stgermain\/?p=2203"},"modified":"2019-03-05T10:30:24","modified_gmt":"2019-03-05T09:30:24","slug":"jeudi-12-avril-20h30-conference-la-planete-jeunes-et-la-foi","status":"publish","type":"post","link":"https:\/\/paroisses-chatenay.fr\/stgermain\/jeudi-12-avril-20h30-conference-la-planete-jeunes-et-la-foi\/","title":{"rendered":"Jeudi 12 Avril, 20h30, Conf\u00e9rence : \u00ab La Plan\u00e8te Jeunes et la foi\u00a0\u00bb"},"content":{"rendered":"<p><strong>\u00ab La Plan\u00e8te Jeunes et la foi\u00a0\u00bb\u00a0:<\/strong>\u00a0th\u00e8me de la prochaine conf\u00e9rence inter-paroissiale, \u00e0 Fontenay-aux-Roses, <strong><u>le jeudi 12 avril.<\/u><\/strong><\/p>\n<p>A l\u2019approche du Synode sur les jeunes et la foi, organis\u00e9 en octobre prochain autour du pape Fran\u00e7ois, nous accueillerons <strong>s\u0153ur Nathalie BECQUART, xavi\u00e8re. <\/strong>A la Conf\u00e9rence des \u00e9v\u00eaques de France, \u00e0 Paris, elle est la directrice du Service national pour l\u2019\u00e9vang\u00e9lisation des jeunes et pour les vocations.<\/p>\n<p>A 20H30 \u00e0 l\u2019Espace Paoli<br \/>\n7 rue du capitaine Paoli<br \/>\nFONTENAY-AUX-ROSES.<\/p>\n","protected":false},"excerpt":{"rendered":"<p>\u00ab La Plan\u00e8te Jeunes et la foi\u00a0\u00bb\u00a0:\u00a0th\u00e8me de la prochaine conf\u00e9rence inter-paroissiale, \u00e0 Fontenay-aux-Roses, le jeudi 12 avril. A l\u2019approche du Synode sur les jeunes et la foi, organis\u00e9 en octobre prochain autour du pape Fran\u00e7ois, nous accueillerons s\u0153ur Nathalie BECQUART, xavi\u00e8re. A la Conf\u00e9rence des \u00e9v\u00eaques de France, \u00e0 Paris, elle est la directrice du Service national pour l\u2019\u00e9vang\u00e9lisation des jeunes et pour les vocations. A 20H30 \u00e0 l\u2019Espace Paoli 7 rue du capitaine Paoli FONTENAY-AUX-ROSES.<\/p>\n","protected":false},"author":1,"featured_media":2205,"comment_status":"closed","ping_status":"closed","sticky":false,"template":"","format":"standard","meta":{"_seopress_robots_primary_cat":"","_seopress_titles_title":"","_seopress_titles_desc":"","_seopress_robots_index":"","jetpack_post_was_ever_published":false,"_jetpack_newsletter_access":"","_jetpack_dont_email_post_to_subs":false,"_jetpack_newsletter_tier_id":0,"_jetpack_memberships_contains_paywalled_content":false,"_jetpack_memberships_contains_paid_content":false,"footnotes":"","jetpack_publicize_message":"","jetpack_publicize_feature_enabled":true,"jetpack_social_post_already_shared":true,"jetpack_social_options":{"image_generator_settings":{"template":"highway","default_image_id":0,"font":"","enabled":false},"version":2}},"categories":[14],"tags":[],"class_list":["post-2203","post","type-post","status-publish","format-standard","has-post-thumbnail","hentry","category-conferences"],"jetpack_publicize_connections":[],"jetpack_featured_media_url":"https:\/\/i0.wp.com\/paroisses-chatenay.fr\/stgermain\/wp-content\/uploads\/2018\/04\/planeteJeunes.jpg?fit=799%2C531&ssl=1","jetpack_sharing_enabled":true,"jetpack_shortlink":"https:\/\/wp.me\/p8QOZc-zx","jetpack_likes_enabled":true,"_links":{"self":[{"href":"https:\/\/paroisses-chatenay.fr\/stgermain\/wp-json\/wp\/v2\/posts\/2203","targetHints":{"allow":["GET"]}}],"collection":[{"href":"https:\/\/paroisses-chatenay.fr\/stgermain\/wp-json\/wp\/v2\/posts"}],"about":[{"href":"https:\/\/paroisses-chatenay.fr\/stgermain\/wp-json\/wp\/v2\/types\/post"}],"author":[{"embeddable":true,"href":"https:\/\/paroisses-chatenay.fr\/stgermain\/wp-json\/wp\/v2\/users\/1"}],"replies":[{"embeddable":true,"href":"https:\/\/paroisses-chatenay.fr\/stgermain\/wp-json\/wp\/v2\/comments?post=2203"}],"version-history":[{"count":1,"href":"https:\/\/paroisses-chatenay.fr\/stgermain\/wp-json\/wp\/v2\/posts\/2203\/revisions"}],"predecessor-version":[{"id":2204,"href":"https:\/\/paroisses-chatenay.fr\/stgermain\/wp-json\/wp\/v2\/posts\/2203\/revisions\/2204"}],"wp:featuredmedia":[{"embeddable":true,"href":"https:\/\/paroisses-chatenay.fr\/stgermain\/wp-json\/wp\/v2\/media\/2205"}],"wp:attachment":[{"href":"https:\/\/paroisses-chatenay.fr\/stgermain\/wp-json\/wp\/v2\/media?parent=2203"}],"wp:term":[{"taxonomy":"category","embeddable":true,"href":"https:\/\/paroisses-chatenay.fr\/stgermain\/wp-json\/wp\/v2\/categories?post=2203"},{"taxonomy":"post_tag","embeddable":true,"href":"https:\/\/paroisses-chatenay.fr\/stgermain\/wp-json\/wp\/v2\/tags?post=2203"}],"curies":[{"name":"wp","href":"https:\/\/api.w.org\/{rel}","templated":true}]}}