{"id":2270,"date":"2018-05-20T18:23:57","date_gmt":"2018-05-20T16:23:57","guid":{"rendered":"http:\/\/www.paroisses-chatenay.fr\/stgermain\/?p=2270"},"modified":"2019-03-05T10:30:04","modified_gmt":"2019-03-05T09:30:04","slug":"le-mot-du-cure-quelques-nouvelles","status":"publish","type":"post","link":"https:\/\/paroisses-chatenay.fr\/stgermain\/le-mot-du-cure-quelques-nouvelles\/","title":{"rendered":"Le Mot du Cur\u00e9 : Quelques Nouvelles"},"content":{"rendered":"<p>Je viens vous donner quelques nouvelles. L&rsquo;annonce, en a \u00e9t\u00e9 faite lors des messes dominicales du premier week-end de mai, mais bon nombre d&rsquo;entre vous \u00e9taient absents ; d&rsquo;o\u00f9 la n\u00e9cessit\u00e9 de ce mot.<\/p>\n<p>Depuis septembre 2010, l\u2019\u00e9v\u00eaque du dioc\u00e8se de Nanterre, m&rsquo;a nomm\u00e9 cur\u00e9 au service des paroisses Ste-Bathilde, St-Germain-l&rsquo;Auxerrois et Ste-Th\u00e9r\u00e8sed&rsquo;Avila\/Ste-Monique-de-la-Butte-Rouge. Cette nomination prendra fin le 31 ao\u00fbt prochain.<\/p>\n<p>En avril dernier, notre administrateur dioc\u00e9sain, le <strong>P. Hugues de Woillemont<\/strong>, m&rsquo;a nomm\u00e9 \u00e0 partir du 1er septembre 2018, administrateur paroissial de l&rsquo;ensemble pastoral \u00ab Asni\u00e8res-Centre \u00bb qui comprend la paroisse Sainte-Genevi\u00e8ve et la paroisse Notre-Dame-du-Perp\u00e9tuel-Secours, \u00e0 Asni\u00e8res- sur-Seine.<\/p>\n<p>En l&rsquo;absence d&rsquo;\u00e9v\u00eaque dans notre dioc\u00e8se, un administrateur dioc\u00e9sain ne peut pas nommer de cur\u00e9 ; mais il peut nommer \u00e0 la place un \u00ab administrateur paroissial \u00bb au service d&rsquo;une paroisse. Le 1er septembre, vous aurez la joie de faire connaissance avec mon successeur, le <strong>P. Dominique Doyhenart<\/strong>, actuel vicaire de la paroisse Saint-Jean-Porte-Latine \u00e0 Antony, et \u00e0 mi-temps, aum\u00f4nier dioc\u00e9sain pour le secteur sud du d\u00e9partement de l\u2019ACO (Action Catholique Ouvri\u00e8re) et JOC (Jeunesse Ouvri\u00e8re Catholique).<\/p>\n<p>De plus, \u00e0 partir de ce 1er septembre :<br \/>\n&#8211; le <strong>P. Jean-Claude B\u00e9e<\/strong> ne sera plus vicaire sur les trois paroisses, ni pr\u00eatre r\u00e9f\u00e9rent de la paroisse Sainte-Bathilde. Il passe en situation de pleine retraite et vivra principalement \u00e0 \u00c9coulandre, en Vend\u00e9e. En 2019, lorsqu&rsquo;il viendra quelques jours \u00e0 Chatenay-Malabry, Jean-Claude pourra rendre des services, en cas de besoin \u00e0 la demande de Dominique, \u00e0 la paroisse Sainte-Bathilde ;<br \/>\n&#8211; le <strong>P. Joseph NGuyen<\/strong> a \u00e9t\u00e9 renouvel\u00e9 pour un an comme vicaire au service des trois paroisses et restera pr\u00eatre r\u00e9f\u00e9rent de la paroisse Saint-Germain ;<br \/>\n&#8211; le <strong>P. Augustin Baboloma<\/strong> sera pr\u00e9sent encore un an, comme pr\u00eatre \u00e9tudiant au service des trois paroisses ;<\/p>\n<p>&#8211; les diacres <strong>Jean-Marie Parant<\/strong> et <strong>Daniel Tr\u00e9pier<\/strong> resteront au service des trois paroisses, en se partageant au mieux les activit\u00e9s pastorales, en plus de leur mission dans les services dioc\u00e9sains de l&rsquo;\u00e9v\u00each\u00e9 ;<br \/>\n&#8211; compte tenu de la mission particuli\u00e8re de <strong>Jean-Marie<\/strong> (<a href=\"http:\/\/www.paroisses-chatenay.fr\/stgermain\/epicerie-bol-dair\/\" target=\"_blank\" rel=\"noopener noreferrer\">le lancement de l&rsquo;\u00e9picerie solidaire et sociale d\u00e9nomm\u00e9e \u00ab Bol d&rsquo;Air \u00bb<\/a> \u00e0 partir du 1er septembre et qui mobilise d\u00e9j\u00e0 plus d&rsquo;une cinquantaine de b\u00e9n\u00e9voles), qui le rendra moins pr\u00e9sent dans le service cultuel, Daniel sera appel\u00e9 \u00e0 davantage participer \u00e0 la c\u00e9l\u00e9bration des sacrements \u00e0 la paroisse Saint-Germain ;<br \/>\n&#8211; le foyer d&rsquo;accueil de la paroisse Sainte-Bathilde, <strong>Florentine et Damien Roidot<\/strong>, d\u00e9m\u00e9nage et cesse donc son service d\u00e8s le 30 juin prochain. \u00c0 ce jour, ni la paroisse, ni l&rsquo;\u00e9v\u00each\u00e9 n&rsquo;ont pu trouver un nouveau foyer accueil, d&rsquo;autant que d&rsquo;autres paroisses dans le dioc\u00e8se de Nanterre sont en attente d&rsquo;un foyer d&rsquo;accueil ;<br \/>\n&#8211; pour l&rsquo;ann\u00e9e scolaire 2018-2019, <strong>Romuald et Amie Calixte<\/strong> restent foyer accueil pour la paroisse Sainte-Th\u00e9r\u00e8se ;<br \/>\n&#8211; et pour l&rsquo;Aum\u00f4nerie de l&rsquo;Enseignement Public, <strong>Maryelle Pillard<\/strong> en reste responsable.<\/p>\n<p>J&rsquo;ai toujours eu le souci que l&rsquo;action pastorale ne soit pas centr\u00e9e sur l&rsquo;agenda du cur\u00e9, mais sur la n\u00e9cessit\u00e9 de la solidarit\u00e9, du bien spirituel et humain des communaut\u00e9s paroissiales, ainsi que de l&rsquo;annonce de l&rsquo;\u00c9vangile. D&rsquo;o\u00f9 la mise en place de pr\u00eatres r\u00e9f\u00e9rents pour chacune des trois paroisses et d&rsquo;une \u00e9troite coop\u00e9ration (et communion) avec les diacres et la\u00efcs, fond\u00e9e sur le principe de subsidiarit\u00e9.<\/p>\n<p>Je souhaite dire merci pour tout ce que le Seigneur a fait avec vous et pour vous, et par vous tous. Et merci aux pr\u00eatres, aux diacres et leurs \u00e9pouses, aux la\u00efcs en mission eccl\u00e9siale, salari\u00e9s, b\u00e9n\u00e9voles, et tous ceux qui, d&rsquo;une mani\u00e8re ou d&rsquo;une autre, ont particip\u00e9 \u00e0 la vie paroissiale et missionnaire pendant ces huit ann\u00e9es, notamment tous ceux que la fatigue et la maladie ont retenu \u00e0 leur domicile ou en maison de retraite, et qui par leurs pri\u00e8res ont \u00e9t\u00e9 indispensables \u00e0 l&rsquo;annonce de l&rsquo;\u00c9vangile dans nos quartiers.<\/p>\n<p>P\u00e8re <strong>Didier Rapin<\/strong><\/p>\n","protected":false},"excerpt":{"rendered":"<p>Je viens vous donner quelques nouvelles. L&rsquo;annonce, en a \u00e9t\u00e9 faite lors des messes dominicales du premier week-end de mai, mais bon nombre d&rsquo;entre vous \u00e9taient absents ; d&rsquo;o\u00f9 la n\u00e9cessit\u00e9 de ce mot. Depuis septembre 2010, l\u2019\u00e9v\u00eaque du dioc\u00e8se de Nanterre, m&rsquo;a nomm\u00e9 cur\u00e9 au service des paroisses Ste-Bathilde, St-Germain-l&rsquo;Auxerrois et Ste-Th\u00e9r\u00e8sed&rsquo;Avila\/Ste-Monique-de-la-Butte-Rouge. Cette nomination prendra fin le 31 ao\u00fbt prochain. En avril dernier, notre administrateur dioc\u00e9sain, le P. Hugues de Woillemont, m&rsquo;a nomm\u00e9 \u00e0 partir du 1er septembre 2018, <a class=\"more-link\" href=\"https:\/\/paroisses-chatenay.fr\/stgermain\/le-mot-du-cure-quelques-nouvelles\/\">Lire plus &#8230;<\/a><\/p>\n","protected":false},"author":1,"featured_media":1348,"comment_status":"closed","ping_status":"closed","sticky":false,"template":"","format":"standard","meta":{"_seopress_robots_primary_cat":"","_seopress_titles_title":"","_seopress_titles_desc":"","_seopress_robots_index":"","jetpack_post_was_ever_published":false,"_jetpack_newsletter_access":"","_jetpack_dont_email_post_to_subs":false,"_jetpack_newsletter_tier_id":0,"_jetpack_memberships_contains_paywalled_content":false,"_jetpack_memberships_contains_paid_content":false,"footnotes":"","jetpack_publicize_message":"","jetpack_publicize_feature_enabled":true,"jetpack_social_post_already_shared":true,"jetpack_social_options":{"image_generator_settings":{"template":"highway","default_image_id":0,"font":"","enabled":false},"version":2}},"categories":[53],"tags":[],"class_list":["post-2270","post","type-post","status-publish","format-standard","has-post-thumbnail","hentry","category-le-mot-du-cure"],"jetpack_publicize_connections":[],"jetpack_featured_media_url":"https:\/\/i0.wp.com\/paroisses-chatenay.fr\/stgermain\/wp-content\/uploads\/2017\/10\/3paroisses.jpg?fit=300%2C211&ssl=1","jetpack_sharing_enabled":true,"jetpack_shortlink":"https:\/\/wp.me\/p8QOZc-AC","jetpack_likes_enabled":true,"_links":{"self":[{"href":"https:\/\/paroisses-chatenay.fr\/stgermain\/wp-json\/wp\/v2\/posts\/2270","targetHints":{"allow":["GET"]}}],"collection":[{"href":"https:\/\/paroisses-chatenay.fr\/stgermain\/wp-json\/wp\/v2\/posts"}],"about":[{"href":"https:\/\/paroisses-chatenay.fr\/stgermain\/wp-json\/wp\/v2\/types\/post"}],"author":[{"embeddable":true,"href":"https:\/\/paroisses-chatenay.fr\/stgermain\/wp-json\/wp\/v2\/users\/1"}],"replies":[{"embeddable":true,"href":"https:\/\/paroisses-chatenay.fr\/stgermain\/wp-json\/wp\/v2\/comments?post=2270"}],"version-history":[{"count":2,"href":"https:\/\/paroisses-chatenay.fr\/stgermain\/wp-json\/wp\/v2\/posts\/2270\/revisions"}],"predecessor-version":[{"id":3792,"href":"https:\/\/paroisses-chatenay.fr\/stgermain\/wp-json\/wp\/v2\/posts\/2270\/revisions\/3792"}],"wp:featuredmedia":[{"embeddable":true,"href":"https:\/\/paroisses-chatenay.fr\/stgermain\/wp-json\/wp\/v2\/media\/1348"}],"wp:attachment":[{"href":"https:\/\/paroisses-chatenay.fr\/stgermain\/wp-json\/wp\/v2\/media?parent=2270"}],"wp:term":[{"taxonomy":"category","embeddable":true,"href":"https:\/\/paroisses-chatenay.fr\/stgermain\/wp-json\/wp\/v2\/categories?post=2270"},{"taxonomy":"post_tag","embeddable":true,"href":"https:\/\/paroisses-chatenay.fr\/stgermain\/wp-json\/wp\/v2\/tags?post=2270"}],"curies":[{"name":"wp","href":"https:\/\/api.w.org\/{rel}","templated":true}]}}