{"id":2277,"date":"2018-05-20T18:46:43","date_gmt":"2018-05-20T16:46:43","guid":{"rendered":"http:\/\/www.paroisses-chatenay.fr\/stgermain\/?p=2277"},"modified":"2019-03-09T18:32:50","modified_gmt":"2019-03-09T17:32:50","slug":"regard-sur-une-annee","status":"publish","type":"post","link":"https:\/\/paroisses-chatenay.fr\/stgermain\/regard-sur-une-annee\/","title":{"rendered":"Regard sur une ann\u00e9e"},"content":{"rendered":"<p>Approchant la fin de cette ann\u00e9e v\u00e9cue parmi vous, chers paroissiens, me voici invit\u00e9e \u00e0 \u00e9crire pour partager un peu de mon regard \u00ab d\u2019\u00e9trang\u00e8re \u00bb sur nos paroisses, regard d\u2019une qu\u00e9b\u00e9coise anglophone famili\u00e8re surtout du milieu monastique.<\/p>\n<p>Que dire ? Avant tout, je veux rendre gr\u00e2ce pour l\u2019action de Dieu si pr\u00e9sente et agissante dans vos trois communaut\u00e9s, (que je connais surtout de Saint-Germain).<\/p>\n<p>Je remercie Dieu, tout d\u2019abord, pour votre belle simplicit\u00e9 et attention fraternelle. L\u2019initiative du repas partag\u00e9 r\u00e9gulier, entre autres, nouvelle pour moi, me semble excellente et l\u2019\u00e9quipe d\u2019accueil \u00e0 l\u2019entr\u00e9e de l\u2019\u00e9glise importante. Multipliez des initiatives qui construisent cette communion fraternelle, lieu de la pr\u00e9sence de Dieu ! Nos fr\u00e8res protestants peuvent nous montrer des pistes (\u00e0 adapter pour chaque situation) pour fortifier cette fraternit\u00e9 : verre de l\u2019amiti\u00e9 \u00e0 la fin des c\u00e9l\u00e9brations, \u00e9quipe d\u2019accueil qui apprend \u00e0 conna\u00eetre et \u00e0 se soucier de chacun, groupes de partage et d\u2019\u00e9tude de la Bible. Se cr\u00e9e ainsi une forte communion familiale qui attire ceux qui sont en qu\u00eate de l\u2019Amour et qui est parfois peu exprim\u00e9e dans nos paroisses catholiques.<\/p>\n<p>Je b\u00e9nis Dieu pour votre attention envers les pauvres et ceux des p\u00e9riph\u00e9ries. Le vestiaire, la cr\u00e9ation de l\u2019\u00e9picerie solidaire, l\u2019action de la SSVP, le CCFD, etc&#8230; : cela est vraiment un t\u00e9moignage rendu \u00e0 l\u2019amour que Dieu donne. Comment continuer cela en sortant rejoindre les autres l\u00e0 o\u00f9 ils sont, davantage qu\u2019attendre qu\u2019ils ne viennent chez nous ? \u00c0 quelles formes de t\u00e9moignage de l\u2019\u00c9vangile, y compris explicite, Dieu vous appelle-t-il aujourd\u2019hui ?<\/p>\n<p>Je rends gr\u00e2ce encore pour toutes ces mains mises \u00e0 la p\u00e2te, toutes ces personnes qui s\u2019engagent un peu ou beaucoup pour contribuer \u00e0 la vie paroissiale. C\u2019est au coeur de l\u2019\u00c9glise que Dieu donne son salut et en nous y engageant nous entrons plus profond\u00e9ment dans le salut de Dieu ; nous sommes invit\u00e9s \u00e0 collaborer avec Dieu. Dieu se donne dans ces services et c\u2019est \u00e0 chacun de contribuer \u00e0 cette vie familiale. Engageons-nous chacun d\u2019avantage pour Dieu et, en priant, discernons quelle contribution, petite ou grande, Dieu nous invite \u00e0 donner. Bien des domaines existent, ayons de l\u2019initiative. Des personnes form\u00e9es sont parmi vous qui peuvent former d\u2019autres et un travail organis\u00e9 en \u00e9quipe est un lieu (exigeant) de gr\u00e2ce. Ce n\u2019est pas toujours facile, notamment quand peu de personnes sont amen\u00e9es \u00e0 porter beaucoup ; puis-je m\u2019engager d\u2019avantage pour all\u00e9ger d\u2019autres surcharg\u00e9s ?<\/p>\n<p>Pour conclure, j\u2019aimerai reprendre l\u2019appel du Pape dans sa derni\u00e8re exhortation Gaudete et exsultate de se ressourcer en Dieu. C\u2019est son Esprit qui nous rend joyeux et f\u00e9cond, c\u2019est sa saintet\u00e9 qui rend nos communaut\u00e9s vivantes et attrayantes. \u00ab Cherchez d\u2019abord le royaume de Dieu et sa justice, et tout cela vous sera donn\u00e9 par surcro\u00eet. \u00bb (Mt 6, 33).<\/p>\n<p>Que Marie nous aide sur ce chemin de saintet\u00e9 paroissiale !<br \/>\n<strong>Rose Mary Barrett<\/strong><\/p>\n","protected":false},"excerpt":{"rendered":"<p>Approchant la fin de cette ann\u00e9e v\u00e9cue parmi vous, chers paroissiens, me voici invit\u00e9e \u00e0 \u00e9crire pour partager un peu de mon regard \u00ab d\u2019\u00e9trang\u00e8re \u00bb sur nos paroisses, regard d\u2019une qu\u00e9b\u00e9coise anglophone famili\u00e8re surtout du milieu monastique. Que dire ? Avant tout, je veux rendre gr\u00e2ce pour l\u2019action de Dieu si pr\u00e9sente et agissante dans vos trois communaut\u00e9s, (que je connais surtout de Saint-Germain). Je remercie Dieu, tout d\u2019abord, pour votre belle simplicit\u00e9 et attention fraternelle. L\u2019initiative du repas <a class=\"more-link\" href=\"https:\/\/paroisses-chatenay.fr\/stgermain\/regard-sur-une-annee\/\">Lire plus &#8230;<\/a><\/p>\n","protected":false},"author":1,"featured_media":2278,"comment_status":"closed","ping_status":"closed","sticky":false,"template":"","format":"standard","meta":{"_seopress_robots_primary_cat":"none","_seopress_titles_title":"","_seopress_titles_desc":"","_seopress_robots_index":"","jetpack_post_was_ever_published":false,"_jetpack_newsletter_access":"","_jetpack_dont_email_post_to_subs":false,"_jetpack_newsletter_tier_id":0,"_jetpack_memberships_contains_paywalled_content":false,"_jetpack_memberships_contains_paid_content":false,"footnotes":"","jetpack_publicize_message":"","jetpack_publicize_feature_enabled":true,"jetpack_social_post_already_shared":true,"jetpack_social_options":{"image_generator_settings":{"template":"highway","default_image_id":0,"font":"","enabled":false},"version":2}},"categories":[56],"tags":[],"class_list":["post-2277","post","type-post","status-publish","format-standard","has-post-thumbnail","hentry","category-temoignage"],"jetpack_publicize_connections":[],"jetpack_featured_media_url":"https:\/\/i0.wp.com\/paroisses-chatenay.fr\/stgermain\/wp-content\/uploads\/2018\/05\/Pentecote.jpg?fit=440%2C628&ssl=1","jetpack_sharing_enabled":true,"jetpack_shortlink":"https:\/\/wp.me\/p8QOZc-AJ","jetpack_likes_enabled":true,"_links":{"self":[{"href":"https:\/\/paroisses-chatenay.fr\/stgermain\/wp-json\/wp\/v2\/posts\/2277","targetHints":{"allow":["GET"]}}],"collection":[{"href":"https:\/\/paroisses-chatenay.fr\/stgermain\/wp-json\/wp\/v2\/posts"}],"about":[{"href":"https:\/\/paroisses-chatenay.fr\/stgermain\/wp-json\/wp\/v2\/types\/post"}],"author":[{"embeddable":true,"href":"https:\/\/paroisses-chatenay.fr\/stgermain\/wp-json\/wp\/v2\/users\/1"}],"replies":[{"embeddable":true,"href":"https:\/\/paroisses-chatenay.fr\/stgermain\/wp-json\/wp\/v2\/comments?post=2277"}],"version-history":[{"count":1,"href":"https:\/\/paroisses-chatenay.fr\/stgermain\/wp-json\/wp\/v2\/posts\/2277\/revisions"}],"predecessor-version":[{"id":2279,"href":"https:\/\/paroisses-chatenay.fr\/stgermain\/wp-json\/wp\/v2\/posts\/2277\/revisions\/2279"}],"wp:featuredmedia":[{"embeddable":true,"href":"https:\/\/paroisses-chatenay.fr\/stgermain\/wp-json\/wp\/v2\/media\/2278"}],"wp:attachment":[{"href":"https:\/\/paroisses-chatenay.fr\/stgermain\/wp-json\/wp\/v2\/media?parent=2277"}],"wp:term":[{"taxonomy":"category","embeddable":true,"href":"https:\/\/paroisses-chatenay.fr\/stgermain\/wp-json\/wp\/v2\/categories?post=2277"},{"taxonomy":"post_tag","embeddable":true,"href":"https:\/\/paroisses-chatenay.fr\/stgermain\/wp-json\/wp\/v2\/tags?post=2277"}],"curies":[{"name":"wp","href":"https:\/\/api.w.org\/{rel}","templated":true}]}}