{"id":2439,"date":"2018-07-01T14:20:12","date_gmt":"2018-07-01T12:20:12","guid":{"rendered":"http:\/\/www.paroisses-chatenay.fr\/stgermain\/?p=2439"},"modified":"2019-03-05T10:28:35","modified_gmt":"2019-03-05T09:28:35","slug":"cet-ete-a-saint-germain-et-sur-chatenay","status":"publish","type":"post","link":"https:\/\/paroisses-chatenay.fr\/stgermain\/cet-ete-a-saint-germain-et-sur-chatenay\/","title":{"rendered":"Cet \u00e9t\u00e9 \u00e0 Saint Germain et sur Ch\u00e2tenay"},"content":{"rendered":"<p>Quelques rendez-vous et points d&rsquo;attention pour les mois de juillet, ao\u00fbt et septembre.<\/p>\n<div>D\u00eeners fraternels tous les jeudis de 19h30 \u00e0 22h :<\/div>\n<div>&#8211; en juillet \u00e0 Saint Germain l&rsquo;Auxerrois,<\/div>\n<div>&#8211; en ao\u00fbt \u00e0 Sainte Th\u00e9r\u00e8se d&rsquo;Avila<\/div>\n<p><span style=\"color: #008000;\"><strong><br \/>\nFermetures<\/strong> <\/span>pendant les vacances d\u2019\u00e9t\u00e9 2018<br \/>\n&#8211; Secr\u00e9tariat et Accueil, du 1er juillet au 2 septembre inclus.<br \/>\n&#8211; Vestiaire et \u00ab Caf\u00e9 du Lundi \u00bb, du 26 juin au 30 septembre inclus :<br \/>\n<span style=\"color: #ff0000;\">Merci de ne rien d\u00e9poser au centre paroissial pendant cette p\u00e9riode.<\/span><\/p>\n","protected":false},"excerpt":{"rendered":"<p>Quelques rendez-vous et points d&rsquo;attention pour les mois de juillet, ao\u00fbt et septembre. D\u00eeners fraternels tous les jeudis de 19h30 \u00e0 22h : &#8211; en juillet \u00e0 Saint Germain l&rsquo;Auxerrois, &#8211; en ao\u00fbt \u00e0 Sainte Th\u00e9r\u00e8se d&rsquo;Avila Fermetures pendant les vacances d\u2019\u00e9t\u00e9 2018 &#8211; Secr\u00e9tariat et Accueil, du 1er juillet au 2 septembre inclus. &#8211; Vestiaire et \u00ab Caf\u00e9 du Lundi \u00bb, du 26 juin au 30 septembre inclus : Merci de ne rien d\u00e9poser au centre paroissial pendant cette <a class=\"more-link\" href=\"https:\/\/paroisses-chatenay.fr\/stgermain\/cet-ete-a-saint-germain-et-sur-chatenay\/\">Lire plus &#8230;<\/a><\/p>\n","protected":false},"author":1,"featured_media":0,"comment_status":"closed","ping_status":"closed","sticky":false,"template":"","format":"standard","meta":{"_seopress_robots_primary_cat":"","_seopress_titles_title":"","_seopress_titles_desc":"","_seopress_robots_index":"","jetpack_post_was_ever_published":false,"_jetpack_newsletter_access":"","_jetpack_dont_email_post_to_subs":false,"_jetpack_newsletter_tier_id":0,"_jetpack_memberships_contains_paywalled_content":false,"_jetpack_memberships_contains_paid_content":false,"footnotes":"","jetpack_publicize_message":"","jetpack_publicize_feature_enabled":true,"jetpack_social_post_already_shared":true,"jetpack_social_options":{"image_generator_settings":{"template":"highway","default_image_id":0,"font":"","enabled":false},"version":2}},"categories":[5],"tags":[],"class_list":["post-2439","post","type-post","status-publish","format-standard","hentry","category-la-paroisse-2"],"jetpack_publicize_connections":[],"jetpack_featured_media_url":"","jetpack_sharing_enabled":true,"jetpack_shortlink":"https:\/\/wp.me\/p8QOZc-Dl","jetpack_likes_enabled":true,"_links":{"self":[{"href":"https:\/\/paroisses-chatenay.fr\/stgermain\/wp-json\/wp\/v2\/posts\/2439","targetHints":{"allow":["GET"]}}],"collection":[{"href":"https:\/\/paroisses-chatenay.fr\/stgermain\/wp-json\/wp\/v2\/posts"}],"about":[{"href":"https:\/\/paroisses-chatenay.fr\/stgermain\/wp-json\/wp\/v2\/types\/post"}],"author":[{"embeddable":true,"href":"https:\/\/paroisses-chatenay.fr\/stgermain\/wp-json\/wp\/v2\/users\/1"}],"replies":[{"embeddable":true,"href":"https:\/\/paroisses-chatenay.fr\/stgermain\/wp-json\/wp\/v2\/comments?post=2439"}],"version-history":[{"count":1,"href":"https:\/\/paroisses-chatenay.fr\/stgermain\/wp-json\/wp\/v2\/posts\/2439\/revisions"}],"predecessor-version":[{"id":2440,"href":"https:\/\/paroisses-chatenay.fr\/stgermain\/wp-json\/wp\/v2\/posts\/2439\/revisions\/2440"}],"wp:attachment":[{"href":"https:\/\/paroisses-chatenay.fr\/stgermain\/wp-json\/wp\/v2\/media?parent=2439"}],"wp:term":[{"taxonomy":"category","embeddable":true,"href":"https:\/\/paroisses-chatenay.fr\/stgermain\/wp-json\/wp\/v2\/categories?post=2439"},{"taxonomy":"post_tag","embeddable":true,"href":"https:\/\/paroisses-chatenay.fr\/stgermain\/wp-json\/wp\/v2\/tags?post=2439"}],"curies":[{"name":"wp","href":"https:\/\/api.w.org\/{rel}","templated":true}]}}