{"id":2451,"date":"2018-07-01T08:59:57","date_gmt":"2018-07-01T06:59:57","guid":{"rendered":"http:\/\/www.paroisses-chatenay.fr\/stgermain\/?p=2451"},"modified":"2019-03-05T10:29:26","modified_gmt":"2019-03-05T09:29:26","slug":"le-mot-du-cure-du-1-er-juillet-au-16-septembre-2018-eglise-verte","status":"publish","type":"post","link":"https:\/\/paroisses-chatenay.fr\/stgermain\/le-mot-du-cure-du-1-er-juillet-au-16-septembre-2018-eglise-verte\/","title":{"rendered":"Le mot du Cur\u00e9 du 1 er juillet au 16 septembre 2018 : Eglise verte"},"content":{"rendered":"<p>\u00c0 l&rsquo;occasion de mon changement de nomination qui prendra effet \u00e0 partir du 1er septembre prochain (je deviens cur\u00e9 de l&rsquo;ensemble pastoral Asni\u00e8res-Centre), j&rsquo;ai d\u00e9j\u00e0 exprim\u00e9 des remerciements ici ou l\u00e0, par \u00e9crit ou de vive voix, dans le cadre d&rsquo;assembl\u00e9e, de rencontre ou de r\u00e9union, ou bien plus personnellement aux uns et aux autres.<\/p>\n<p>Avant de partir, je d\u00e9sire exprimer ici un souhait pour nos paroisses, un d\u00e9sir qui me tient \u00e0 c\u0153ur : que nos \u00e9glises deviennent des <strong><span style=\"color: #008000;\">\u00e9glises vertes<\/span><\/strong> ! Je m&rsquo;explique.<\/p>\n<p>En septembre 2017, les \u00c9glises chr\u00e9tiennes en France ont lanc\u00e9 le label \u00ab <span style=\"color: #008000;\"><strong>\u00c9glise verte<\/strong><\/span> \u00bb.<\/p>\n<p>C&rsquo;est un outil national \u00e0 destination des paroisses et communaut\u00e9s locales visant \u00e0 favoriser leur conversion \u00e9cologique. Cet outil est port\u00e9 par la Conf\u00e9rence des \u00c9v\u00eaques de France, la F\u00e9d\u00e9ration Protestante de France et le Conseil des \u00c9glises Chr\u00e9tiennes en France.<\/p>\n<p>Le CCFD-Terre solidaire, le Secours Catholique contribuent \u00e0 sa mise en place.<br \/>\nPropos\u00e9e \u00e0 toutes les paroisses et communaut\u00e9s locales, cette d\u00e9marche entend encourager, chez les acteurs chr\u00e9tiens, une v\u00e9ritable conversion \u00e9cologique.<\/p>\n<p>Concr\u00e8tement, le label \u00ab \u00c9glise verte \u00bb \u00e9valuera, accompagnera et rendra plus visible l\u2019engagement des acteurs chr\u00e9tiens dans la d\u00e9marche et, les ann\u00e9es suivant son obtention, la poursuite de l\u2019action dans un processus d\u2019am\u00e9lioration continue. Il s\u2019appuiera sur l\u2019animation d\u2019un r\u00e9seau labellis\u00e9 d\u2019acteurs engag\u00e9s et sur un site internet : www.egliseverte.org.<\/p>\n<p>Le site affiche la dimension \u0153cum\u00e9nique de la d\u00e9marche, et il est d&rsquo;abord un v\u00e9ritable outil d\u2019auto \u00e9valuation permettant aux paroisses et communaut\u00e9s locales investies de tracer leur propre parcours de conversion.<\/p>\n<p>Cette d\u00e9marche progressive permettra \u00e0 chaque communaut\u00e9 d\u2019incarner \u00e0 son niveau la lettre encyclique Laudato Si\u2019 du pape Fran\u00e7ois sur la sauvegarde de la maison commune et devenir ainsi un artisan de la \u00ab conversion \u00e9cologique \u00bb.<\/p>\n<p>Pourquoi le label \u00ab \u00c9glise verte \u00bb ?<\/p>\n<p>\u2022 parce que nous croyons que Dieu se r\u00e9v\u00e8le par son \u0153uvre, et qu\u2019Il l\u2019a confi\u00e9e aux hommes qui doivent la cultiver et la garder,<br \/>\n\u2022 parce que la vie sur terre est une b\u00e9n\u00e9diction et montre l\u2019amour de Dieu, et qu\u2019agir pour la pr\u00e9server est une fa\u00e7on d\u2019aimer son prochain et d\u2019agir pour la<br \/>\njustice,<br \/>\n\u2022 parce que la crise \u00e9cologique nous engage \u00e0 entendre le cri de la terre qui \u00ab g\u00e9mit en travail d\u2019enfantement \u00bb (Rm 8,22) et \u00e0 choisir, dans l\u2019esp\u00e9rance, des modes de vie qui pr\u00e9parent l\u2019\u00e9mergence d\u2019une cr\u00e9ation nouvelle maintenant et au del\u00e0,<br \/>\n\u2022 parce que le peuple de Dieu peut prier et agir pour apporter cet espoir au monde,<br \/>\n\u2022 parce que nous avons conscience que c\u2019est en nous convertissant ensemble que nous arriverons \u00e0 b\u00e2tir ce monde plus juste et \u00e9cologique n\u00e9cessaire \u00e0 la survie de<br \/>\nl\u2019humanit\u00e9.<\/p>\n<p>Le label \u00ab \u00c9glise verte \u00bb est simplement un outil \u00e0 destination des paroisses, et \u00c9glises locales ainsi que des \u0153uvres, mouvements, monast\u00e8res et \u00e9tablissements chr\u00e9tiens qui veulent s&rsquo;engager pour le soin de la cr\u00e9ation.<\/p>\n<p>Ind\u00e9pendamment de ce label, nous sommes tous invit\u00e9s dans le quotidien de nos vies y compris dans nos loisirs ou nos cong\u00e9s de cet \u00e9t\u00e9 \u00e0 \u00eatre artisans de conversion \u00e9cologique.<br \/>\nBon \u00e9t\u00e9 \u00e0 tous et que le Seigneur vous accompagne et vous b\u00e9nisse pour que nos paroisses continuent d&rsquo;annoncer, de c\u00e9l\u00e9brer et de servir l&rsquo;\u00c9vangile au service de la Gloire de Dieu et pour le salut de tous les hommes, avec votre nouveau cur\u00e9, Dominique Doyhenart.<\/p>\n<p>P\u00e8re Didier Rapin<\/p>\n<p><a href=\"https:\/\/www.egliseverte.org\/\" target=\"_blank\" rel=\"noopener noreferrer\">https:\/\/www.egliseverte.org\/<\/a><\/p>\n","protected":false},"excerpt":{"rendered":"<p>\u00c0 l&rsquo;occasion de mon changement de nomination qui prendra effet \u00e0 partir du 1er septembre prochain (je deviens cur\u00e9 de l&rsquo;ensemble pastoral Asni\u00e8res-Centre), j&rsquo;ai d\u00e9j\u00e0 exprim\u00e9 des remerciements ici ou l\u00e0, par \u00e9crit ou de vive voix, dans le cadre d&rsquo;assembl\u00e9e, de rencontre ou de r\u00e9union, ou bien plus personnellement aux uns et aux autres. Avant de partir, je d\u00e9sire exprimer ici un souhait pour nos paroisses, un d\u00e9sir qui me tient \u00e0 c\u0153ur : que nos \u00e9glises deviennent des <a class=\"more-link\" href=\"https:\/\/paroisses-chatenay.fr\/stgermain\/le-mot-du-cure-du-1-er-juillet-au-16-septembre-2018-eglise-verte\/\">Lire plus &#8230;<\/a><\/p>\n","protected":false},"author":1,"featured_media":2259,"comment_status":"closed","ping_status":"closed","sticky":false,"template":"","format":"standard","meta":{"_seopress_robots_primary_cat":"","_seopress_titles_title":"","_seopress_titles_desc":"","_seopress_robots_index":"","jetpack_post_was_ever_published":false,"_jetpack_newsletter_access":"","_jetpack_dont_email_post_to_subs":false,"_jetpack_newsletter_tier_id":0,"_jetpack_memberships_contains_paywalled_content":false,"_jetpack_memberships_contains_paid_content":false,"footnotes":"","jetpack_publicize_message":"","jetpack_publicize_feature_enabled":true,"jetpack_social_post_already_shared":true,"jetpack_social_options":{"image_generator_settings":{"template":"highway","default_image_id":0,"font":"","enabled":false},"version":2}},"categories":[53],"tags":[],"class_list":["post-2451","post","type-post","status-publish","format-standard","has-post-thumbnail","hentry","category-le-mot-du-cure"],"jetpack_publicize_connections":[],"jetpack_featured_media_url":"https:\/\/i0.wp.com\/paroisses-chatenay.fr\/stgermain\/wp-content\/uploads\/2018\/05\/bdvPrintemps.jpg?fit=4032%2C3024&ssl=1","jetpack_sharing_enabled":true,"jetpack_shortlink":"https:\/\/wp.me\/p8QOZc-Dx","jetpack_likes_enabled":true,"_links":{"self":[{"href":"https:\/\/paroisses-chatenay.fr\/stgermain\/wp-json\/wp\/v2\/posts\/2451","targetHints":{"allow":["GET"]}}],"collection":[{"href":"https:\/\/paroisses-chatenay.fr\/stgermain\/wp-json\/wp\/v2\/posts"}],"about":[{"href":"https:\/\/paroisses-chatenay.fr\/stgermain\/wp-json\/wp\/v2\/types\/post"}],"author":[{"embeddable":true,"href":"https:\/\/paroisses-chatenay.fr\/stgermain\/wp-json\/wp\/v2\/users\/1"}],"replies":[{"embeddable":true,"href":"https:\/\/paroisses-chatenay.fr\/stgermain\/wp-json\/wp\/v2\/comments?post=2451"}],"version-history":[{"count":2,"href":"https:\/\/paroisses-chatenay.fr\/stgermain\/wp-json\/wp\/v2\/posts\/2451\/revisions"}],"predecessor-version":[{"id":3791,"href":"https:\/\/paroisses-chatenay.fr\/stgermain\/wp-json\/wp\/v2\/posts\/2451\/revisions\/3791"}],"wp:featuredmedia":[{"embeddable":true,"href":"https:\/\/paroisses-chatenay.fr\/stgermain\/wp-json\/wp\/v2\/media\/2259"}],"wp:attachment":[{"href":"https:\/\/paroisses-chatenay.fr\/stgermain\/wp-json\/wp\/v2\/media?parent=2451"}],"wp:term":[{"taxonomy":"category","embeddable":true,"href":"https:\/\/paroisses-chatenay.fr\/stgermain\/wp-json\/wp\/v2\/categories?post=2451"},{"taxonomy":"post_tag","embeddable":true,"href":"https:\/\/paroisses-chatenay.fr\/stgermain\/wp-json\/wp\/v2\/tags?post=2451"}],"curies":[{"name":"wp","href":"https:\/\/api.w.org\/{rel}","templated":true}]}}