{"id":3175,"date":"2018-11-09T21:55:03","date_gmt":"2018-11-09T20:55:03","guid":{"rendered":"http:\/\/www.paroisses-chatenay.fr\/stgermain\/?p=3175"},"modified":"2019-03-09T18:38:59","modified_gmt":"2019-03-09T17:38:59","slug":"entre-tradition-et-modernite-que-transmettre-aux-jeunes-dans-un-monde-en-evolution","status":"publish","type":"post","link":"https:\/\/paroisses-chatenay.fr\/stgermain\/entre-tradition-et-modernite-que-transmettre-aux-jeunes-dans-un-monde-en-evolution\/","title":{"rendered":"Entre Tradition et modernit\u00e9 : que transmettre  aux jeunes dans un monde en \u00e9volution ?"},"content":{"rendered":"\n<p>SERIC (SEmaine de Rencontres Islamo-Chr\u00e9tienne) 2018 \u00e0 Ch\u00e2tenay <\/p>\n\n\n\n<p>Le groupe d\u2019Amiti\u00e9 Islamo-Chr\u00e9tienne et l\u2019Institut Andalus de Ch\u00e2tenay nous invitent \u00e0 une rencontre sur le th\u00e8me <\/p>\n\n\n\n<p>\u00ab Entre tradition et modernit\u00e9, que transmettre aux jeunes dans un monde en \u00e9volution ? Qu\u2019avons-nous \u00e0 apprendre d\u2019eux ? \u00bb <\/p>\n\n\n\n<p>le dimanche 25 novembre de 14h30 \u00e0 17h30, \u00e0 la l\u2019Institut Andalus 282 avenue Jean Jaur\u00e8s.<\/p>\n\n\n\n<p>T\u00e9moignages, temps d\u2019\u00e9change, puis conclusion par le P<strong>\u00e8re Dominique Doyh\u00e9nart<\/strong> et l\u2019<strong>Imam Bachir Ould Sass<\/strong>. (site : <a href=\"http:\/\/www.gaic-seric.info\" target=\"_blank\" rel=\"noopener noreferrer\">www.gaic-seric.info<\/a>)<\/p>\n\n\n\n<hr class=\"wp-block-separator\"\/>\n","protected":false},"excerpt":{"rendered":"<p>SERIC (SEmaine de Rencontres Islamo-Chr\u00e9tienne) 2018 \u00e0 Ch\u00e2tenay Le groupe d\u2019Amiti\u00e9 Islamo-Chr\u00e9tienne et l\u2019Institut Andalus de Ch\u00e2tenay nous invitent \u00e0 une rencontre sur le th\u00e8me \u00ab Entre tradition et modernit\u00e9, que transmettre aux jeunes dans un monde en \u00e9volution ? Qu\u2019avons-nous \u00e0 apprendre d\u2019eux ? \u00bb le dimanche 25 novembre de 14h30 \u00e0 17h30, \u00e0 la l\u2019Institut Andalus 282 avenue Jean Jaur\u00e8s. T\u00e9moignages, temps d\u2019\u00e9change, puis conclusion par le P\u00e8re Dominique Doyh\u00e9nart et l\u2019Imam Bachir Ould Sass. (site : www.gaic-seric.info)<\/p>\n","protected":false},"author":1,"featured_media":3176,"comment_status":"closed","ping_status":"closed","sticky":false,"template":"","format":"standard","meta":{"_seopress_robots_primary_cat":"none","_seopress_titles_title":"","_seopress_titles_desc":"","_seopress_robots_index":"","jetpack_post_was_ever_published":false,"_jetpack_newsletter_access":"","_jetpack_dont_email_post_to_subs":false,"_jetpack_newsletter_tier_id":0,"_jetpack_memberships_contains_paywalled_content":false,"_jetpack_memberships_contains_paid_content":false,"footnotes":"","jetpack_publicize_message":"","jetpack_publicize_feature_enabled":true,"jetpack_social_post_already_shared":true,"jetpack_social_options":{"image_generator_settings":{"template":"highway","default_image_id":0,"font":"","enabled":false},"version":2}},"categories":[52],"tags":[],"class_list":["post-3175","post","type-post","status-publish","format-standard","has-post-thumbnail","hentry","category-jeunes"],"jetpack_publicize_connections":[],"jetpack_featured_media_url":"https:\/\/i0.wp.com\/paroisses-chatenay.fr\/stgermain\/wp-content\/uploads\/2018\/11\/181125-GAIC.jpg?fit=679%2C960&ssl=1","jetpack_sharing_enabled":true,"jetpack_shortlink":"https:\/\/wp.me\/p8QOZc-Pd","jetpack_likes_enabled":true,"_links":{"self":[{"href":"https:\/\/paroisses-chatenay.fr\/stgermain\/wp-json\/wp\/v2\/posts\/3175","targetHints":{"allow":["GET"]}}],"collection":[{"href":"https:\/\/paroisses-chatenay.fr\/stgermain\/wp-json\/wp\/v2\/posts"}],"about":[{"href":"https:\/\/paroisses-chatenay.fr\/stgermain\/wp-json\/wp\/v2\/types\/post"}],"author":[{"embeddable":true,"href":"https:\/\/paroisses-chatenay.fr\/stgermain\/wp-json\/wp\/v2\/users\/1"}],"replies":[{"embeddable":true,"href":"https:\/\/paroisses-chatenay.fr\/stgermain\/wp-json\/wp\/v2\/comments?post=3175"}],"version-history":[{"count":5,"href":"https:\/\/paroisses-chatenay.fr\/stgermain\/wp-json\/wp\/v2\/posts\/3175\/revisions"}],"predecessor-version":[{"id":3790,"href":"https:\/\/paroisses-chatenay.fr\/stgermain\/wp-json\/wp\/v2\/posts\/3175\/revisions\/3790"}],"wp:featuredmedia":[{"embeddable":true,"href":"https:\/\/paroisses-chatenay.fr\/stgermain\/wp-json\/wp\/v2\/media\/3176"}],"wp:attachment":[{"href":"https:\/\/paroisses-chatenay.fr\/stgermain\/wp-json\/wp\/v2\/media?parent=3175"}],"wp:term":[{"taxonomy":"category","embeddable":true,"href":"https:\/\/paroisses-chatenay.fr\/stgermain\/wp-json\/wp\/v2\/categories?post=3175"},{"taxonomy":"post_tag","embeddable":true,"href":"https:\/\/paroisses-chatenay.fr\/stgermain\/wp-json\/wp\/v2\/tags?post=3175"}],"curies":[{"name":"wp","href":"https:\/\/api.w.org\/{rel}","templated":true}]}}