{"id":3312,"date":"2018-12-02T19:12:25","date_gmt":"2018-12-02T18:12:25","guid":{"rendered":"http:\/\/www.paroisses-chatenay.fr\/stgermain\/?p=3312"},"modified":"2018-12-02T19:13:27","modified_gmt":"2018-12-02T18:13:27","slug":"prendre-appui-sur-la-foi-de-nos-peres-conference-le-jeudi-soir-20-decembre-a-fontenay","status":"publish","type":"post","link":"https:\/\/paroisses-chatenay.fr\/stgermain\/prendre-appui-sur-la-foi-de-nos-peres-conference-le-jeudi-soir-20-decembre-a-fontenay\/","title":{"rendered":"\u00ab Prendre appui sur la foi de nos p\u00e8res \u00bb : conf\u00e9rence le jeudi soir 20 d\u00e9cembre \u00e0 Fontenay"},"content":{"rendered":"\n<p style=\"text-align:center\">Le jeudi 20 d\u00e9cembre \u00e0 20h30<\/p>\n\n\n\n<p> \u00e0 l\u2019Espace paroissial Paoli 7, rue du Capitaine Paoli Fontenay-aux-Roses<\/p>\n\n\n\n<p style=\"text-align:center\" class=\"has-text-color has-huge-font-size has-vivid-red-color\">\u00ab Prendre appui sur la foi de nos p\u00e8res \u00bb<\/p>\n\n\n\n<p style=\"text-align:center\">Par Pierre-Yves LE PRIOL, <\/p>\n\n\n\n<p style=\"text-align:center\">Journaliste <\/p>\n\n\n\n<p style=\"text-align:center\">(ancien secr\u00e9taire g\u00e9n\u00e9ral de la r\u00e9daction de La Croix)<\/p>\n","protected":false},"excerpt":{"rendered":"<p>Le jeudi 20 d\u00e9cembre \u00e0 20h30 \u00e0 l\u2019Espace paroissial Paoli 7, rue du Capitaine Paoli Fontenay-aux-Roses \u00ab Prendre appui sur la foi de nos p\u00e8res \u00bb Par Pierre-Yves LE PRIOL, Journaliste (ancien secr\u00e9taire g\u00e9n\u00e9ral de la r\u00e9daction de La Croix)<\/p>\n","protected":false},"author":1,"featured_media":0,"comment_status":"closed","ping_status":"closed","sticky":false,"template":"","format":"standard","meta":{"_seopress_robots_primary_cat":"","_seopress_titles_title":"","_seopress_titles_desc":"","_seopress_robots_index":"","jetpack_post_was_ever_published":false,"_jetpack_newsletter_access":"","_jetpack_dont_email_post_to_subs":false,"_jetpack_newsletter_tier_id":0,"_jetpack_memberships_contains_paywalled_content":false,"_jetpack_memberships_contains_paid_content":false,"footnotes":"","jetpack_publicize_message":"","jetpack_publicize_feature_enabled":true,"jetpack_social_post_already_shared":true,"jetpack_social_options":{"image_generator_settings":{"template":"highway","default_image_id":0,"font":"","enabled":false},"version":2}},"categories":[14],"tags":[],"class_list":["post-3312","post","type-post","status-publish","format-standard","hentry","category-conferences"],"jetpack_publicize_connections":[],"jetpack_featured_media_url":"","jetpack_sharing_enabled":true,"jetpack_shortlink":"https:\/\/wp.me\/p8QOZc-Rq","jetpack_likes_enabled":true,"_links":{"self":[{"href":"https:\/\/paroisses-chatenay.fr\/stgermain\/wp-json\/wp\/v2\/posts\/3312","targetHints":{"allow":["GET"]}}],"collection":[{"href":"https:\/\/paroisses-chatenay.fr\/stgermain\/wp-json\/wp\/v2\/posts"}],"about":[{"href":"https:\/\/paroisses-chatenay.fr\/stgermain\/wp-json\/wp\/v2\/types\/post"}],"author":[{"embeddable":true,"href":"https:\/\/paroisses-chatenay.fr\/stgermain\/wp-json\/wp\/v2\/users\/1"}],"replies":[{"embeddable":true,"href":"https:\/\/paroisses-chatenay.fr\/stgermain\/wp-json\/wp\/v2\/comments?post=3312"}],"version-history":[{"count":1,"href":"https:\/\/paroisses-chatenay.fr\/stgermain\/wp-json\/wp\/v2\/posts\/3312\/revisions"}],"predecessor-version":[{"id":3313,"href":"https:\/\/paroisses-chatenay.fr\/stgermain\/wp-json\/wp\/v2\/posts\/3312\/revisions\/3313"}],"wp:attachment":[{"href":"https:\/\/paroisses-chatenay.fr\/stgermain\/wp-json\/wp\/v2\/media?parent=3312"}],"wp:term":[{"taxonomy":"category","embeddable":true,"href":"https:\/\/paroisses-chatenay.fr\/stgermain\/wp-json\/wp\/v2\/categories?post=3312"},{"taxonomy":"post_tag","embeddable":true,"href":"https:\/\/paroisses-chatenay.fr\/stgermain\/wp-json\/wp\/v2\/tags?post=3312"}],"curies":[{"name":"wp","href":"https:\/\/api.w.org\/{rel}","templated":true}]}}