{"id":3447,"date":"2019-01-19T15:18:51","date_gmt":"2019-01-19T14:18:51","guid":{"rendered":"http:\/\/www.paroisses-chatenay.fr\/stgermain\/?p=3447"},"modified":"2019-01-19T15:31:26","modified_gmt":"2019-01-19T14:31:26","slug":"entretiens-de-robinson-conferences-debats-sur-le-theme-la-democratie-en-peril","status":"publish","type":"post","link":"https:\/\/paroisses-chatenay.fr\/stgermain\/entretiens-de-robinson-conferences-debats-sur-le-theme-la-democratie-en-peril\/","title":{"rendered":"Entretiens de Robinson : Conf\u00e9rences\/D\u00e9bats sur le Th\u00e8me : \u00abLa D\u00e9mocratie en P\u00e9ril \u00bb"},"content":{"rendered":"\n<p>Dimanche 20 janvier, \u00ab L\u2019obsolescence programm\u00e9e de la d\u00e9mocratie ? \u00bb <br> avec Antoine Garapon (juriste).<\/p>\n\n\n\n<p>Dimanche 27 janvier, \u00ab Quelle d\u00e9mocratie pour quel peuple ? \u00bb<br> avec Antoine Guggenheim (philosophe et th\u00e9ologien).<\/p>\n\n\n\n<p>Dimanche 3 f\u00e9vrier, \u00ab D\u00e9mocratie ou th\u00e9ocratie : le protestantisme contemporain \u00e0 la crois\u00e9e des chemins. \u00bb<br>\navec Yves Parrend (th\u00e9ologien).<\/p>\n\n\n\n<p><strong>\u00ab S\u2019il est vrai qu\u2019il n\u2019y a pas d\u2019alternative \u00e0 la d\u00e9mocratie,il est urgent de ne passe contenter d\u2019une opposition entre un discours moral et une logique \u00e9conomique livr\u00e9e \u00e0 elle-m\u00eame. \u00bb<\/strong><br> <strong>Paul Ric\u0153ur.<\/strong><\/p>\n\n\n\n<p><strong>Au temple de Robinson<\/strong> de 16h \u00e0 18h, 36 rue Jean Longuet \u00e0 Ch\u00e2tenay (RER B Robinson, bus 195, arr\u00eat : Les Pr\u00e9s Hauts)<\/p>\n\n\n\n<p>Contacts : 01 46 60 30 40 &#8211; www.erf-robinson.org \u2013 wwwfondsricoeur.fr<\/p>\n","protected":false},"excerpt":{"rendered":"<p>Dimanche 20 janvier, \u00ab L\u2019obsolescence programm\u00e9e de la d\u00e9mocratie ? \u00bb avec Antoine Garapon (juriste). Dimanche 27 janvier, \u00ab Quelle d\u00e9mocratie pour quel peuple ? \u00bb avec Antoine Guggenheim (philosophe et th\u00e9ologien). Dimanche 3 f\u00e9vrier, \u00ab D\u00e9mocratie ou th\u00e9ocratie : le protestantisme contemporain \u00e0 la crois\u00e9e des chemins. \u00bb avec Yves Parrend (th\u00e9ologien). \u00ab S\u2019il est vrai qu\u2019il n\u2019y a pas d\u2019alternative \u00e0 la d\u00e9mocratie,il est urgent de ne passe contenter d\u2019une opposition entre un discours moral et une logique <a class=\"more-link\" href=\"https:\/\/paroisses-chatenay.fr\/stgermain\/entretiens-de-robinson-conferences-debats-sur-le-theme-la-democratie-en-peril\/\">Lire plus &#8230;<\/a><\/p>\n","protected":false},"author":1,"featured_media":3465,"comment_status":"closed","ping_status":"closed","sticky":false,"template":"","format":"standard","meta":{"_seopress_robots_primary_cat":"","_seopress_titles_title":"","_seopress_titles_desc":"","_seopress_robots_index":"","jetpack_post_was_ever_published":false,"_jetpack_newsletter_access":"","_jetpack_dont_email_post_to_subs":false,"_jetpack_newsletter_tier_id":0,"_jetpack_memberships_contains_paywalled_content":false,"_jetpack_memberships_contains_paid_content":false,"footnotes":"","jetpack_publicize_message":"","jetpack_publicize_feature_enabled":true,"jetpack_social_post_already_shared":true,"jetpack_social_options":{"image_generator_settings":{"template":"highway","default_image_id":0,"font":"","enabled":false},"version":2}},"categories":[14],"tags":[],"class_list":["post-3447","post","type-post","status-publish","format-standard","has-post-thumbnail","hentry","category-conferences"],"jetpack_publicize_connections":[],"jetpack_featured_media_url":"https:\/\/i0.wp.com\/paroisses-chatenay.fr\/stgermain\/wp-content\/uploads\/2019\/01\/entretiensDeRobinson.jpg?fit=803%2C140&ssl=1","jetpack_sharing_enabled":true,"jetpack_shortlink":"https:\/\/wp.me\/p8QOZc-TB","jetpack_likes_enabled":true,"_links":{"self":[{"href":"https:\/\/paroisses-chatenay.fr\/stgermain\/wp-json\/wp\/v2\/posts\/3447","targetHints":{"allow":["GET"]}}],"collection":[{"href":"https:\/\/paroisses-chatenay.fr\/stgermain\/wp-json\/wp\/v2\/posts"}],"about":[{"href":"https:\/\/paroisses-chatenay.fr\/stgermain\/wp-json\/wp\/v2\/types\/post"}],"author":[{"embeddable":true,"href":"https:\/\/paroisses-chatenay.fr\/stgermain\/wp-json\/wp\/v2\/users\/1"}],"replies":[{"embeddable":true,"href":"https:\/\/paroisses-chatenay.fr\/stgermain\/wp-json\/wp\/v2\/comments?post=3447"}],"version-history":[{"count":3,"href":"https:\/\/paroisses-chatenay.fr\/stgermain\/wp-json\/wp\/v2\/posts\/3447\/revisions"}],"predecessor-version":[{"id":3472,"href":"https:\/\/paroisses-chatenay.fr\/stgermain\/wp-json\/wp\/v2\/posts\/3447\/revisions\/3472"}],"wp:featuredmedia":[{"embeddable":true,"href":"https:\/\/paroisses-chatenay.fr\/stgermain\/wp-json\/wp\/v2\/media\/3465"}],"wp:attachment":[{"href":"https:\/\/paroisses-chatenay.fr\/stgermain\/wp-json\/wp\/v2\/media?parent=3447"}],"wp:term":[{"taxonomy":"category","embeddable":true,"href":"https:\/\/paroisses-chatenay.fr\/stgermain\/wp-json\/wp\/v2\/categories?post=3447"},{"taxonomy":"post_tag","embeddable":true,"href":"https:\/\/paroisses-chatenay.fr\/stgermain\/wp-json\/wp\/v2\/tags?post=3447"}],"curies":[{"name":"wp","href":"https:\/\/api.w.org\/{rel}","templated":true}]}}