{"id":3485,"date":"2019-01-19T15:58:10","date_gmt":"2019-01-19T14:58:10","guid":{"rendered":"http:\/\/www.paroisses-chatenay.fr\/stgermain\/?p=3485"},"modified":"2019-01-20T17:17:46","modified_gmt":"2019-01-20T16:17:46","slug":"edito-les-associes","status":"publish","type":"post","link":"https:\/\/paroisses-chatenay.fr\/stgermain\/edito-les-associes\/","title":{"rendered":"Edito : Les Associ\u00e9s"},"content":{"rendered":"\n<p><strong>\u00c9ph\u00e9siens 3,6 <\/strong>: \u00ab Ce myst\u00e8re, c\u2019est que toutes  les  nations  sont associ\u00e9es au m\u00eame  h\u00e9ritage,  au  m\u00eame  corps,  au partage de la m\u00eame promesse, dans le <strong>Christ J\u00e9sus<\/strong>, par l\u2019annonce de l\u2019\u00c9vangile. \u00bb.<\/p>\n\n\n\n<p>Dans  cette  lecture  de  la  f\u00eate  de l\u2019\u00c9piphanie,  l\u2019auteur  de  l\u2019\u00e9pitre  aux \u00c9ph\u00e9siens parle du myst\u00e8re du Christ. Myst\u00e8re, sacrement, le m\u00eame mot pour dire une r\u00e9alit\u00e9 visible habit\u00e9e, porteuse d\u2019une r\u00e9alit\u00e9 spirituelle qui rayonne en elle : le visible par lequel et \u00e0 travers lequel Dieu  invisible  s\u2019exprime.  Cette  r\u00e9alit\u00e9 visible, charnelle, c\u2019est la sainte humanit\u00e9 de J\u00e9sus le Christ, en qui Dieu s\u2019exprime jusqu\u2019au  bout,  c\u2019est  la  chair  de  la communaut\u00e9 d\u2019Eph\u00e8se, faite de chr\u00e9tiens juifs   et   de   chr\u00e9tiens   pa\u00efens   (les \u00ab nations \u00bb) : \u00e0 travers leurs efforts pour s\u2019aimer (se supporter) \u00e0 cause du Christ qui a donn\u00e9 sa vie pour les uns comme pour les autres, l\u2019auteur voit rayonner la R\u00e9v\u00e9lation de Dieu Lui-m\u00eame, la Volont\u00e9 divine  d\u2019associer  toutes  les  nations,  \u00e0 l\u2019h\u00e9ritage de son peuple.<\/p>\n\n\n\n<p>En ce d\u00e9but d\u2019ann\u00e9e, je nous souhaite \u00e0 tous et chacun d\u2019\u00eatre rayonnants, enflamm\u00e9s par cet Amour de Dieu pour tous et chacun, habit\u00e9s et travaill\u00e9s par la Parole \u00e9vang\u00e9lique ; en pr\u00e9sence de J\u00e9sus, en pr\u00e9sence de sa communaut\u00e9 o\u00f9 le tr\u00e8s divers se lie d\u2019amour par l\u2019amour de J\u00e9sus, <strong>mille chemins d\u2019\u00ab association \u00bb<\/strong> se d\u00e9gagent, dont nous n\u2019avons pas \u00e0 d\u00e9finir les contours \u00e0 l\u2019image de nos peurs. J\u00e9sus lui m\u00eame ne marche pas avec un calepin o\u00f9 il comptabiliserait les adh\u00e9rents : il proclame l\u2019\u00c9vangile \u00e0 Isra\u00ebl, gu\u00e9rit les malades, fait parvenir la Bonne Nouvelle aux exclus, porte en Lui tout l\u2019amour de Dieu. Il accueille de bon c\u0153ur ceux que son P\u00e8re attire \u00e0 Lui, appelle certains \u00e0 le suivre et d\u2019autres \u00e0 rentrer chez eux, avec plus ou moins de succ\u00e8s dans les deux cas. Il n\u2019est pas comptable du mode d\u2019\u00ab association \u00bb.<\/p>\n\n\n\n<p>Pour nous aussi : certains sont pr\u00eats \u00e0 adh\u00e9rer par le bapt\u00eame, \u00e0 \u00eatre \u00ab incorpor\u00e9s \u00bb au m\u00eame corps, et nous sommes joyeux de les accueillir, nos chers cat\u00e9chum\u00e8nes, la prunelle de nos yeux, mais d\u2019autres, l\u00e0 o\u00f9 ils en sont, accueillent l\u2019amour de Dieu d\u2019une mani\u00e8re que Dieu conna\u00eet et qui peut nous \u00e9chapper, pourvu que la chaleur de l\u2019amour de Dieu qui rayonne sur le visage du Christ transparaisse en nous et anime notre vie et nos relations.<\/p>\n\n\n\n<p>Ceux qui vont se creuser la t\u00eate pour trouver les mots justes, les images parlantes, pour dire le c\u0153ur de la foi dans la cat\u00e9ch\u00e8se des petits et des grands sont porteurs du Christ. Mais sont aussi porteurs du Christ, ceux  qui  vont  s\u2019engager  dans  l\u2019\u00e9picerie sociale \u00e0 cause de l\u2019amour de Dieu pour ceux qui souffrent des fins de mois difficiles.<\/p>\n\n\n\n<p>\u00c0 cause du <strong>Christ<\/strong>, certains travaillent sur le lien : ceux qui sont engag\u00e9s dans le dialogue ou dans l\u2019action interreligieux, ou dans le travail  \u0153cum\u00e9nique,  ou  dans  la  bonne entente  intracommunautaire,  ou  dans  la recherche de refondation du lien social dont les blessures sont manifest\u00e9es par la crise actuelle de notre pays. Parce que nous ne sommes pas une marque religieuse de plus en concurrence avec les autres, le lien entre les humains et le dialogue interreligieux ne nous int\u00e9resse pas seulement quand il lie des adh\u00e9rents \u00e0 notre groupe. \u00c0 cause du Christ,  nous essayons d\u2019\u00eatre catholiques, concern\u00e9s par la vari\u00e9t\u00e9 des situations o\u00f9 nous reconnaissons que le P\u00e8re, pr\u00e9sent \u00e0 toutes ses cr\u00e9atures par son Esprit r\u00e9pandu, envoie son Fils et ses fils, nous, pour lutter contre tout ce qui d\u00e9lie, qui fait de la vie un enfer et \u00e9loigne du paradis. Le paradis est d\u00e9fini  dans  la  constitution  apostolique Lumen Gentium comme \u00ab communion des hommes  entre  eux  et  avec  Dieu  \u00bb.  La possibilit\u00e9 de vivre ensemble et de faire soci\u00e9t\u00e9 ensemble est voulue par l\u2019amour de Dieu.<\/p>\n\n\n\n<p>L\u2019un per\u00e7oit que le <strong>Christ J\u00e9sus<\/strong> dont il est porteur parle merveilleusement du P\u00e8re, un autre  porte  son  environnement  dans  la pri\u00e8re avec intensit\u00e9, un autre sait que le Christ dont il est porteur soigne inlassablement les personnes ou les structures sociales\u2026 <\/p>\n\n\n\n<p>On peut d\u00e9battre des priorit\u00e9s \u00e0 tel moment, mais globalement notre mission baptismale n\u2019est pas fromage ou dessert : porteur du <strong>Christ<\/strong>, c\u2019est et <strong>Pr\u00eatre <\/strong>et <strong>Proph\u00e8te <\/strong>et <strong>Roi<\/strong>\u2026 Sans calcul, par amour.<br><\/p>\n\n\n\n<p style=\"text-align:right\">P\u00e8re <strong>Dominique Doyh\u00e9nart<\/strong>, cur\u00e9<\/p>\n","protected":false},"excerpt":{"rendered":"<p>\u00c9ph\u00e9siens 3,6 : \u00ab Ce myst\u00e8re, c\u2019est que toutes les nations sont associ\u00e9es au m\u00eame h\u00e9ritage, au m\u00eame corps, au partage de la m\u00eame promesse, dans le Christ J\u00e9sus, par l\u2019annonce de l\u2019\u00c9vangile. \u00bb. Dans cette lecture de la f\u00eate de l\u2019\u00c9piphanie, l\u2019auteur de l\u2019\u00e9pitre aux \u00c9ph\u00e9siens parle du myst\u00e8re du Christ. Myst\u00e8re, sacrement, le m\u00eame mot pour dire une r\u00e9alit\u00e9 visible habit\u00e9e, porteuse d\u2019une r\u00e9alit\u00e9 spirituelle qui rayonne en elle : le visible par lequel et \u00e0 travers lequel <a class=\"more-link\" href=\"https:\/\/paroisses-chatenay.fr\/stgermain\/edito-les-associes\/\">Lire plus &#8230;<\/a><\/p>\n","protected":false},"author":1,"featured_media":3507,"comment_status":"closed","ping_status":"closed","sticky":false,"template":"","format":"standard","meta":{"_seopress_robots_primary_cat":"","_seopress_titles_title":"","_seopress_titles_desc":"","_seopress_robots_index":"","jetpack_post_was_ever_published":false,"_jetpack_newsletter_access":"","_jetpack_dont_email_post_to_subs":false,"_jetpack_newsletter_tier_id":0,"_jetpack_memberships_contains_paywalled_content":false,"_jetpack_memberships_contains_paid_content":false,"footnotes":"","jetpack_publicize_message":"","jetpack_publicize_feature_enabled":true,"jetpack_social_post_already_shared":true,"jetpack_social_options":{"image_generator_settings":{"template":"highway","default_image_id":0,"font":"","enabled":false},"version":2}},"categories":[9],"tags":[],"class_list":["post-3485","post","type-post","status-publish","format-standard","has-post-thumbnail","hentry","category-edito"],"jetpack_publicize_connections":[],"jetpack_featured_media_url":"https:\/\/i0.wp.com\/paroisses-chatenay.fr\/stgermain\/wp-content\/uploads\/2019\/01\/cheminNeigeBdV.jpg?fit=3264%2C2448&ssl=1","jetpack_sharing_enabled":true,"jetpack_shortlink":"https:\/\/wp.me\/p8QOZc-Ud","jetpack_likes_enabled":true,"_links":{"self":[{"href":"https:\/\/paroisses-chatenay.fr\/stgermain\/wp-json\/wp\/v2\/posts\/3485","targetHints":{"allow":["GET"]}}],"collection":[{"href":"https:\/\/paroisses-chatenay.fr\/stgermain\/wp-json\/wp\/v2\/posts"}],"about":[{"href":"https:\/\/paroisses-chatenay.fr\/stgermain\/wp-json\/wp\/v2\/types\/post"}],"author":[{"embeddable":true,"href":"https:\/\/paroisses-chatenay.fr\/stgermain\/wp-json\/wp\/v2\/users\/1"}],"replies":[{"embeddable":true,"href":"https:\/\/paroisses-chatenay.fr\/stgermain\/wp-json\/wp\/v2\/comments?post=3485"}],"version-history":[{"count":2,"href":"https:\/\/paroisses-chatenay.fr\/stgermain\/wp-json\/wp\/v2\/posts\/3485\/revisions"}],"predecessor-version":[{"id":3500,"href":"https:\/\/paroisses-chatenay.fr\/stgermain\/wp-json\/wp\/v2\/posts\/3485\/revisions\/3500"}],"wp:featuredmedia":[{"embeddable":true,"href":"https:\/\/paroisses-chatenay.fr\/stgermain\/wp-json\/wp\/v2\/media\/3507"}],"wp:attachment":[{"href":"https:\/\/paroisses-chatenay.fr\/stgermain\/wp-json\/wp\/v2\/media?parent=3485"}],"wp:term":[{"taxonomy":"category","embeddable":true,"href":"https:\/\/paroisses-chatenay.fr\/stgermain\/wp-json\/wp\/v2\/categories?post=3485"},{"taxonomy":"post_tag","embeddable":true,"href":"https:\/\/paroisses-chatenay.fr\/stgermain\/wp-json\/wp\/v2\/tags?post=3485"}],"curies":[{"name":"wp","href":"https:\/\/api.w.org\/{rel}","templated":true}]}}