{"id":3544,"date":"2019-02-17T21:36:30","date_gmt":"2019-02-17T20:36:30","guid":{"rendered":"http:\/\/www.paroisses-chatenay.fr\/stgermain\/?p=3544"},"modified":"2019-03-05T10:36:41","modified_gmt":"2019-03-05T09:36:41","slug":"assemblee-paroissiale-le-dimanche-10-mars-2019-de-14h-a-16h","status":"publish","type":"post","link":"https:\/\/paroisses-chatenay.fr\/stgermain\/assemblee-paroissiale-le-dimanche-10-mars-2019-de-14h-a-16h\/","title":{"rendered":"Assembl\u00e9e paroissiale le dimanche 10 mars 2019 de 14h \u00e0 16h"},"content":{"rendered":"\n<p>Nous vous invitons ce jour-l\u00e0 \u00e0 vous exprimer et confronter nos avis sur les probl\u00e8mes soci\u00e9taux actuels, en nous appuyant sur les 5 questions propos\u00e9es \u00e0 tous par les \u00e9v\u00eaques de France (<a href=\"http:\/\/www.paroisses-chatenay.fr\/stgermain\/wp-content\/uploads\/2019\/02\/J3P-n%C2%B043.pdf\">cf. J3P N\u00b0 43, page 3<\/a>).<br><br>Si vous ne pouvez pas venir, vous pouvez n\u00e9anmoins participer \u00e0 cette r\u00e9flexion en faisant parvenir \u00e0 la paroisse vos \u00e9l\u00e9ments de r\u00e9flexion avant le 8 mars (lettre envoy\u00e9e ou d\u00e9pos\u00e9e \u00e0 l\u2019accueil de la paroisse.<br><br>Nous souhaitons la plus large participation car la synth\u00e8se de nos r\u00e9ponses de chr\u00e9tiens ou non sera envoy\u00e9e \u00e0 notre \u00e9v\u00eaque et transmise \u00e0 la mairie comme contribution \u00e0 l&rsquo;enqu\u00eate nationale.<\/p>\n","protected":false},"excerpt":{"rendered":"<p>Nous vous invitons ce jour-l\u00e0 \u00e0 vous exprimer et confronter nos avis sur les probl\u00e8mes soci\u00e9taux actuels, en nous appuyant sur les 5 questions propos\u00e9es \u00e0 tous par les \u00e9v\u00eaques de France (cf. J3P N\u00b0 43, page 3). Si vous ne pouvez pas venir, vous pouvez n\u00e9anmoins participer \u00e0 cette r\u00e9flexion en faisant parvenir \u00e0 la paroisse vos \u00e9l\u00e9ments de r\u00e9flexion avant le 8 mars (lettre envoy\u00e9e ou d\u00e9pos\u00e9e \u00e0 l\u2019accueil de la paroisse. Nous souhaitons la plus large participation <a class=\"more-link\" href=\"https:\/\/paroisses-chatenay.fr\/stgermain\/assemblee-paroissiale-le-dimanche-10-mars-2019-de-14h-a-16h\/\">Lire plus &#8230;<\/a><\/p>\n","protected":false},"author":1,"featured_media":0,"comment_status":"closed","ping_status":"closed","sticky":false,"template":"","format":"standard","meta":{"_seopress_robots_primary_cat":"none","_seopress_titles_title":"","_seopress_titles_desc":"","_seopress_robots_index":"","jetpack_post_was_ever_published":false,"_jetpack_newsletter_access":"","_jetpack_dont_email_post_to_subs":false,"_jetpack_newsletter_tier_id":0,"_jetpack_memberships_contains_paywalled_content":false,"_jetpack_memberships_contains_paid_content":false,"footnotes":"","jetpack_publicize_message":"","jetpack_publicize_feature_enabled":true,"jetpack_social_post_already_shared":true,"jetpack_social_options":{"image_generator_settings":{"template":"highway","default_image_id":0,"font":"","enabled":false},"version":2}},"categories":[54,5],"tags":[],"class_list":["post-3544","post","type-post","status-publish","format-standard","hentry","category-assemblee-paroissiale","category-la-paroisse-2"],"jetpack_publicize_connections":[],"jetpack_featured_media_url":"","jetpack_sharing_enabled":true,"jetpack_shortlink":"https:\/\/wp.me\/p8QOZc-Va","jetpack_likes_enabled":true,"_links":{"self":[{"href":"https:\/\/paroisses-chatenay.fr\/stgermain\/wp-json\/wp\/v2\/posts\/3544","targetHints":{"allow":["GET"]}}],"collection":[{"href":"https:\/\/paroisses-chatenay.fr\/stgermain\/wp-json\/wp\/v2\/posts"}],"about":[{"href":"https:\/\/paroisses-chatenay.fr\/stgermain\/wp-json\/wp\/v2\/types\/post"}],"author":[{"embeddable":true,"href":"https:\/\/paroisses-chatenay.fr\/stgermain\/wp-json\/wp\/v2\/users\/1"}],"replies":[{"embeddable":true,"href":"https:\/\/paroisses-chatenay.fr\/stgermain\/wp-json\/wp\/v2\/comments?post=3544"}],"version-history":[{"count":1,"href":"https:\/\/paroisses-chatenay.fr\/stgermain\/wp-json\/wp\/v2\/posts\/3544\/revisions"}],"predecessor-version":[{"id":3553,"href":"https:\/\/paroisses-chatenay.fr\/stgermain\/wp-json\/wp\/v2\/posts\/3544\/revisions\/3553"}],"wp:attachment":[{"href":"https:\/\/paroisses-chatenay.fr\/stgermain\/wp-json\/wp\/v2\/media?parent=3544"}],"wp:term":[{"taxonomy":"category","embeddable":true,"href":"https:\/\/paroisses-chatenay.fr\/stgermain\/wp-json\/wp\/v2\/categories?post=3544"},{"taxonomy":"post_tag","embeddable":true,"href":"https:\/\/paroisses-chatenay.fr\/stgermain\/wp-json\/wp\/v2\/tags?post=3544"}],"curies":[{"name":"wp","href":"https:\/\/api.w.org\/{rel}","templated":true}]}}