{"id":3596,"date":"2019-02-27T10:54:06","date_gmt":"2019-02-27T09:54:06","guid":{"rendered":"http:\/\/www.paroisses-chatenay.fr\/stgermain\/?p=3596"},"modified":"2019-03-01T09:44:48","modified_gmt":"2019-03-01T08:44:48","slug":"le-temps-favorable","status":"publish","type":"post","link":"https:\/\/paroisses-chatenay.fr\/stgermain\/le-temps-favorable\/","title":{"rendered":"Le temps favorable"},"content":{"rendered":"\n<p>Edito du 17 F\u00e9vrier 2019<\/p>\n\n\n\n<p>Dr\u00f4le de p\u00e9riode. On solde 2018 (les comptables rendent les bilans), l\u2019hiver est bien l\u00e0 mais le soleil pointe le bout du nez pour nous faire r\u00eaver. Ce n\u2019est plus No\u00ebl mais pas encore le Car\u00eame, et il faut d\u00e9j\u00e0 se projeter dans la pr\u00e9paration du printemps, avec ses renaissances, bapt\u00eames et communions, reprendre conscience que l\u2019ann\u00e9e n\u2019a que 52 dimanches (idem pour les lundi, mardi, \u2026) et que toutes nos grandes ambitions pour les beaux jours vont se heurter \u00e0 l\u2019impossibilit\u00e9 de faire deux choses au m\u00eame endroit le m\u00eame jour, ou deux choses \u00e0 deux endroits diff\u00e9rents avec les m\u00eames personnes au m\u00eame instant.<\/p>\n\n\n\n<p>Certains projets tournent \u00e0 plein r\u00e9gime, d\u2019autres prennent un tour prometteur, et d\u2018autres connaissent des coups d\u2019arr\u00eat ou des ralentissements, des complexit\u00e9s de par la diversit\u00e9 des partenaires et des points de vue qui s\u2019affrontent. Nous nous surprenons \u00e0 nourrir des pens\u00e9es st\u00e9riles comme \u00ab il faudrait que les gens comprennent que\u2026 \u00bb ! Quand nous viennent ces \u00e9tranges souhaits par lesquels nous voudrions que les autres soient davantage \u00e0 notre image, alors c\u2019est le moment de se remettre \u00e0 l\u2019endroit, le temps favorable, un bon temps pour se rapprocher de Dieu dans la pers\u00e9v\u00e9rance et dans le renoncement.<\/p>\n\n\n\n<p>Pers\u00e9v\u00e9rance : fr\u00e8re Amir Jaje, dimanche, est venu \u00e0 Sainte-Bathilde t\u00e9moigner de la vie des chr\u00e9tiens d\u2019Iraq, des perspectives et des incertitudes s\u2019offrant \u00e0 eux dans le contexte politique et militaire de la r\u00e9gion de Ninive. Il a aussi comment\u00e9 l\u2019\u00e9vangile de la p\u00eache miraculeuse : sur ta Parole, Seigneur, moi qui suis un professionnel et qui ai pein\u00e9 toute la nuit sans rien prendre, mais oui, parce que tu le dis, je vais recommencer. La pers\u00e9v\u00e9rance des chr\u00e9tiens d\u2019Orient nous \u00e9meut profond\u00e9ment, elle nous parle de cette flamme d\u2019esp\u00e9rance, celle du conte des 4 bougies lu dans plusieurs de nos communaut\u00e9s \u00e0 No\u00ebl. Dieu rallume sans cesse en nous l\u2019esp\u00e9rance pour recommencer autrement.<\/p>\n\n\n\n<p>L\u2019esp\u00e9rance qui ne va pas sans renoncement &#8211; renoncement \u00e0 ce que les choses se fassent exactement comme nous le voudrions, renoncement \u00e0 \u00eatre tout. Le pied ne peut pas dire \u00e0 la main : tu n\u2019es pas le corps, parce que tu n\u2019es pas le pied. Les enfants qui ont mim\u00e9 le texte de st Paul il y a trois semaines ont bien compris que nous avons besoin de tous et de chacun, m\u00eame trop diff\u00e9rent \u00e0 mon go\u00fbt du moment. B\u00e9ni soit le fr\u00e8re qui travaille avec moi harmonieusement, b\u00e9ni aussi celui qui me freine, pour que nous sachions prendre le temps d\u2019apprendre \u00e0 habiter ensemble la maison commune. Pourvu qu\u2019au fond, l\u2019un et l\u2019autre, nous \u00e9coutions vraiment la Parole qui lib\u00e8re et travaillions sous Sa conduite. <\/p>\n\n\n\n<p>Car Dieu, le responsable de tout \u00e7a, de toute cette cr\u00e9ation qui peine \u00e0 marcher au pas, est P\u00e8re de famille nombreuse. Son Esprit est r\u00e9pandu dans des c\u0153urs innombrables o\u00f9 Il est la source d\u2019\u00e9nergie d\u2019opinions multiples, qu\u2019Il \u00e9pouse de l\u2019int\u00e9rieur, respecte autant que possible et retourne doucement et intens\u00e9ment vers le Christ. Le travail de communion dont nous r\u00eavons (\u00ab il faudrait que les gens me comprennent \u00bb) doit \u00ab faire avec \u00bb, avec un Dieu ami de ses cr\u00e9atures, proche d\u2019elles, terriblement compr\u00e9hensif, \u00e9cartel\u00e9 entre elles. <\/p>\n\n\n\n<p>Quatre jeunes de l\u2019aum\u00f4nerie ont \u00e9t\u00e9 confirm\u00e9s, quelques adultes s\u2019y pr\u00e9parent. Mais nous tous, pour vivre ce moment favorable entre fatigue du parcours et promesse de matins ensoleill\u00e9s, il nous reste \u00e0 nous souvenir que l\u2019Esprit Saint a \u00e9t\u00e9 r\u00e9pandu dans nos c\u0153urs, Celui qui nous aide \u00e0 oser parler la langue de l\u2019autre. A ce prix nous pouvons d\u00e9couvrir Dieu r\u00e9el, proche, pr\u00e9sent, obstin\u00e9ment amoureux des hommes, loin de nos r\u00eaves d\u2019une Puissance Magique qui nous donnerait toujours raison ou ferait nos quatre volont\u00e9s.<\/p>\n\n\n\n<p>P\u00e8re <strong>Dominique  Doyh\u00e9nart<\/strong>,  cur\u00e9<\/p>\n","protected":false},"excerpt":{"rendered":"<p>Edito du 17 F\u00e9vrier 2019 Dr\u00f4le de p\u00e9riode. On solde 2018 (les comptables rendent les bilans), l\u2019hiver est bien l\u00e0 mais le soleil pointe le bout du nez pour nous faire r\u00eaver. Ce n\u2019est plus No\u00ebl mais pas encore le Car\u00eame, et il faut d\u00e9j\u00e0 se projeter dans la pr\u00e9paration du printemps, avec ses renaissances, bapt\u00eames et communions, reprendre conscience que l\u2019ann\u00e9e n\u2019a que 52 dimanches (idem pour les lundi, mardi, \u2026) et que toutes nos grandes ambitions pour les <a class=\"more-link\" href=\"https:\/\/paroisses-chatenay.fr\/stgermain\/le-temps-favorable\/\">Lire plus &#8230;<\/a><\/p>\n","protected":false},"author":1,"featured_media":3770,"comment_status":"closed","ping_status":"closed","sticky":false,"template":"","format":"standard","meta":{"_seopress_robots_primary_cat":"","_seopress_titles_title":"","_seopress_titles_desc":"","_seopress_robots_index":"","jetpack_post_was_ever_published":false,"_jetpack_newsletter_access":"","_jetpack_dont_email_post_to_subs":false,"_jetpack_newsletter_tier_id":0,"_jetpack_memberships_contains_paywalled_content":false,"_jetpack_memberships_contains_paid_content":false,"footnotes":"","jetpack_publicize_message":"","jetpack_publicize_feature_enabled":true,"jetpack_social_post_already_shared":true,"jetpack_social_options":{"image_generator_settings":{"template":"highway","default_image_id":0,"font":"","enabled":false},"version":2}},"categories":[9],"tags":[],"class_list":["post-3596","post","type-post","status-publish","format-standard","has-post-thumbnail","hentry","category-edito"],"jetpack_publicize_connections":[],"jetpack_featured_media_url":"https:\/\/i0.wp.com\/paroisses-chatenay.fr\/stgermain\/wp-content\/uploads\/2019\/03\/20190228_145836-e1551429845268.jpg?fit=225%2C400&ssl=1","jetpack_sharing_enabled":true,"jetpack_shortlink":"https:\/\/wp.me\/p8QOZc-W0","jetpack_likes_enabled":true,"_links":{"self":[{"href":"https:\/\/paroisses-chatenay.fr\/stgermain\/wp-json\/wp\/v2\/posts\/3596","targetHints":{"allow":["GET"]}}],"collection":[{"href":"https:\/\/paroisses-chatenay.fr\/stgermain\/wp-json\/wp\/v2\/posts"}],"about":[{"href":"https:\/\/paroisses-chatenay.fr\/stgermain\/wp-json\/wp\/v2\/types\/post"}],"author":[{"embeddable":true,"href":"https:\/\/paroisses-chatenay.fr\/stgermain\/wp-json\/wp\/v2\/users\/1"}],"replies":[{"embeddable":true,"href":"https:\/\/paroisses-chatenay.fr\/stgermain\/wp-json\/wp\/v2\/comments?post=3596"}],"version-history":[{"count":2,"href":"https:\/\/paroisses-chatenay.fr\/stgermain\/wp-json\/wp\/v2\/posts\/3596\/revisions"}],"predecessor-version":[{"id":3699,"href":"https:\/\/paroisses-chatenay.fr\/stgermain\/wp-json\/wp\/v2\/posts\/3596\/revisions\/3699"}],"wp:featuredmedia":[{"embeddable":true,"href":"https:\/\/paroisses-chatenay.fr\/stgermain\/wp-json\/wp\/v2\/media\/3770"}],"wp:attachment":[{"href":"https:\/\/paroisses-chatenay.fr\/stgermain\/wp-json\/wp\/v2\/media?parent=3596"}],"wp:term":[{"taxonomy":"category","embeddable":true,"href":"https:\/\/paroisses-chatenay.fr\/stgermain\/wp-json\/wp\/v2\/categories?post=3596"},{"taxonomy":"post_tag","embeddable":true,"href":"https:\/\/paroisses-chatenay.fr\/stgermain\/wp-json\/wp\/v2\/tags?post=3596"}],"curies":[{"name":"wp","href":"https:\/\/api.w.org\/{rel}","templated":true}]}}