{"id":3775,"date":"2019-03-04T23:10:21","date_gmt":"2019-03-04T22:10:21","guid":{"rendered":"http:\/\/www.paroisses-chatenay.fr\/stgermain\/?p=3775"},"modified":"2019-03-06T09:19:27","modified_gmt":"2019-03-06T08:19:27","slug":"sur-le-chemin-du-careme","status":"publish","type":"post","link":"https:\/\/paroisses-chatenay.fr\/stgermain\/sur-le-chemin-du-careme\/","title":{"rendered":"Sur le chemin du Car\u00eame &#8230;"},"content":{"rendered":"\n<p>Sur la paroisses Saint Germain, plusieurs propositions pour vivre ce Car\u00eame 2019<\/p>\n\n\n\n<p style=\"background-color:#8700a3\" class=\"has-text-color has-background has-very-light-gray-color\"><strong><a href=\"http:\/\/www.paroisses-chatenay.fr\/stgermain\/mardis-de-careme-a-saint-germain-et-sainte-therese\/\">Les mardis de Car\u00eame : <\/a><\/strong><\/p>\n\n\n\n<p>Chacun est invit\u00e9 \u00e0 pr\u00e9parer la f\u00eate de P\u00e2ques en participant a<strong>ux&nbsp;5 \u00ab mardis \u00bb du temps de Car\u00eame les 12, 19 ,26 mars, 2 et 9 avril.<\/strong><\/p>\n\n\n\n<p>Ils auront lieu au centre paroissial de Saint-Germain de 20h \u00e0 21h30 et<br>commenceront par le partage d\u2019un repas frugal. <\/p>\n\n\n\n<p><a href=\"http:\/\/www.paroisses-chatenay.fr\/stgermain\/mardis-de-careme-a-saint-germain-et-sainte-therese\/\">Voir : http:\/\/www.paroisses-chatenay.fr\/stgermain\/mardis-de-careme-a-saint-germain-et-sainte-therese\/<\/a><\/p>\n\n\n\n<p style=\"background-color:#8700a3\" class=\"has-text-color has-background has-very-light-gray-color\"><strong>Chaque dimanche de Car\u00eame<\/strong><\/p>\n\n\n\n<p>L\u2019Equipe pastorale propose de mettre sur la feuille de chant un phrase pour inviter les paroissiens pour une action sp\u00e9cifique chaque semaine<\/p>\n\n\n\n<p style=\"background-color:#8700a3\" class=\"has-text-color has-background has-very-light-gray-color\"><strong>Premier dimanche&nbsp;: \u00ab&nbsp;L\u2019homme ne vit pas seulement de pain&nbsp;\u00bb en ce temps de car\u00eame recentrons nos vies sur l\u2019essentiel<\/strong> \u00ab&nbsp;<\/p>\n\n\n\n<p>Piste : le je\u00fbne (je\u00fbne tout ce qui nous encombre : nourriture, pouvoir\u2026),&nbsp; nous permet de nous recentrer sur l\u2019essentiel .<\/p>\n\n\n\n<p style=\"background-color:#8700a3\" class=\"has-text-color has-background has-very-light-gray-color\"><strong>Deuxi\u00e8me Dimanche :<\/strong> <strong>\u00ab\u00a0Le Seigneur est ma lumi\u00e8re et mon salut\u00a0\u00bb<\/strong><\/p>\n\n\n\n<ul class=\"wp-block-list\"><li>Les\ntextes nous appellent \u00e0 la pri\u00e8re, la m\u00e9ditation et \u00e0 \u00e9couter la parole de Dieu\n<\/li><li>En\ntant que Chr\u00e9tiens nous sommes appel\u00e9s \u00e0 rayonner et \u00e0 \u00eatre lumineux<\/li><\/ul>\n\n\n\n<p>Piste :  Sachons au quotidien faire rayonner cette lumi\u00e8re&nbsp; par &nbsp;un geste, un sourire, une attention \u00e0 l\u2019autre<\/p>\n\n\n\n<p style=\"background-color:#8700a3\" class=\"has-text-color has-background has-very-light-gray-color\"><strong>Troisi\u00e8me Dimanche (Scrutins)<\/strong><\/p>\n\n\n\n<p><strong>\u00ab&nbsp;Donne moi \u00e0 boire&nbsp;\u00bb<\/strong> <\/p>\n\n\n\n<p>Piste : l\u2019eau est la vie ! Comment nous, nous arrivons \u00e0 dire aux autres que nous avons soif !<\/p>\n\n\n\n<p><strong>\u00ab Il y demeura deux jours \u00bb<\/strong><\/p>\n\n\n\n<p>Piste : comme J\u00e9sus sachons prendre notre temps et nous poser afin d\u2019accueillir et accompagner ceux qui sont en chemin avec le Christ<\/p>\n\n\n\n<p style=\"background-color:#8700a3\" class=\"has-text-color has-background has-very-light-gray-color\"><strong>Quatri\u00e8me Dimanche (Scrutins)<\/strong><\/p>\n\n\n\n<p><strong>\u00ab Gr\u00e2ce et bonheur m\u2019accompagnent \u00bb <\/strong><\/p>\n\n\n\n<p>Question : comment le r\u00e9aliser ? <\/p>\n\n\n\n<p>Pistes : en allant recevoir le sacrement de r\u00e9conciliation, en pardonnant \u00e0 quelqu\u2019un, en rendant visite \u00e0 quelqu\u2019un qu\u2019on a n\u00e9glig\u00e9\u2026<\/p>\n\n\n\n<p style=\"background-color:#8700a3\" class=\"has-text-color has-background has-very-light-gray-color\"><strong>Cinqui\u00e8me Dimanche (Scrutins lors de la messe du samedi soir)<\/strong><\/p>\n\n\n\n<p><strong>\u00ab&nbsp;D\u00e9liez-le, et laissez-le aller&nbsp;\u00bb&nbsp; <\/strong><\/p>\n\n\n\n<p>Piste : sachons nous laisser lib\u00e9rer aujourd\u2019hui gr\u00e2ce au sacrement de r\u00e9conciliation <\/p>\n\n\n\n<p style=\"background-color:#a30098\" class=\"has-text-color has-background has-very-light-gray-color\"><strong>Pour les 3eme, 4eme et 5eme Dimanches, les textes du dimanche (et de la messe de samedi soir) seront ceux de l&rsquo;Ann\u00e9e  A<\/strong><\/p>\n\n\n\n<p> Lectures de l\u2019ann\u00e9e A (nous sommes en ann\u00e9e C):<br> 3\u00e8me dimanche de Car\u00eame: 23-24 mars<a href=\"https:\/\/www.aelf.org\/2017-03-19\/romain\/messe\"> <\/a><a rel=\"noreferrer noopener\" aria-label=\"https:\/\/www.aelf.org\/2017-03-19\/romain\/messe (opens in a new tab)\" href=\"https:\/\/www.aelf.org\/2017-03-19\/romain\/messe\" target=\"_blank\">https:\/\/www.aelf.org\/2017-03-19\/romain\/messe<\/a><br> 4\u00e8me dimanche de Car\u00eame :<a href=\"https:\/\/www.aelf.org\/2017-03-26\/romain\/messe\"> <\/a><a rel=\"noreferrer noopener\" aria-label=\"https:\/\/www.aelf.org\/2017-03-26\/romain\/messe (opens in a new tab)\" href=\"https:\/\/www.aelf.org\/2017-03-26\/romain\/messe\" target=\"_blank\">https:\/\/www.aelf.org\/2017-03-26\/romain\/messe<\/a><br> 5\u00e8me dimanche de Car\u00eame : <a rel=\"noreferrer noopener\" aria-label=\"https:\/\/www.aelf.org\/2017-04-02\/romain\/messe (opens in a new tab)\" href=\"https:\/\/www.aelf.org\/2017-04-02\/romain\/messe\" target=\"_blank\">https:\/\/www.aelf.org\/2017-04-02\/romain\/messe<\/a><\/p>\n\n\n\n<p style=\"background-color:#8700a3\" class=\"has-text-color has-background has-very-light-gray-color\"><strong>CCFD<\/strong><\/p>\n\n\n\n<p>Tout au long du Car\u00eame, l&rsquo;\u00e9quipe CCFD nous accompagnera.<\/p>\n\n\n\n<p><\/p>\n","protected":false},"excerpt":{"rendered":"<p>Sur la paroisses Saint Germain, plusieurs propositions pour vivre ce Car\u00eame 2019 Les mardis de Car\u00eame : Chacun est invit\u00e9 \u00e0 pr\u00e9parer la f\u00eate de P\u00e2ques en participant aux&nbsp;5 \u00ab mardis \u00bb du temps de Car\u00eame les 12, 19 ,26 mars, 2 et 9 avril. Ils auront lieu au centre paroissial de Saint-Germain de 20h \u00e0 21h30 etcommenceront par le partage d\u2019un repas frugal. Voir : http:\/\/www.paroisses-chatenay.fr\/stgermain\/mardis-de-careme-a-saint-germain-et-sainte-therese\/ Chaque dimanche de Car\u00eame L\u2019Equipe pastorale propose de mettre sur la feuille de <a class=\"more-link\" href=\"https:\/\/paroisses-chatenay.fr\/stgermain\/sur-le-chemin-du-careme\/\">Lire plus &#8230;<\/a><\/p>\n","protected":false},"author":1,"featured_media":3774,"comment_status":"closed","ping_status":"closed","sticky":false,"template":"","format":"standard","meta":{"_seopress_robots_primary_cat":"none","_seopress_titles_title":"","_seopress_titles_desc":"","_seopress_robots_index":"","jetpack_post_was_ever_published":false,"_jetpack_newsletter_access":"","_jetpack_dont_email_post_to_subs":false,"_jetpack_newsletter_tier_id":0,"_jetpack_memberships_contains_paywalled_content":false,"_jetpack_memberships_contains_paid_content":false,"footnotes":"","jetpack_publicize_message":"","jetpack_publicize_feature_enabled":true,"jetpack_social_post_already_shared":true,"jetpack_social_options":{"image_generator_settings":{"template":"highway","default_image_id":0,"font":"","enabled":false},"version":2}},"categories":[12],"tags":[],"class_list":["post-3775","post","type-post","status-publish","format-standard","has-post-thumbnail","hentry","category-temps-du-careme"],"jetpack_publicize_connections":[],"jetpack_featured_media_url":"https:\/\/i0.wp.com\/paroisses-chatenay.fr\/stgermain\/wp-content\/uploads\/2019\/03\/cheminCar%C3%AAme.jpg?fit=4032%2C2268&ssl=1","jetpack_sharing_enabled":true,"jetpack_shortlink":"https:\/\/wp.me\/p8QOZc-YT","jetpack_likes_enabled":true,"_links":{"self":[{"href":"https:\/\/paroisses-chatenay.fr\/stgermain\/wp-json\/wp\/v2\/posts\/3775","targetHints":{"allow":["GET"]}}],"collection":[{"href":"https:\/\/paroisses-chatenay.fr\/stgermain\/wp-json\/wp\/v2\/posts"}],"about":[{"href":"https:\/\/paroisses-chatenay.fr\/stgermain\/wp-json\/wp\/v2\/types\/post"}],"author":[{"embeddable":true,"href":"https:\/\/paroisses-chatenay.fr\/stgermain\/wp-json\/wp\/v2\/users\/1"}],"replies":[{"embeddable":true,"href":"https:\/\/paroisses-chatenay.fr\/stgermain\/wp-json\/wp\/v2\/comments?post=3775"}],"version-history":[{"count":6,"href":"https:\/\/paroisses-chatenay.fr\/stgermain\/wp-json\/wp\/v2\/posts\/3775\/revisions"}],"predecessor-version":[{"id":3811,"href":"https:\/\/paroisses-chatenay.fr\/stgermain\/wp-json\/wp\/v2\/posts\/3775\/revisions\/3811"}],"wp:featuredmedia":[{"embeddable":true,"href":"https:\/\/paroisses-chatenay.fr\/stgermain\/wp-json\/wp\/v2\/media\/3774"}],"wp:attachment":[{"href":"https:\/\/paroisses-chatenay.fr\/stgermain\/wp-json\/wp\/v2\/media?parent=3775"}],"wp:term":[{"taxonomy":"category","embeddable":true,"href":"https:\/\/paroisses-chatenay.fr\/stgermain\/wp-json\/wp\/v2\/categories?post=3775"},{"taxonomy":"post_tag","embeddable":true,"href":"https:\/\/paroisses-chatenay.fr\/stgermain\/wp-json\/wp\/v2\/tags?post=3775"}],"curies":[{"name":"wp","href":"https:\/\/api.w.org\/{rel}","templated":true}]}}