{"id":4114,"date":"2019-05-18T18:07:12","date_gmt":"2019-05-18T16:07:12","guid":{"rendered":"http:\/\/www.paroisses-chatenay.fr\/stgermain\/?p=4114"},"modified":"2019-05-18T18:19:41","modified_gmt":"2019-05-18T16:19:41","slug":"edito-grain-de-ble-toujours","status":"publish","type":"post","link":"https:\/\/paroisses-chatenay.fr\/stgermain\/edito-grain-de-ble-toujours\/","title":{"rendered":"Edito &#8211; Grain de Bl\u00e9, toujours !"},"content":{"rendered":"\n<p><\/p>\n\n\n\n<p>\u00ab Mes brebis \u00e9coutent ma voix\u2026 personne ne les arrachera de ma main. Mon P\u00e8re, qui me les a donn\u00e9es, est plus grand que tout, et personne ne peut les arracher de la main du P\u00e8re. \u00bb<\/p>\n\n\n\n<p>Ces paroles extraordinaires de l\u2019Evangile du \u00ab Bon Pasteur \u00bb nous plongent au coeur de la formidable libert\u00e9 int\u00e9rieure de J\u00e9sus.<\/p>\n\n\n\n<p>Tout est donn\u00e9 par le P\u00e8re ! J\u00e9sus ne tient pas une comptabilit\u00e9 anxieuse, ni des statistiques d\u2019adh\u00e9sion : il propose des paroles vraies \u00e0 \u00e9couter, des appels \u00e0 entendre, et des liens fraternels \u00e0 vivre. Il ne doute pas que tous ceux pour qui c\u2019est le moment se mettent en route. Pour l\u2019un c\u2019est l\u2019enfouissement d\u2019une parole qui produira son fruit plus tard, pour l\u2019autre c\u2019est d\u00e9j\u00e0 le temps de la moisson, le troisi\u00e8me c\u2019est autrement, qu\u2019importe : le P\u00e8re donne tout et ne l\u00e2che rien ! Cette d\u00e9possession du contr\u00f4le de ce qui se passe, la confiance et la d\u00e9contraction du berger, tout cela est n\u00e9cessaire \u00e0 la croissance de ce qui peut na\u00eetre.<\/p>\n\n\n\n<p>Bien s\u00fbr, il ne suffit pas tout-\u00e0-fait d\u2019attendre que \u00e7a pousse : malheur \u00e0 celui qui scandalise un seul de ces petits qui sont les miens, dit J\u00e9sus\u2026 Il faut inlassablement, s\u2019employer pour qu\u2019existent les lieux et moments de bonheur et de v\u00e9rit\u00e9, o\u00f9 chacun peut se tenir en v\u00e9rit\u00e9, \u00eatre accueilli et aim\u00e9 tel qu\u2019il est, o\u00f9 chacun puisse dire une parole en \u00ab je \u00bb et entendre une parole en \u00ab tu \u00bb\u2026 des lieux et des moments o\u00f9 nous sommes d\u00e9charg\u00e9s du souci d\u2019\u00eatre ceci ou de para\u00eetre cela. Faute de quoi, les petits partent sur la pointe des pieds et le \u00ab nous \u00bb eccl\u00e9sial ne se constitue pas, il est encore repouss\u00e9 \u00e0 plus tard.<\/p>\n\n\n\n<p>Ces lieux existent, partout, et il importe de les faire exister, pour notre bonheur.<\/p>\n\n\n\n<p>Veillons pour que dans les \u00e9v\u00e9nements et les rencontres, chacun sente qu\u2019il peut livrer simplement ce qu\u2019il veut livrer de lui m\u00eame, sans avoir \u00e0 correspondre \u00e0 une attente suppos\u00e9e (on est \u00e0 l\u2019\u00e9glise, quand m\u00eame !). Faisons en sorte que chacun sente qu\u2019il est l\u00e0 exactement au m\u00eame titre que les autres, un \u00eatre humain en qu\u00eate de bonne vie, en qu\u00eate de compagnons de route et de pr\u00e9sence de Dieu. La mauvaise anxi\u00e9t\u00e9, celle qui nous monte \u00e0 la t\u00eate quand nous croyons devoir occuper la place du Sauveur, elle nous livre entre les mains de l\u2019ennemi (le diable) en nous embrouillant dans des attentes trop pr\u00e9cises et la manie d\u2019\u00e9valuer tout et son contraire.<\/p>\n\n\n\n<p>Alors qu\u2019il n\u2019est question &#8211; et c\u2019est un vrai d\u00e9fi &#8211; que d\u2019accueillir avec \u00e9merveillement la parole de fr\u00e8res et soeurs qui nous font cadeau d\u2019un bout d\u2019eux-m\u00eames en confiance.<\/p>\n\n\n\n<p>Oui ces lieux existent parmi nous, ces moments de gr\u00e2ce incroyable, souvent au cat\u00e9chum\u00e9nat mais pas seulement : partout, quand on sait regarder ! Les signes sont connus : les fr\u00e8res muets parlent\u2026 Samedi, \u00e0 Antony, M. et T., deux paroissiennes que je connaissais bien (que je croyais bien conna\u00eetre), sont invit\u00e9es \u00e0 la rencontre \u00e9largie de l\u2019ACO. Parce que le climat de la rencontre le permettait, elles ont livr\u00e9 quelque chose de leurs gal\u00e8res financi\u00e8res et familiales, avec une joie et une reconnaissance de pouvoir se dire \u00e0 d\u2019autres, d\u2019autres qui comprennent et partagent parfaitement cela\u2026 Les sourds entendent ! \u00c0 un moment donn\u00e9, quelque chose d\u2019important que tu voulais faire entendre trouve le chemin\u2026, la bonne nouvelle est annonc\u00e9e aux pauvres, quelque chose de l\u00e9ger, gr\u00e2cieux, explosif et vital vient s\u2019ins\u00e9rer m\u00eame au milieu des gal\u00e8res, quand elles sont relues, recueillies\u2026<\/p>\n\n\n\n<p><strong>Car Dieu travaille, sans cesse. Il est \u00e0 la source, comme P\u00e8re attentif, Il se dit, explicitement, dans une parole du Fils. Il se dit, implicitement, dans l\u2019Esprit, par les paroles et les actes des vrais vivants, croyants ou non, chr\u00e9tiens ou non.<\/strong> Qui recueillera cette Vie divine r\u00e9pandue en nos coeurs et en nos actes humains ? Nous avons le besoin vital d\u2019accueillir l\u2019explosivit\u00e9 de la vie divine ressuscit\u00e9e et partag\u00e9e. Nous avons le besoin vital de pr\u00eater attention \u00e0 ce vivant, \u00e0 cette vie qui pousse, germe, s\u2019infiltre\u2026 Nous avons le besoin vital de d\u00e9gager les acc\u00e8s, de d\u00e9gager ce qui obstrue cette fermentation amoureuse de Dieu en toute chose.<\/p>\n\n\n\n<p>Nous n\u2019avons pas de temps \u00e0 perdre ni d\u2019\u00e9nergie \u00e0 gaspiller vers ce qui ne nourrit pas ou ne fait pas vivre. R\u00e9parer l\u2019\u00c9glise, c\u2019est peut-\u00eatre une entreprise de d\u00e9molition de ce qui bouche les sources, et emp\u00eache le grain de pousser, non ?<\/p>\n\n\n\n<p>P\u00e8re <strong>Dominique Doyh\u00e9nart<\/strong>, cur\u00e9<\/p>\n","protected":false},"excerpt":{"rendered":"<p>\u00ab\u00a0Car Dieu travaille, sans cesse. Il est \u00e0 la source, comme P\u00e8re attentif, Il se dit, explicitement, dans une parole du Fils. Il se dit, implicitement, dans l\u2019Esprit, par les paroles et les actes des vrais vivants, croyants ou non, chr\u00e9tiens ou non\u00a0\u00bb. Collecte pour le Bol D&rsquo;Air <a class=\"more-link\" href=\"https:\/\/paroisses-chatenay.fr\/stgermain\/edito-grain-de-ble-toujours\/\">Lire plus &#8230;<\/a><\/p>\n","protected":false},"author":1,"featured_media":4123,"comment_status":"closed","ping_status":"closed","sticky":false,"template":"","format":"standard","meta":{"_seopress_robots_primary_cat":"none","_seopress_titles_title":"","_seopress_titles_desc":"","_seopress_robots_index":"","jetpack_post_was_ever_published":false,"_jetpack_newsletter_access":"","_jetpack_dont_email_post_to_subs":false,"_jetpack_newsletter_tier_id":0,"_jetpack_memberships_contains_paywalled_content":false,"_jetpack_memberships_contains_paid_content":false,"footnotes":"","jetpack_publicize_message":"","jetpack_publicize_feature_enabled":true,"jetpack_social_post_already_shared":true,"jetpack_social_options":{"image_generator_settings":{"template":"highway","default_image_id":0,"font":"","enabled":false},"version":2}},"categories":[9],"tags":[],"class_list":["post-4114","post","type-post","status-publish","format-standard","has-post-thumbnail","hentry","category-edito"],"jetpack_publicize_connections":[],"jetpack_featured_media_url":"https:\/\/i0.wp.com\/paroisses-chatenay.fr\/stgermain\/wp-content\/uploads\/2019\/05\/bolDair.jpg?fit=4032%2C2268&ssl=1","jetpack_sharing_enabled":true,"jetpack_shortlink":"https:\/\/wp.me\/p8QOZc-14m","jetpack_likes_enabled":true,"_links":{"self":[{"href":"https:\/\/paroisses-chatenay.fr\/stgermain\/wp-json\/wp\/v2\/posts\/4114","targetHints":{"allow":["GET"]}}],"collection":[{"href":"https:\/\/paroisses-chatenay.fr\/stgermain\/wp-json\/wp\/v2\/posts"}],"about":[{"href":"https:\/\/paroisses-chatenay.fr\/stgermain\/wp-json\/wp\/v2\/types\/post"}],"author":[{"embeddable":true,"href":"https:\/\/paroisses-chatenay.fr\/stgermain\/wp-json\/wp\/v2\/users\/1"}],"replies":[{"embeddable":true,"href":"https:\/\/paroisses-chatenay.fr\/stgermain\/wp-json\/wp\/v2\/comments?post=4114"}],"version-history":[{"count":2,"href":"https:\/\/paroisses-chatenay.fr\/stgermain\/wp-json\/wp\/v2\/posts\/4114\/revisions"}],"predecessor-version":[{"id":4133,"href":"https:\/\/paroisses-chatenay.fr\/stgermain\/wp-json\/wp\/v2\/posts\/4114\/revisions\/4133"}],"wp:featuredmedia":[{"embeddable":true,"href":"https:\/\/paroisses-chatenay.fr\/stgermain\/wp-json\/wp\/v2\/media\/4123"}],"wp:attachment":[{"href":"https:\/\/paroisses-chatenay.fr\/stgermain\/wp-json\/wp\/v2\/media?parent=4114"}],"wp:term":[{"taxonomy":"category","embeddable":true,"href":"https:\/\/paroisses-chatenay.fr\/stgermain\/wp-json\/wp\/v2\/categories?post=4114"},{"taxonomy":"post_tag","embeddable":true,"href":"https:\/\/paroisses-chatenay.fr\/stgermain\/wp-json\/wp\/v2\/tags?post=4114"}],"curies":[{"name":"wp","href":"https:\/\/api.w.org\/{rel}","templated":true}]}}