{"id":4215,"date":"2019-06-12T20:37:19","date_gmt":"2019-06-12T18:37:19","guid":{"rendered":"http:\/\/www.paroisses-chatenay.fr\/stgermain\/?p=4215"},"modified":"2019-06-29T09:11:25","modified_gmt":"2019-06-29T07:11:25","slug":"rendre-grace","status":"publish","type":"post","link":"https:\/\/paroisses-chatenay.fr\/stgermain\/rendre-grace\/","title":{"rendered":"Rendre Gr\u00e2ce et Manques &#8230;"},"content":{"rendered":"\n<header class=\"entry-header\">\n<p>Vous \u00eates invit\u00e9s \u00e0 la <strong>Messe de Fin d&rsquo;ann\u00e9e pastorale<\/strong> suivie d&rsquo;un repas fraternel qui aura lieu le dimanche 23 juin 2019 \u00e0 10h30 : le th\u00e8me en est \u00ab\u00a0<strong>L&rsquo;Action de gr\u00e2ce pour cette ann\u00e9e<\/strong>\u00ab\u00a0.<\/p>\n<p>Au cours de la c\u00e9l\u00e9bration, une fleur sera constitu\u00e9e avec des p\u00e9tales de couleurs (Merci, Action de gr\u00e2ce) et des p\u00e9tales blancs (Manques que nous vivons dans notre paroisse, Demandes&#8230;).<\/p>\n<p>Chaque personne de chaque groupe, ou chaque personne le souhaitant de mani\u00e8re individuelle, prendra le ou les p\u00e9tales (couleur\/gr\u00e2ce ou blanc\/vide) et \u00e9crira : le nom du groupe (exemple Cat\u00e9chisme) ou son pr\u00e9nom si il le souhaite avec le Merci ou le Manque de cette ann\u00e9e.<\/p>\n<p>On esp\u00e8re une belle fleur, avec pleins de couleurs et bien sur des p\u00e9tales blancs aussi &#8230;<\/p>\n<p class=\"entry-title\" style=\"text-align: center;\"><strong>10h30 Messe d\u2019action de gr\u00e2ce dans le jardin du centre paroissial<\/strong><br><strong><span style=\"font-size: inherit;\">~~<br><\/span><span style=\"font-size: inherit;\">Ap\u00e9ritif<br><\/span><span style=\"font-size: inherit;\">Repas festif partag\u00e9 *<br>~~<br><\/span><span style=\"font-size: inherit;\">14h&nbsp; Visite comment\u00e9e de l\u2019\u00e9glise<br><\/span><span style=\"font-size: inherit;\">Animation pour les jeunes<br><\/span><span style=\"font-size: inherit;\">~~<br><\/span><span style=\"font-size: inherit;\">&nbsp; 17h&nbsp; &nbsp;Superbe concert dans l\u2019\u00e9glise <\/span><span style=\"font-size: inherit;\">par les ch\u0153urs d\u2019enfants <\/span><span style=\"font-size: inherit;\">de la Ma\u00eetrise des Hauts de Seine<\/span><\/strong><\/p>\n<\/header>\n<div class=\"entry-content\">\n<p style=\"text-align: center;\"><strong>&nbsp;*-Vous apportez un plat ou dessert \u00e0 partager, ou boisson, sinon juste votre bonne humeur,<\/strong><\/p>\n<\/div>\n","protected":false},"excerpt":{"rendered":"<p>Vous \u00eates invit\u00e9s \u00e0 la Messe de Fin d&rsquo;ann\u00e9e pastorale suivie d&rsquo;un repas fraternel qui aura lieu le dimanche 23 juin 2019 \u00e0 10h30 : le th\u00e8me en est \u00ab\u00a0L&rsquo;Action de gr\u00e2ce pour cette ann\u00e9e\u00ab\u00a0. Au cours de la c\u00e9l\u00e9bration, une fleur sera constitu\u00e9e avec des p\u00e9tales de couleurs (Merci, Action de gr\u00e2ce) et des p\u00e9tales blancs (Manques que nous vivons dans notre paroisse, Demandes&#8230;). Chaque personne de chaque groupe, ou chaque personne le souhaitant de mani\u00e8re individuelle, prendra le <a class=\"more-link\" href=\"https:\/\/paroisses-chatenay.fr\/stgermain\/rendre-grace\/\">Lire plus &#8230;<\/a><\/p>\n","protected":false},"author":1,"featured_media":0,"comment_status":"closed","ping_status":"closed","sticky":false,"template":"","format":"standard","meta":{"_seopress_robots_primary_cat":"none","_seopress_titles_title":"","_seopress_titles_desc":"","_seopress_robots_index":"","jetpack_post_was_ever_published":false,"_jetpack_newsletter_access":"","_jetpack_dont_email_post_to_subs":false,"_jetpack_newsletter_tier_id":0,"_jetpack_memberships_contains_paywalled_content":false,"_jetpack_memberships_contains_paid_content":false,"footnotes":"","jetpack_publicize_message":"","jetpack_publicize_feature_enabled":true,"jetpack_social_post_already_shared":true,"jetpack_social_options":{"image_generator_settings":{"template":"highway","default_image_id":0,"font":"","enabled":false},"version":2}},"categories":[5],"tags":[],"class_list":["post-4215","post","type-post","status-publish","format-standard","hentry","category-la-paroisse-2"],"jetpack_publicize_connections":[],"jetpack_featured_media_url":"","jetpack_sharing_enabled":true,"jetpack_shortlink":"https:\/\/wp.me\/p8QOZc-15Z","jetpack_likes_enabled":true,"_links":{"self":[{"href":"https:\/\/paroisses-chatenay.fr\/stgermain\/wp-json\/wp\/v2\/posts\/4215","targetHints":{"allow":["GET"]}}],"collection":[{"href":"https:\/\/paroisses-chatenay.fr\/stgermain\/wp-json\/wp\/v2\/posts"}],"about":[{"href":"https:\/\/paroisses-chatenay.fr\/stgermain\/wp-json\/wp\/v2\/types\/post"}],"author":[{"embeddable":true,"href":"https:\/\/paroisses-chatenay.fr\/stgermain\/wp-json\/wp\/v2\/users\/1"}],"replies":[{"embeddable":true,"href":"https:\/\/paroisses-chatenay.fr\/stgermain\/wp-json\/wp\/v2\/comments?post=4215"}],"version-history":[{"count":5,"href":"https:\/\/paroisses-chatenay.fr\/stgermain\/wp-json\/wp\/v2\/posts\/4215\/revisions"}],"predecessor-version":[{"id":4244,"href":"https:\/\/paroisses-chatenay.fr\/stgermain\/wp-json\/wp\/v2\/posts\/4215\/revisions\/4244"}],"wp:attachment":[{"href":"https:\/\/paroisses-chatenay.fr\/stgermain\/wp-json\/wp\/v2\/media?parent=4215"}],"wp:term":[{"taxonomy":"category","embeddable":true,"href":"https:\/\/paroisses-chatenay.fr\/stgermain\/wp-json\/wp\/v2\/categories?post=4215"},{"taxonomy":"post_tag","embeddable":true,"href":"https:\/\/paroisses-chatenay.fr\/stgermain\/wp-json\/wp\/v2\/tags?post=4215"}],"curies":[{"name":"wp","href":"https:\/\/api.w.org\/{rel}","templated":true}]}}