{"id":4676,"date":"2019-09-21T21:46:05","date_gmt":"2019-09-21T19:46:05","guid":{"rendered":"http:\/\/www.paroisses-chatenay.fr\/stgermain\/?p=4676"},"modified":"2019-09-21T22:11:12","modified_gmt":"2019-09-21T20:11:12","slug":"ouvrir-la-bible-2","status":"publish","type":"post","link":"https:\/\/paroisses-chatenay.fr\/stgermain\/ouvrir-la-bible-2\/","title":{"rendered":"Ouvrir la Bible 2"},"content":{"rendered":"\n<p>Chers <strong>amis<\/strong>,<\/p>\n<div>\u00ab\u00a0Ouvrir la Bible&nbsp;\u00bb tente sa deuxi\u00e8me ann\u00e9e sur une nouvelle hypoth\u00e8se qui, je l&rsquo;esp\u00e8re, vous conviendra; apr\u00e8s \u00eatre all\u00e9s, l\u2019ann\u00e9e derni\u00e8re, &nbsp;\u00e0 la rencontre de la &nbsp;Bible (ou plut\u00f4t des Bibles\u2026), dans son histoire, sa composition et surtout sa vis\u00e9e, apr\u00e8s des rencontres parfois surprenantes (livres variables et ordres diff\u00e9rents de leur pr\u00e9sentation, probl\u00e8mes de traduction et d\u2019interpr\u00e9tation, typographies, divisions du texte et mises en page ajout\u00e9es, notes et cadres de lecture impos\u00e9s\u2026), je propose de nous confronter \u00e0 l\u2019Ancien Testament dans sa fonction liturgique: les textes de l\u2019Ancien Testament qu&rsquo;on lit \u00e0 la messe du dimanche.&nbsp;<\/div>\n<div>&nbsp;<\/div>\n<div>Mon id\u00e9e de d\u00e9part \u00e9tait de prendre une livre et d\u2019en faire une lecture continue, ce qui aurait permis de capitaliser l\u2019exp\u00e9rience de l\u2019ann\u00e9e derni\u00e8re; j\u2019avoue avoir recul\u00e9 devant l\u2019\u00e9normit\u00e9 du travail de pr\u00e9paration, (et en si peu de temps), mais je voulais \u00e9galement permettre simultan\u00e9ment \u00e0 des nouveaux de prendre le train en marche et aux \u00ab&nbsp;anciens&nbsp;\u00bb de continuer, s\u2019ils le voulaient, mais sans se r\u00e9p\u00e9ter.<\/div>\n<div>&nbsp;<\/div>\n<div>L\u2019Ancien Testament \u00e9tant plut\u00f4t globalement mal connu dans le catholicisme, j\u2019ai pens\u00e9 qu\u2019il serait bien de nous y atteler; la lecture de ces textes \u00e0 la messe dans la proclamation de la Parole de Dieu fait partie de la c\u00e9l\u00e9bration de l\u2019eucharistie.<\/div>\n<div>Mais pourquoi, comment?<\/div>\n<div>Quel est leur r\u00f4le?<\/div>\n<div>A quoi servent-ils?<\/div>\n<div>Sont-ils indispensables?<\/div>\n<div>&nbsp;<\/div>\n<div>Nous les prendrons par grande p\u00e9riode liturgique.<\/div>\n<div>&nbsp;<\/div>\n<div>Pour esp\u00e9rer toucher un plus grand nombre, et ne pas trop fatiguer les plus anciens, les s\u00e9ances auront lieu le <u><b>samedi matin de 9h \u00e0 10h30 au Centre paroissial<\/b><\/u>.(Je sais bien qu\u2019il n\u2019y a pas de bon horaire et que celui-ci a d\u2019autres inconv\u00e9nients\u2026)<\/div>\n<div>&nbsp;<\/div>\n<div>Voici le calendrier et les th\u00e8mes:<\/div>\n<div>samedi 28 septembre : pourquoi l\u2019Ancien Testament?<\/div>\n<div>samedi 16 novembre : L\u2019Ancien Testament de l\u2019Avent<\/div>\n<div>samedi 11 janvier : L\u2019Ancien Testament du temps de No\u00ebl<\/div>\n<div>samedi 29 f\u00e9vrier : L\u2019Ancien Testament du Car\u00eame<\/div>\n<div>samedi 28 mars : Semaine sainte et Ancien Testament<\/div>\n<div>samedi 26 mai : Vers la Pentec\u00f4te<\/div>\n<div>samedi 6 juin : L\u2019Ancien Testament du temps ordinaire<\/div>\n<div>&nbsp;<\/div>\n<div>Comme vous pouvez le constater, les s\u00e9ances sont courtes; j\u2019esp\u00e8re que nous pourrons tenir strictement les horaires. Nous continuerons la m\u00e9thode initiale: documents, questions, discussions. Il n\u2019y a rien &nbsp;\u00e0 amener pour la premi\u00e8re s\u00e9ance; pour les suivantes, merci d\u2019amener votre missel ou Prions en Eglise ou un de ses \u00e9quivalents.<\/div>\n<div>&nbsp;<\/div>\n<div>Normalement, il y aura une petite surprise conviviale.<\/div>\n<div>&nbsp;<\/div>\n<div><u>Cette nouvelle \u00e9tape est ouverte \u00e0 tous ceux qui le souhaitent et il n\u2019y a pas besoin d\u2019avoir particip\u00e9 \u00e0 la premi\u00e8re ann\u00e9e pour participer \u00e0 la seconde<\/u>.<\/div>\n<div>&nbsp;<\/div>\n<div>J\u2019esp\u00e8re avoir le grand plaisir de vous retrouver, ou de faire plus ample connaissance le samedi 28 septembre \u00e0 9h.<\/div>\n<div>&nbsp;<\/div>\n<div>Bien cordialement,<\/div>\n<div><strong>Alain-Marc Plasman<\/strong><\/div>\n","protected":false},"excerpt":{"rendered":"<p>Chers amis, \u00ab\u00a0Ouvrir la Bible&nbsp;\u00bb tente sa deuxi\u00e8me ann\u00e9e sur une nouvelle hypoth\u00e8se qui, je l&rsquo;esp\u00e8re, vous conviendra; apr\u00e8s \u00eatre all\u00e9s, l\u2019ann\u00e9e derni\u00e8re, &nbsp;\u00e0 la rencontre de la &nbsp;Bible (ou plut\u00f4t des Bibles\u2026), dans son histoire, sa composition et surtout sa vis\u00e9e, apr\u00e8s des rencontres parfois surprenantes (livres variables et ordres diff\u00e9rents de leur pr\u00e9sentation, probl\u00e8mes de traduction et d\u2019interpr\u00e9tation, typographies, divisions du texte et mises en page ajout\u00e9es, notes et cadres de lecture impos\u00e9s\u2026), je propose de nous confronter <a class=\"more-link\" href=\"https:\/\/paroisses-chatenay.fr\/stgermain\/ouvrir-la-bible-2\/\">Lire plus &#8230;<\/a><\/p>\n","protected":false},"author":1,"featured_media":2491,"comment_status":"closed","ping_status":"closed","sticky":false,"template":"","format":"standard","meta":{"_seopress_robots_primary_cat":"none","_seopress_titles_title":"","_seopress_titles_desc":"","_seopress_robots_index":"","jetpack_post_was_ever_published":false,"_jetpack_newsletter_access":"","_jetpack_dont_email_post_to_subs":false,"_jetpack_newsletter_tier_id":0,"_jetpack_memberships_contains_paywalled_content":false,"_jetpack_memberships_contains_paid_content":false,"footnotes":"","jetpack_publicize_message":"","jetpack_publicize_feature_enabled":true,"jetpack_social_post_already_shared":true,"jetpack_social_options":{"image_generator_settings":{"template":"highway","default_image_id":0,"font":"","enabled":false},"version":2}},"categories":[60],"tags":[],"class_list":["post-4676","post","type-post","status-publish","format-standard","has-post-thumbnail","hentry","category-bible"],"jetpack_publicize_connections":[],"jetpack_featured_media_url":"https:\/\/i0.wp.com\/paroisses-chatenay.fr\/stgermain\/wp-content\/uploads\/2018\/09\/LireLaBible.jpg?fit=1034%2C662&ssl=1","jetpack_sharing_enabled":true,"jetpack_shortlink":"https:\/\/wp.me\/p8QOZc-1dq","jetpack_likes_enabled":true,"_links":{"self":[{"href":"https:\/\/paroisses-chatenay.fr\/stgermain\/wp-json\/wp\/v2\/posts\/4676","targetHints":{"allow":["GET"]}}],"collection":[{"href":"https:\/\/paroisses-chatenay.fr\/stgermain\/wp-json\/wp\/v2\/posts"}],"about":[{"href":"https:\/\/paroisses-chatenay.fr\/stgermain\/wp-json\/wp\/v2\/types\/post"}],"author":[{"embeddable":true,"href":"https:\/\/paroisses-chatenay.fr\/stgermain\/wp-json\/wp\/v2\/users\/1"}],"replies":[{"embeddable":true,"href":"https:\/\/paroisses-chatenay.fr\/stgermain\/wp-json\/wp\/v2\/comments?post=4676"}],"version-history":[{"count":5,"href":"https:\/\/paroisses-chatenay.fr\/stgermain\/wp-json\/wp\/v2\/posts\/4676\/revisions"}],"predecessor-version":[{"id":4691,"href":"https:\/\/paroisses-chatenay.fr\/stgermain\/wp-json\/wp\/v2\/posts\/4676\/revisions\/4691"}],"wp:featuredmedia":[{"embeddable":true,"href":"https:\/\/paroisses-chatenay.fr\/stgermain\/wp-json\/wp\/v2\/media\/2491"}],"wp:attachment":[{"href":"https:\/\/paroisses-chatenay.fr\/stgermain\/wp-json\/wp\/v2\/media?parent=4676"}],"wp:term":[{"taxonomy":"category","embeddable":true,"href":"https:\/\/paroisses-chatenay.fr\/stgermain\/wp-json\/wp\/v2\/categories?post=4676"},{"taxonomy":"post_tag","embeddable":true,"href":"https:\/\/paroisses-chatenay.fr\/stgermain\/wp-json\/wp\/v2\/tags?post=4676"}],"curies":[{"name":"wp","href":"https:\/\/api.w.org\/{rel}","templated":true}]}}