{"id":4702,"date":"2019-10-06T07:38:43","date_gmt":"2019-10-06T05:38:43","guid":{"rendered":"http:\/\/www.paroisses-chatenay.fr\/stgermain\/?p=4702"},"modified":"2019-10-06T07:44:01","modified_gmt":"2019-10-06T05:44:01","slug":"pelerinage-auxerre","status":"publish","type":"post","link":"https:\/\/paroisses-chatenay.fr\/stgermain\/pelerinage-auxerre\/","title":{"rendered":"Restitution p\u00e8lerinage Auxerre 5 Octobre 2019"},"content":{"rendered":"\n<h1 class=\"wp-block-heading\">D\u00e9part<\/h1>\n\n\n\n<p>Nous \u00e9tions hier environ 45 \u00e0 nous retrouver sur le parvis\nde l\u2019Eglise \u00e0 partir pour Auxerre.<\/p>\n\n\n\n<p>Quelques probl\u00e8mes de bus. Le d\u00e9p\u00f4t n&rsquo;\u00e9tait pas ouvert&#8230;<\/p>\n\n\n\n<p>Et finalement nous partons une heure plus tard. Pour un\ntrajet sans histoire.<\/p>\n\n\n\n<h1 class=\"wp-block-heading\">Rencontre avec la P\u00e8re Arnaud Montoux<\/h1>\n\n\n\n<p>Arriv\u00e9s \u00e0 Auxerre, le P\u00e8re Arnaud Montoux nous accueille sur\nle parvis de la Cath\u00e9drale. Il nous parle d\u2019abord d\u2019Auxerre, sa paroisse&nbsp; et de Saint Germain. Une belle rencontre,\nlaissons le parler \u2026<\/p>\n\n\n\n<p>Il y a des chr\u00e9tiens \u00e0 Auxerre depuis la fin du II eme\nsi\u00e8cle.<\/p>\n\n\n\n<p>Les pr\u00e9d\u00e9cesseurs de Saint Germain sont &nbsp;Saint Pelerin (250), puis Saint Amatre qui va\nchoisir Germain&nbsp; comme successeur&nbsp;:\nil l&rsquo;ordonne de force et contre son gr\u00e9.<\/p>\n\n\n\n<p>Quelques aspects de Saint Germain <\/p>\n\n\n\n<ul class=\"wp-block-list\"><li>Saint Germain duc des marches armoricaines :\nresponsable administratif et militaire jusqu&rsquo;\u00e0 le Bretagne. Ce qui explique ses\nliens avec l\u2019\u00e9glise celtique. Il forme les \u00e9v\u00eaques irlandais dont saint Patrick,<\/li><li>Deux voyages en tant qu&rsquo;\u00e9v\u00eaque jusqu&rsquo;en grande\nBretagne,<\/li><li>En tant qu&rsquo;\u00e9v\u00eaque il vit tr\u00e8s simplement. On\npeut dire que c\u2019est un Franciscain avant l&rsquo;heure,<\/li><li>Il est parmi les premier \u00e0 favoriser le culte\ndes reliques, \u00e0 d\u00e9finir le lieu paroissial (le Plou en celtique, plou Castel,\nplou Menec) et le lieu des moines, ou l\u2019on se retire (le Lan en Celtique)<\/li><\/ul>\n\n\n\n<h1 class=\"wp-block-heading\">Crypte<\/h1>\n\n\n\n<p>Puis le P\u00e8re Arnaud nous entraine dans la crypte de la\ncath\u00e9drale Saint Etienne.<\/p>\n\n\n\n<p>De par sa formation en histoire de l\u2019art, la visite est\nextr\u00eamement &nbsp;int\u00e9ressante. Nous touchons\nun mur de l\u2019\u00e9poque de Saint Germain. Il nous commente la peinture murale de la\nchapelle axiale de l\u2019an 1030 environ&nbsp;: une grande croix&nbsp; g\u00e9min\u00e9e (orn\u00e9e de pierres pr\u00e9cieuses) avec 4\nanges cavaliers de l&rsquo;apocalypse, un Christ \u00e0&nbsp;\ncheval (comme un empereur rentrant dans la&nbsp; ville). Il s\u2019agit d\u2019une iconographie\nimp\u00e9riale, car nous sommes \u00e0 l\u2019\u00e9poque des empereurs germaniques (Otton). <\/p>\n\n\n\n<p>Naissance \u00e0 cette \u00e9poque de l&rsquo;id\u00e9e de la chr\u00e9tient\u00e9 ; l&#8217;empereur\nc&rsquo;est le Christ qui vient dans le monde \u00e0 la fin des temps. Influence byzantine\ndans les visages : au moyen \u00e2ge on voyage, on \u00e9change ses id\u00e9es.<\/p>\n\n\n\n<h1 class=\"wp-block-heading\">Messe dans la crypte <\/h1>\n\n\n\n<p>L\u2019\u00e9vangile nous parle des 72 disciples qui reviennent dans la\njoie, et de ce qui est r\u00e9v\u00e9l\u00e9 aux petits. De la joie car vos noms sont inscrits\ndans les cieux.<\/p>\n\n\n\n<p>Merci \u00e0 V\u00e9ronique de faire retentir le synth\u00e9tiseur dans ces\nlieux si anciens, \u00e0 ceux qui ont pr\u00e9par\u00e9 les beaux chants.<\/p>\n\n\n\n<h1 class=\"wp-block-heading\">Repas et Nouvelles<\/h1>\n\n\n\n<p>Nous quittons la crypte pour aller d\u00e9jeuner dans une salle\nparoissiale \u00e0 c\u00f4t\u00e9 de la cath\u00e9drale.<\/p>\n\n\n\n<p>Viens un temps de partage des nouvelles de la paroisse<\/p>\n\n\n\n<p>&#8211; Conseil \u00e9conomique \/ Michel G. : \u00e9tude en cours pour le changement des chaudi\u00e8re de la paroisse et du budget<\/p>\n\n\n\n<p>&#8211; P\u00e8re Augustin \/ P\u00e8re Joseph : entre deux \u00e9v\u00eaques et dans une situation financi\u00e8re d\u00e9licate<\/p>\n\n\n\n<p>&#8211; Liturgie \/ Cristilla L Pierre P : que les groupes se manifestent vite pour l\u2019animation des messes desdeuxi\u00e8mes dimanche du mois\u00a0; il faut toujours du monde pour les lecteurs<\/p>\n\n\n\n<p>&#8211; Chorale \/ Christine C. : un dimanche sans chorale. Place\nde la Chorale . Se positionner dans l&rsquo;\u00e9glise <\/p>\n\n\n\n<p>&#8211; Aum\u00f4nerie des personnes malades Marie Th\u00e9r\u00e8se G. S\u00e9quoia\nAmandier Hipocrate \u00e8Appel\npour volontaires <\/p>\n\n\n\n<p>&#8211; Projet Rameaux \/ Evelyne G et Patrick V. Pourquoi les\njeunes ne viennent pas. Pourquoi des gens ne viennent qu&rsquo;a cette messe. Comment\nouvrir notre paroisse <\/p>\n\n\n\n<p>&#8211; Groupe Viens et Vois \/ Christine C. : Sujets de la vie courante foi &#8230;3\u00e8me jeudi du mois.<\/p>\n\n\n\n<p>&#8211; Groupe Viens et Vois \/ Daniele C. : 1er jeudi du mois. Louange adoration. Notre P\u00e8re et chant \u00e0 Marie \/ Projet de poursuivre l&rsquo;adoration plus loin dans la nuit . Minuit pour commencer. <\/p>\n\n\n\n<p>&#8211; T\u00e9moignage Carlota qui assure avec Pascal le service de la\nsacristie<\/p>\n\n\n\n<p>Notre paroisse est vivante&nbsp;! Et tous nous avons \u00e0\nmettre notre petite pierre \u00e0 l\u2019\u00e9difice.<\/p>\n\n\n\n<h1 class=\"wp-block-heading\">Marie No\u00ebl<\/h1>\n\n\n\n<p>Apr\u00e8s le repas, le P\u00e8re Arnaud nous rejoint et nous parle de\nMarie No\u00ebl (Marie Rouget 1867 1963)<\/p>\n\n\n\n<p>Il nous fait passer de peut-\u00eatre l\u2019id\u00e9e pr\u00e9con\u00e7ue que nous\nen avons, voire petite fleur un peu gnan gnan, \u00e0 une personne mystique.<\/p>\n\n\n\n<p>Le P. Arnaud est postulateur du &nbsp;proc\u00e8s en b\u00e9atification ouvert depuis deux\nans. Il connait donc bien Marie No\u00ebl, avec qui il a un lien particulier, depuis\nson ordination.<\/p>\n\n\n\n<p>Quelques \u0153uvres&nbsp;: <\/p>\n\n\n\n<ul class=\"wp-block-list\"><li>Notes Intimes de Marie No\u00ebl (\u0153uvres en proses). <\/li><li>Hurlements (suite \u00e0 la mort de son petit fr\u00e8re \u00e0\nNo\u00ebl)<\/li><\/ul>\n\n\n\n<p>Le P. Arnaud t\u00e9moigne que son \u0153uvre touche et transforme\nsurtout des gens souffrants, qui traversent une \u00e9preuve. Il nous parle du\ncontexte d\u2019Auxerre marqu\u00e9 par le jans\u00e9nisme puis du lien perdu entre la\npopulation et le clerg\u00e9, qui a pu contribuer \u00e0 faire en sorte que Marie No\u00ebl va\npasser sa vie \u00e0 <strong>chercher un Dieu des\nlumi\u00e8res alors qu&rsquo;on lui a donn\u00e9 l&rsquo;id\u00e9e Dieu qui impose sa volont\u00e9<\/strong>. <\/p>\n\n\n\n<p><strong>Contes<\/strong> aussi qui\nsont tr\u00e8s int\u00e9ressants.<\/p>\n\n\n\n<h1 class=\"wp-block-heading\">Ballade dans la ville<\/h1>\n\n\n\n<p>Puis nous partons faire un tour en ville&nbsp;: ses jolies\nrues pav\u00e9es, la maison d\u2019enfance de Marie No\u00ebl, les maisons \u00e0 pans de bois, la\ntour de l\u2019horloge \u2026 Une architecture pr\u00e9serv\u00e9e, pas de d\u00e9molitions d\u00fbes aux\nguerres. On flanne. Tant pis pour l\u2019heure perdue du matin.<\/p>\n\n\n\n<h1 class=\"wp-block-heading\">Retour Cath\u00e9drale<\/h1>\n\n\n\n<p>Avant de revenir \u00e0 la cath\u00e9drale Saint Etienne.<\/p>\n\n\n\n<p>Une cath\u00e9drale gothique commenc\u00e9e en 1215. Le C\u0153ur est\nconstruit en 20 ans. Le reste : fini en 1550 soit trois si\u00e8cles de construction.\n<\/p>\n\n\n\n<p>Le P\u00e8re Arnaud nous parle d\u2019architecture, de couleurs (les\ncath\u00e9drales se voulaient une image de la cr\u00e9ation, et donc pas uniquement du\nmin\u00e9ral blanc comme ajourdhui&nbsp;; mais du vert (les piliers), du bleu, rouge\n\u2026), de vitraux (celui sur Mo\u00efse et son drapeau Turc Egyptien&nbsp;; la bataille\nde L\u00e9pante n\u2019est pas loin \u2026) <\/p>\n\n\n\n<h1 class=\"wp-block-heading\">Abbaye Saint Germain et Crypte<\/h1>\n\n\n\n<p>Puis nous quittons pour de bon la cath\u00e9drale pour nous\ndiriger vers l\u2019abbaye Saint Germain. Le P\u00e8re Arnaud nous souhaite une bonne\nvisite.<\/p>\n\n\n\n<p>Et c\u2019est Catherine qui nous guide dans le bel ensemble de l\u2019Abbaye\net ses cryptes &nbsp;carolingiennes\nconstruites au 9eme si\u00e8cle.<\/p>\n\n\n\n<p>Catherine nous emm\u00e8ne dans ces tr\u00e8s belles cryptes (trois\nchapelles superpos\u00e9es&nbsp;; l\u2019abbaye est construite \u00e0 flanc de colline), par\ngroupe de 15 (trois groupes donc \u2026), et nous fait d\u00e9couvrir&nbsp;:<\/p>\n\n\n\n<ul class=\"wp-block-list\"><li>Le tombeau de saint Germain&nbsp; sous l&rsquo;autel<\/li><li>Les fresques de la lapidation de Saint \u00c9tienne <\/li><li>L\u2019image de la Bible contre le c\u0153ur&#8230; La Bible\nsur le c\u00f4t\u00e9 droit pour le disciple, contre le c\u0153ur pour le ma\u00eetre (fresque aux\ndeux \u00e9v\u00eaques)<\/li><\/ul>\n\n\n\n<p>Une belle visite.<\/p>\n\n\n\n<h1 class=\"wp-block-heading\">Pour conclure<\/h1>\n\n\n\n<p>Pour tous, des enfants (qui ont jou\u00e9 au \u00ab&nbsp;loup&nbsp;\u00bb\ndans l\u2019abbaye&nbsp;\u00bb) aux plus grands, ce fut un vrai plaisir d&rsquo;avoir pass\u00e9 un\nbon moment en communaut\u00e9 paroissiale. <\/p>\n\n\n\n<p>Avec un int\u00e9r\u00eat intellectuel et spirituel gr\u00e2ce \u00e0 la qualit\u00e9\ndu conf\u00e9rencier le P. ARNAUD Montoux et de notre guide des cryptes Catherine.<\/p>\n\n\n\n<p>Avec notre chauffeur <strong>Patrick<\/strong>.<\/p>\n\n\n\n<p>Alors merci \u00e0 ceux qui ont organis\u00e9&nbsp;: Julien Motte, le\nP\u00e8re Joseph qui nous a accompagn\u00e9 et l\u2019EPC.<\/p>\n","protected":false},"excerpt":{"rendered":"<p>D\u00e9part Nous \u00e9tions hier environ 45 \u00e0 nous retrouver sur le parvis de l\u2019Eglise \u00e0 partir pour Auxerre. Quelques probl\u00e8mes de bus. Le d\u00e9p\u00f4t n&rsquo;\u00e9tait pas ouvert&#8230; Et finalement nous partons une heure plus tard. Pour un trajet sans histoire. Rencontre avec la P\u00e8re Arnaud Montoux Arriv\u00e9s \u00e0 Auxerre, le P\u00e8re Arnaud Montoux nous accueille sur le parvis de la Cath\u00e9drale. Il nous parle d\u2019abord d\u2019Auxerre, sa paroisse&nbsp; et de Saint Germain. Une belle rencontre, laissons le parler \u2026 Il <a class=\"more-link\" href=\"https:\/\/paroisses-chatenay.fr\/stgermain\/pelerinage-auxerre\/\">Lire plus &#8230;<\/a><\/p>\n","protected":false},"author":1,"featured_media":4711,"comment_status":"closed","ping_status":"closed","sticky":false,"template":"","format":"standard","meta":{"_seopress_robots_primary_cat":"none","_seopress_titles_title":"","_seopress_titles_desc":"","_seopress_robots_index":"","jetpack_post_was_ever_published":false,"_jetpack_newsletter_access":"","_jetpack_dont_email_post_to_subs":false,"_jetpack_newsletter_tier_id":0,"_jetpack_memberships_contains_paywalled_content":false,"_jetpack_memberships_contains_paid_content":false,"footnotes":"","jetpack_publicize_message":"","jetpack_publicize_feature_enabled":true,"jetpack_social_post_already_shared":true,"jetpack_social_options":{"image_generator_settings":{"template":"highway","default_image_id":0,"font":"","enabled":false},"version":2}},"categories":[5],"tags":[],"class_list":["post-4702","post","type-post","status-publish","format-standard","has-post-thumbnail","hentry","category-la-paroisse-2"],"jetpack_publicize_connections":[],"jetpack_featured_media_url":"https:\/\/i0.wp.com\/paroisses-chatenay.fr\/stgermain\/wp-content\/uploads\/2019\/10\/20191005_163615.jpg?fit=4032%2C1960&ssl=1","jetpack_sharing_enabled":true,"jetpack_shortlink":"https:\/\/wp.me\/p8QOZc-1dQ","jetpack_likes_enabled":true,"_links":{"self":[{"href":"https:\/\/paroisses-chatenay.fr\/stgermain\/wp-json\/wp\/v2\/posts\/4702","targetHints":{"allow":["GET"]}}],"collection":[{"href":"https:\/\/paroisses-chatenay.fr\/stgermain\/wp-json\/wp\/v2\/posts"}],"about":[{"href":"https:\/\/paroisses-chatenay.fr\/stgermain\/wp-json\/wp\/v2\/types\/post"}],"author":[{"embeddable":true,"href":"https:\/\/paroisses-chatenay.fr\/stgermain\/wp-json\/wp\/v2\/users\/1"}],"replies":[{"embeddable":true,"href":"https:\/\/paroisses-chatenay.fr\/stgermain\/wp-json\/wp\/v2\/comments?post=4702"}],"version-history":[{"count":3,"href":"https:\/\/paroisses-chatenay.fr\/stgermain\/wp-json\/wp\/v2\/posts\/4702\/revisions"}],"predecessor-version":[{"id":4714,"href":"https:\/\/paroisses-chatenay.fr\/stgermain\/wp-json\/wp\/v2\/posts\/4702\/revisions\/4714"}],"wp:featuredmedia":[{"embeddable":true,"href":"https:\/\/paroisses-chatenay.fr\/stgermain\/wp-json\/wp\/v2\/media\/4711"}],"wp:attachment":[{"href":"https:\/\/paroisses-chatenay.fr\/stgermain\/wp-json\/wp\/v2\/media?parent=4702"}],"wp:term":[{"taxonomy":"category","embeddable":true,"href":"https:\/\/paroisses-chatenay.fr\/stgermain\/wp-json\/wp\/v2\/categories?post=4702"},{"taxonomy":"post_tag","embeddable":true,"href":"https:\/\/paroisses-chatenay.fr\/stgermain\/wp-json\/wp\/v2\/tags?post=4702"}],"curies":[{"name":"wp","href":"https:\/\/api.w.org\/{rel}","templated":true}]}}