{"id":5194,"date":"2020-01-13T20:38:06","date_gmt":"2020-01-13T19:38:06","guid":{"rendered":"http:\/\/www.paroisses-chatenay.fr\/stgermain\/?p=5194"},"modified":"2020-01-18T12:19:19","modified_gmt":"2020-01-18T11:19:19","slug":"samedi-18-janvier-avec-mgr-rouge","status":"publish","type":"post","link":"https:\/\/paroisses-chatenay.fr\/stgermain\/samedi-18-janvier-avec-mgr-rouge\/","title":{"rendered":"Samedi 18 Janvier avec Mgr Roug\u00e9 &#8230;"},"content":{"rendered":"\n<p>12h30 : repas partag\u00e9 au centre paroissial. Comme pour une table ouverte partag\u00e9e, chacun apporte un plat sal\u00e9 ou sucr\u00e9 pour 6-8 personnes, \u00e9ventuellement une boisson. Simplicit\u00e9 et convivialit\u00e9 de rigueur !<\/p>\n<p>18h30 : messe en pr\u00e9sence de notre \u00e9v\u00eaque. Suivi d&rsquo;un repas pr\u00e9par\u00e9 par des paroissiens : Lydie &#8230;<\/p>\n<p>20h30 : assembl\u00e9e paroissiale.<\/p>\n","protected":false},"excerpt":{"rendered":"<p>12h30 : repas partag\u00e9 au centre paroissial. Comme pour une table ouverte partag\u00e9e, chacun apporte un plat sal\u00e9 ou sucr\u00e9 pour 6-8 personnes, \u00e9ventuellement une boisson. Simplicit\u00e9 et convivialit\u00e9 de rigueur ! 18h30 : messe en pr\u00e9sence de notre \u00e9v\u00eaque. Suivi d&rsquo;un repas pr\u00e9par\u00e9 par des paroissiens : Lydie &#8230; 20h30 : assembl\u00e9e paroissiale.<\/p>\n","protected":false},"author":1,"featured_media":683,"comment_status":"closed","ping_status":"closed","sticky":false,"template":"","format":"standard","meta":{"_seopress_robots_primary_cat":"none","_seopress_titles_title":"","_seopress_titles_desc":"","_seopress_robots_index":"","jetpack_post_was_ever_published":false,"_jetpack_newsletter_access":"","_jetpack_dont_email_post_to_subs":false,"_jetpack_newsletter_tier_id":0,"_jetpack_memberships_contains_paywalled_content":false,"_jetpack_memberships_contains_paid_content":false,"footnotes":"","jetpack_publicize_message":"","jetpack_publicize_feature_enabled":true,"jetpack_social_post_already_shared":true,"jetpack_social_options":{"image_generator_settings":{"template":"highway","default_image_id":0,"font":"","enabled":false},"version":2}},"categories":[5],"tags":[],"class_list":["post-5194","post","type-post","status-publish","format-standard","has-post-thumbnail","hentry","category-la-paroisse-2"],"jetpack_publicize_connections":[],"jetpack_featured_media_url":"https:\/\/i0.wp.com\/paroisses-chatenay.fr\/stgermain\/wp-content\/uploads\/2017\/03\/P1050995-e1505673073712.jpg?fit=229%2C172&ssl=1","jetpack_sharing_enabled":true,"jetpack_shortlink":"https:\/\/wp.me\/p8QOZc-1lM","jetpack_likes_enabled":true,"_links":{"self":[{"href":"https:\/\/paroisses-chatenay.fr\/stgermain\/wp-json\/wp\/v2\/posts\/5194","targetHints":{"allow":["GET"]}}],"collection":[{"href":"https:\/\/paroisses-chatenay.fr\/stgermain\/wp-json\/wp\/v2\/posts"}],"about":[{"href":"https:\/\/paroisses-chatenay.fr\/stgermain\/wp-json\/wp\/v2\/types\/post"}],"author":[{"embeddable":true,"href":"https:\/\/paroisses-chatenay.fr\/stgermain\/wp-json\/wp\/v2\/users\/1"}],"replies":[{"embeddable":true,"href":"https:\/\/paroisses-chatenay.fr\/stgermain\/wp-json\/wp\/v2\/comments?post=5194"}],"version-history":[{"count":1,"href":"https:\/\/paroisses-chatenay.fr\/stgermain\/wp-json\/wp\/v2\/posts\/5194\/revisions"}],"predecessor-version":[{"id":5199,"href":"https:\/\/paroisses-chatenay.fr\/stgermain\/wp-json\/wp\/v2\/posts\/5194\/revisions\/5199"}],"wp:featuredmedia":[{"embeddable":true,"href":"https:\/\/paroisses-chatenay.fr\/stgermain\/wp-json\/wp\/v2\/media\/683"}],"wp:attachment":[{"href":"https:\/\/paroisses-chatenay.fr\/stgermain\/wp-json\/wp\/v2\/media?parent=5194"}],"wp:term":[{"taxonomy":"category","embeddable":true,"href":"https:\/\/paroisses-chatenay.fr\/stgermain\/wp-json\/wp\/v2\/categories?post=5194"},{"taxonomy":"post_tag","embeddable":true,"href":"https:\/\/paroisses-chatenay.fr\/stgermain\/wp-json\/wp\/v2\/tags?post=5194"}],"curies":[{"name":"wp","href":"https:\/\/api.w.org\/{rel}","templated":true}]}}