{"id":5418,"date":"2020-03-14T10:55:23","date_gmt":"2020-03-14T09:55:23","guid":{"rendered":"http:\/\/www.paroisses-chatenay.fr\/stgermain\/?p=5418"},"modified":"2020-03-14T11:03:07","modified_gmt":"2020-03-14T10:03:07","slug":"suspension-des-messes-dominicales-du-14-et-15-mars","status":"publish","type":"post","link":"https:\/\/paroisses-chatenay.fr\/stgermain\/suspension-des-messes-dominicales-du-14-et-15-mars\/","title":{"rendered":"Suspension des messes dominicales du 14 et 15 Mars"},"content":{"rendered":"\n<p>Chers <strong>fr\u00e8res<\/strong> et <strong>s\u0153urs<\/strong>,<\/p>\n<p>Suite <a href=\"https:\/\/diocese92.fr\/Mesures-de-prevention-contre-le-virus-COVID-19\" target=\"_blank\" rel=\"noopener noreferrer\">aux d\u00e9cisions prises par les \u00e9v\u00eaques d\u2019Ile-de-France en concertation avec les \u00e9v\u00eaques de France et les autorit\u00e9s publiques<\/a>, l\u2019Eglise Catholique souhaite participer sans r\u00e9ticence \u00e0 l\u2019effort commun, et en tout cas<\/p>\n<p><strong>Les messes dominicales sont suspendues le week-end des 14 et 15 mars,<\/strong><\/p>\n<p>ainsi qu\u2019un certain nombre d\u2019autres activit\u00e9s (les personnes concern\u00e9es sont inform\u00e9es au fur et \u00e0 mesure). Nous nous organisons bien s\u00fbr pour pallier cette impossibilit\u00e9 de rassemblements et faire de nouvelles propositions qui vous ont d\u00e9j\u00e0 \u00e9t\u00e9 ou vous seront communiqu\u00e9es progressivement. Outre la cr\u00e9ativit\u00e9 \u00e0 laquelle cette situation in\u00e9dite va nous inviter, j\u2019invite chacune et chacun \u00e0 \u00ab\u00a0profiter\u00a0\u00bb du je\u00fbne eucharistique pour entrer davantage en pri\u00e8re et m\u00e9diter sur la place de l\u2019eucharistie dans sa vie.<\/p>\n<p>A suivre\u2026.<\/p>\n<p>P\u00e8re <strong>Dominique Doyh\u00e9nart<\/strong>, cur\u00e9<\/p>\n","protected":false},"excerpt":{"rendered":"<p>Chers fr\u00e8res et s\u0153urs, Suite aux d\u00e9cisions prises par les \u00e9v\u00eaques d\u2019Ile-de-France en concertation avec les \u00e9v\u00eaques de France et les autorit\u00e9s publiques, l\u2019Eglise Catholique souhaite participer sans r\u00e9ticence \u00e0 l\u2019effort commun, et en tout cas Les messes dominicales sont suspendues le week-end des 14 et 15 mars, ainsi qu\u2019un certain nombre d\u2019autres activit\u00e9s (les personnes concern\u00e9es sont inform\u00e9es au fur et \u00e0 mesure). Nous nous organisons bien s\u00fbr pour pallier cette impossibilit\u00e9 de rassemblements et faire de nouvelles propositions <a class=\"more-link\" href=\"https:\/\/paroisses-chatenay.fr\/stgermain\/suspension-des-messes-dominicales-du-14-et-15-mars\/\">Lire plus &#8230;<\/a><\/p>\n","protected":false},"author":1,"featured_media":0,"comment_status":"closed","ping_status":"closed","sticky":false,"template":"","format":"standard","meta":{"_seopress_robots_primary_cat":"none","_seopress_titles_title":"","_seopress_titles_desc":"","_seopress_robots_index":"","jetpack_post_was_ever_published":false,"_jetpack_newsletter_access":"","_jetpack_dont_email_post_to_subs":false,"_jetpack_newsletter_tier_id":0,"_jetpack_memberships_contains_paywalled_content":false,"_jetpack_memberships_contains_paid_content":false,"footnotes":"","jetpack_publicize_message":"","jetpack_publicize_feature_enabled":true,"jetpack_social_post_already_shared":true,"jetpack_social_options":{"image_generator_settings":{"template":"highway","default_image_id":0,"font":"","enabled":false},"version":2}},"categories":[11],"tags":[],"class_list":["post-5418","post","type-post","status-publish","format-standard","hentry","category-diocese"],"jetpack_publicize_connections":[],"jetpack_featured_media_url":"","jetpack_sharing_enabled":true,"jetpack_shortlink":"https:\/\/wp.me\/p8QOZc-1po","jetpack_likes_enabled":true,"_links":{"self":[{"href":"https:\/\/paroisses-chatenay.fr\/stgermain\/wp-json\/wp\/v2\/posts\/5418","targetHints":{"allow":["GET"]}}],"collection":[{"href":"https:\/\/paroisses-chatenay.fr\/stgermain\/wp-json\/wp\/v2\/posts"}],"about":[{"href":"https:\/\/paroisses-chatenay.fr\/stgermain\/wp-json\/wp\/v2\/types\/post"}],"author":[{"embeddable":true,"href":"https:\/\/paroisses-chatenay.fr\/stgermain\/wp-json\/wp\/v2\/users\/1"}],"replies":[{"embeddable":true,"href":"https:\/\/paroisses-chatenay.fr\/stgermain\/wp-json\/wp\/v2\/comments?post=5418"}],"version-history":[{"count":2,"href":"https:\/\/paroisses-chatenay.fr\/stgermain\/wp-json\/wp\/v2\/posts\/5418\/revisions"}],"predecessor-version":[{"id":5423,"href":"https:\/\/paroisses-chatenay.fr\/stgermain\/wp-json\/wp\/v2\/posts\/5418\/revisions\/5423"}],"wp:attachment":[{"href":"https:\/\/paroisses-chatenay.fr\/stgermain\/wp-json\/wp\/v2\/media?parent=5418"}],"wp:term":[{"taxonomy":"category","embeddable":true,"href":"https:\/\/paroisses-chatenay.fr\/stgermain\/wp-json\/wp\/v2\/categories?post=5418"},{"taxonomy":"post_tag","embeddable":true,"href":"https:\/\/paroisses-chatenay.fr\/stgermain\/wp-json\/wp\/v2\/tags?post=5418"}],"curies":[{"name":"wp","href":"https:\/\/api.w.org\/{rel}","templated":true}]}}