{"id":5519,"date":"2020-03-20T23:04:58","date_gmt":"2020-03-20T22:04:58","guid":{"rendered":"http:\/\/www.paroisses-chatenay.fr\/stgermain\/?p=5519"},"modified":"2020-03-20T23:05:01","modified_gmt":"2020-03-20T22:05:01","slug":"la-flamme-de-la-foi-ne-seteindra-pas","status":"publish","type":"post","link":"https:\/\/paroisses-chatenay.fr\/stgermain\/la-flamme-de-la-foi-ne-seteindra-pas\/","title":{"rendered":"La flamme de la Foi ne s&rsquo;\u00e9teindra pas !"},"content":{"rendered":"\n<p>Chers amis,&nbsp;<\/p>\n\n\n\n<p>dans ce temps particulier du confinement sanitaire qui nous est impos\u00e9 \u00e0 tous, notre \u00e9v\u00eaque, <strong>Mgr Matthieu Roug\u00e9<\/strong> nous invite \u00e0 ne pas arr\u00eater la vie eccl\u00e9siale : \u00ab\u00a0la flamme de notre Foi ne va pas s&rsquo;\u00e9teindre\u00a0\u00bb. Par la fraternit\u00e9, la pri\u00e8re, l\u2019innovation, notre tristesse pourra se changer en joie !<\/p>\n\n\n\n<p>Nous mettons d\u00e8s aujourd&rsquo;hui en \u0153uvre sur le site internet du dioc\u00e8se de nouvelles rubriques qui permettront \u00e0 chacun, pour soi-m\u00eame ou ses proches, de faire de cette p\u00e9riode surprenante, une occasion d&rsquo;approfondissement de foi.<\/p>\n\n\n\n<p>N&rsquo;h\u00e9sitez pas \u00e0 faire conna\u00eetre cette transformation de notre site internet autour de vous en relayant ce message.<\/p>\n\n\n\n<p><strong>Dioc\u00e8se de Nanterre<\/strong> <strong>service de la communication<\/strong><\/p>\n\n\n\n<figure class=\"wp-block-table\"><table><tbody><tr><td><img data-recalc-dims=\"1\" decoding=\"async\"  src=\"https:\/\/i0.wp.com\/x0u69.mjt.lu\/tplimg\/x0u69\/b\/x6ppw\/v7o4x.png?w=250&#038;ssl=1\" alt=\"Commentaire de l\u2019\u00c9vangile du jour. Chaque jour, pendant le temps de confinement des pr\u00eatres, diacres, consacr\u00e9s et la\u00efcs du dioc\u00e8se commenteront l\u2019\u00c9vangile du jour sur notre page YouTube.\"><a href=\"http:\/\/x0u69.mjt.lu\/lnk\/AM8AAGpqjfEAAci1_BoAAHL2nuIAAAAAmZkAm6J5AA1e7QBedDbvU1VPxq2bTQ-0s7O4MDKFLQANUnY\/3\/ReqmQrGx6-qws2oZrjLE5g\/aHR0cHM6Ly9kaW9jZXNlOTIuZnIvQ29tbWVudGFpcmUtZGUtbC1FdmFuZ2lsZS1kdS1qb3Vy\" target=\"_blank\" rel=\"noreferrer noopener\"><\/a><\/td><\/tr><tr><td>Chaque jour, pendant le temps de confinement des pr\u00eatres, diacres, consacr\u00e9s et la\u00efcs du dioc\u00e8se commenteront l\u2019\u00c9vangile du jour<br>sur notre page YouTube.<\/td><\/tr><tr><td><a href=\"http:\/\/x0u69.mjt.lu\/lnk\/AM8AAGpqjfEAAci1_BoAAHL2nuIAAAAAmZkAm6J5AA1e7QBedDbvU1VPxq2bTQ-0s7O4MDKFLQANUnY\/4\/hTr5t392GiIB8TcHNHZSTQ\/aHR0cHM6Ly9kaW9jZXNlOTIuZnIvQ29tbWVudGFpcmUtZGUtbC1FdmFuZ2lsZS1kdS1qb3Vy\" target=\"_blank\" rel=\"noreferrer noopener\">D\u00e9couvrir<\/a><\/td><\/tr><\/tbody><\/table><\/figure>\n\n\n\n<figure class=\"wp-block-table\"><table><tbody><tr><td><img data-recalc-dims=\"1\" decoding=\"async\"  src=\"https:\/\/i0.wp.com\/x0u69.mjt.lu\/tplimg\/x0u69\/b\/x6ppw\/v7o40.png?w=250&#038;ssl=1\" alt=\"Coin pri\u00e8res : Ici r\u00e9guli\u00e8rement nous proposerons des signets de pri\u00e8res, des chapelets et d\u2019autres outils d\u2019aide \u00e0 la pri\u00e8re en libre acc\u00e8s.\"><a href=\"http:\/\/x0u69.mjt.lu\/lnk\/AM8AAGpqjfEAAci1_BoAAHL2nuIAAAAAmZkAm6J5AA1e7QBedDbvU1VPxq2bTQ-0s7O4MDKFLQANUnY\/5\/mGbFjI97bNKMdovEufcOhg\/aHR0cHM6Ly9kaW9jZXNlOTIuZnIvLUNvaW4tcHJpZXJlLQ\" target=\"_blank\" rel=\"noreferrer noopener\"><\/a><\/td><\/tr><tr><td>Ici r\u00e9guli\u00e8rement nous proposerons<br>des signets de pri\u00e8res, des chapelets et<br>d\u2019autres outils d\u2019aide \u00e0 la pri\u00e8re en libre acc\u00e8s.<\/td><\/tr><tr><td><a href=\"http:\/\/x0u69.mjt.lu\/lnk\/AM8AAGpqjfEAAci1_BoAAHL2nuIAAAAAmZkAm6J5AA1e7QBedDbvU1VPxq2bTQ-0s7O4MDKFLQANUnY\/6\/7bYGT9OqE3_vTM_TuNtjZA\/aHR0cHM6Ly9kaW9jZXNlOTIuZnIvLUNvaW4tcHJpZXJlLQ\" target=\"_blank\" rel=\"noreferrer noopener\">D\u00e9couvrir<\/a><\/td><\/tr><\/tbody><\/table><\/figure>\n\n\n\n<figure class=\"wp-block-table\"><table><tbody><tr><td><img data-recalc-dims=\"1\" decoding=\"async\"  src=\"https:\/\/i0.wp.com\/x0u69.mjt.lu\/tplimg\/x0u69\/b\/x6ppw\/v7o4l.png?w=250&#038;ssl=1\" alt=\"Dans votre paroisse : Suivez les initiatives de votre paroisse dans ce temps de confinement.\"><a href=\"http:\/\/x0u69.mjt.lu\/lnk\/AM8AAGpqjfEAAci1_BoAAHL2nuIAAAAAmZkAm6J5AA1e7QBedDbvU1VPxq2bTQ-0s7O4MDKFLQANUnY\/7\/kOyBu6z-noamgijvPWcHZQ\/aHR0cHM6Ly9kaW9jZXNlOTIuZnIvLUNvbnNlaWxzLXNwaXJpdHVlbHMt\" target=\"_blank\" rel=\"noreferrer noopener\"><\/a><\/td><\/tr><tr><td>Ici, des conseils pour vivre ce temps dans la foi, animer le\u00a0KT \u00e0 la maison, approfondir sa formation spirituelle et suivre chaque jour un  enseignement de Mgr Roug\u00e9 sur Radio Notre Dame.<\/td><\/tr><tr><td><a rel=\"noreferrer noopener\" href=\"http:\/\/x0u69.mjt.lu\/lnk\/AM8AAGpqjfEAAci1_BoAAHL2nuIAAAAAmZkAm6J5AA1e7QBedDbvU1VPxq2bTQ-0s7O4MDKFLQANUnY\/8\/SUvAfmVei0CfwA-RCHwwfA\/aHR0cHM6Ly9kaW9jZXNlOTIuZnIvLUNvbnNlaWxzLXNwaXJpdHVlbHMt\" target=\"_blank\">D\u00e9couvrir<\/a><\/td><\/tr><\/tbody><\/table><\/figure>\n\n\n\n<figure class=\"wp-block-table\"><table><tbody><tr><td><img data-recalc-dims=\"1\" decoding=\"async\"  src=\"https:\/\/i0.wp.com\/x0u69.mjt.lu\/tplimg\/x0u69\/b\/x6ppw\/v7o4m.png?w=250&#038;ssl=1\" alt=\"Live Liturgie : A venir ... un acc\u00e8s vers diff\u00e9rentes c\u00e9l\u00e9brations priv\u00e9es dans le Dioc\u00e8se et ailleurs.\"><a href=\"http:\/\/x0u69.mjt.lu\/lnk\/AM8AAGpqjfEAAci1_BoAAHL2nuIAAAAAmZkAm6J5AA1e7QBedDbvU1VPxq2bTQ-0s7O4MDKFLQANUnY\/9\/e4itn2ELpikz4hvLXGOSMA\/aHR0cDovL3d3dy5kaW9jZXNlOTIuZnI\" target=\"_blank\" rel=\"noreferrer noopener\"><\/a><\/td><\/tr><tr><td>\u00e0 venir &#8230;<br>Un acc\u00e8s vers diff\u00e9rentes c\u00e9l\u00e9brations priv\u00e9es<br>dans le Dioc\u00e8se et ailleurs.<\/td><\/tr><tr><td><a href=\"http:\/\/x0u69.mjt.lu\/lnk\/AM8AAGpqjfEAAci1_BoAAHL2nuIAAAAAmZkAm6J5AA1e7QBedDbvU1VPxq2bTQ-0s7O4MDKFLQANUnY\/10\/41NtkuedMnFacxI49Zu6ig\/aHR0cHM6Ly9kaW9jZXNlOTIuZnI\" target=\"_blank\" rel=\"noreferrer noopener\">D\u00e9couvrir<\/a><\/td><\/tr><\/tbody><\/table><\/figure>\n\n\n\n<figure class=\"wp-block-table\"><table><tbody><tr><td><img data-recalc-dims=\"1\" decoding=\"async\"  src=\"https:\/\/i0.wp.com\/x0u69.mjt.lu\/tplimg\/x0u69\/b\/x6ppw\/v7o4s.png?w=250&#038;ssl=1\" alt=\"Intentions de pri\u00e8res : Un formulaire pour d\u00e9poser une intention de pri\u00e8re  qui sera partag\u00e9 avec les pr\u00eatres du Dioc\u00e8se.\"><a href=\"http:\/\/x0u69.mjt.lu\/lnk\/AM8AAGpqjfEAAci1_BoAAHL2nuIAAAAAmZkAm6J5AA1e7QBedDbvU1VPxq2bTQ-0s7O4MDKFLQANUnY\/11\/yD12lfkk6wBBs1y3ViJdJw\/aHR0cHM6Ly9kaW9jZXNlOTIuZnIvVm9zLWludGVudGlvbnMtZGUtcHJpZXJl\" target=\"_blank\" rel=\"noreferrer noopener\"><\/a><\/td><\/tr><tr><td>Un formulaire pour d\u00e9poser<br>une intention de pri\u00e8re qui sera<br>partag\u00e9e avec les pr\u00eatres du Dioc\u00e8se.<\/td><\/tr><tr><td><a href=\"http:\/\/x0u69.mjt.lu\/lnk\/AM8AAGpqjfEAAci1_BoAAHL2nuIAAAAAmZkAm6J5AA1e7QBedDbvU1VPxq2bTQ-0s7O4MDKFLQANUnY\/12\/2C-Mg_JD_Sr0uenHHdTOFA\/aHR0cHM6Ly9kaW9jZXNlOTIuZnIvVm9zLWludGVudGlvbnMtZGUtcHJpZXJl\" target=\"_blank\" rel=\"noreferrer noopener\">D\u00e9couvrir<\/a><\/td><\/tr><\/tbody><\/table><\/figure>\n\n\n\n<figure class=\"wp-block-table\"><table><tbody><tr><td><img data-recalc-dims=\"1\" decoding=\"async\"  src=\"https:\/\/i0.wp.com\/x0u69.mjt.lu\/tplimg\/x0u69\/b\/x6ppw\/v7o41.png?w=250&#038;ssl=1\" alt=\"Conseils spirituels : Ici, des conseils pour vivre ce temps dans la foi, animer le&nbsp;KT \u00e0 la maison, approfondir sa formation spirituelle et suivre chaque jour un enseignement de Mgr Roug\u00e9 avec Radio Notre Dame.\"><a href=\"http:\/\/x0u69.mjt.lu\/lnk\/AM8AAGpqjfEAAci1_BoAAHL2nuIAAAAAmZkAm6J5AA1e7QBedDbvU1VPxq2bTQ-0s7O4MDKFLQANUnY\/13\/s2L8zlAPn10UO24ZW5K8hw\/aHR0cHM6Ly9kaW9jZXNlOTIuZnIvLUxlcy1wYXJvaXNzZXMt\" target=\"_blank\" rel=\"noreferrer noopener\"><\/a><\/td><\/tr><tr><td>Suivez les initiatives de votre paroisse<br>dans ce temps de confinement.<\/td><\/tr><tr><td><a href=\"http:\/\/x0u69.mjt.lu\/lnk\/AM8AAGpqjfEAAci1_BoAAHL2nuIAAAAAmZkAm6J5AA1e7QBedDbvU1VPxq2bTQ-0s7O4MDKFLQANUnY\/14\/b2saVcskd2IiDp9P4Ri7yw\/aHR0cHM6Ly9kaW9jZXNlOTIuZnIvLUxlcy1wYXJvaXNzZXMt\" target=\"_blank\" rel=\"noreferrer noopener\">D\u00e9couvrir<\/a><\/td><\/tr><\/tbody><\/table><\/figure>\n\n\n\n\n","protected":false},"excerpt":{"rendered":"<p>Chers amis,&nbsp; dans ce temps particulier du confinement sanitaire qui nous est impos\u00e9 \u00e0 tous, notre \u00e9v\u00eaque, Mgr Matthieu Roug\u00e9 nous invite \u00e0 ne pas arr\u00eater la vie eccl\u00e9siale : \u00ab\u00a0la flamme de notre Foi ne va pas s&rsquo;\u00e9teindre\u00a0\u00bb. Par la fraternit\u00e9, la pri\u00e8re, l\u2019innovation, notre tristesse pourra se changer en joie ! Nous mettons d\u00e8s aujourd&rsquo;hui en \u0153uvre sur le site internet du dioc\u00e8se de nouvelles rubriques qui permettront \u00e0 chacun, pour soi-m\u00eame ou ses proches, de faire de <a class=\"more-link\" href=\"https:\/\/paroisses-chatenay.fr\/stgermain\/la-flamme-de-la-foi-ne-seteindra-pas\/\">Lire plus &#8230;<\/a><\/p>\n","protected":false},"author":1,"featured_media":0,"comment_status":"closed","ping_status":"closed","sticky":false,"template":"","format":"standard","meta":{"_seopress_robots_primary_cat":"none","_seopress_titles_title":"","_seopress_titles_desc":"","_seopress_robots_index":"","jetpack_post_was_ever_published":false,"_jetpack_newsletter_access":"","_jetpack_dont_email_post_to_subs":false,"_jetpack_newsletter_tier_id":0,"_jetpack_memberships_contains_paywalled_content":false,"_jetpack_memberships_contains_paid_content":false,"footnotes":"","jetpack_publicize_message":"","jetpack_publicize_feature_enabled":true,"jetpack_social_post_already_shared":true,"jetpack_social_options":{"image_generator_settings":{"template":"highway","default_image_id":0,"font":"","enabled":false},"version":2}},"categories":[11],"tags":[],"class_list":["post-5519","post","type-post","status-publish","format-standard","hentry","category-diocese"],"jetpack_publicize_connections":[],"jetpack_featured_media_url":"","jetpack_sharing_enabled":true,"jetpack_shortlink":"https:\/\/wp.me\/p8QOZc-1r1","jetpack_likes_enabled":true,"_links":{"self":[{"href":"https:\/\/paroisses-chatenay.fr\/stgermain\/wp-json\/wp\/v2\/posts\/5519","targetHints":{"allow":["GET"]}}],"collection":[{"href":"https:\/\/paroisses-chatenay.fr\/stgermain\/wp-json\/wp\/v2\/posts"}],"about":[{"href":"https:\/\/paroisses-chatenay.fr\/stgermain\/wp-json\/wp\/v2\/types\/post"}],"author":[{"embeddable":true,"href":"https:\/\/paroisses-chatenay.fr\/stgermain\/wp-json\/wp\/v2\/users\/1"}],"replies":[{"embeddable":true,"href":"https:\/\/paroisses-chatenay.fr\/stgermain\/wp-json\/wp\/v2\/comments?post=5519"}],"version-history":[{"count":1,"href":"https:\/\/paroisses-chatenay.fr\/stgermain\/wp-json\/wp\/v2\/posts\/5519\/revisions"}],"predecessor-version":[{"id":5522,"href":"https:\/\/paroisses-chatenay.fr\/stgermain\/wp-json\/wp\/v2\/posts\/5519\/revisions\/5522"}],"wp:attachment":[{"href":"https:\/\/paroisses-chatenay.fr\/stgermain\/wp-json\/wp\/v2\/media?parent=5519"}],"wp:term":[{"taxonomy":"category","embeddable":true,"href":"https:\/\/paroisses-chatenay.fr\/stgermain\/wp-json\/wp\/v2\/categories?post=5519"},{"taxonomy":"post_tag","embeddable":true,"href":"https:\/\/paroisses-chatenay.fr\/stgermain\/wp-json\/wp\/v2\/tags?post=5519"}],"curies":[{"name":"wp","href":"https:\/\/api.w.org\/{rel}","templated":true}]}}