{"id":5580,"date":"2020-03-22T11:18:01","date_gmt":"2020-03-22T10:18:01","guid":{"rendered":"http:\/\/www.paroisses-chatenay.fr\/stgermain\/?p=5580"},"modified":"2020-03-22T11:44:47","modified_gmt":"2020-03-22T10:44:47","slug":"pour-etre-confine-avec-dieu-par-jean-marie-et-caroline","status":"publish","type":"post","link":"https:\/\/paroisses-chatenay.fr\/stgermain\/pour-etre-confine-avec-dieu-par-jean-marie-et-caroline\/","title":{"rendered":"Pour \u00eatre confin\u00e9 avec Dieu &#8230; Par Jean Marie et Caroline"},"content":{"rendered":"\n<p>Voici quelques r\u00e9flexions apr\u00e8s les nombreux&nbsp; (et peut-\u00eatre trop nombreux) partages de ces derniers jours par mail, internet, WhatsApp, et tous les r\u00e9seaux sociaux.<\/p>\n<p>Il nous semble que tous ces moyens sont bons pour nous permettre d\u2019\u00e9changer entre nous et lutter contre l\u2019isolement. Ils peuvent &nbsp;servir \u00e0 \u00e9changer des pri\u00e8res, des informations sur ce qui est organis\u00e9 dans notre paroisse, dans le dioc\u00e8se et plus loin, sur les c\u00e9l\u00e9brations en tout genre&nbsp;; c\u2019est ce que nous faisons d\u00e9j\u00e0. Il est tr\u00e8s utile par exemple d\u2019avoir les textes de la messe du jour pour \u00eatre en communion avec nos pr\u00eatres qui c\u00e9l\u00e8brent sans assembl\u00e9e, pour notre lien entre tous autour de la Parole de Dieu et pour nourrir notre m\u00e9ditation et notre foi de cette Parole que le Seigneur nous adresse chaque jour comme un bon pain quotidien.&nbsp;<\/p>\n<p>Il est tr\u00e8s bon aussi de partager des intentions de pri\u00e8re pour que nous soyons plus proches de ceux qui souffrent parmi et autour de nous.<\/p>\n<p>Mais nous pouvons aussi profiter de ce temps de Car\u00eame sp\u00e9cial cette ann\u00e9e pour savoir je\u00fbner de ces moyens de communication quand ils nous sortent de notre vie int\u00e9rieure, celle o\u00f9 nous sommes dans le silence face \u00e0 nous-m\u00eames et \u00e0 Dieu. Je\u00fbner de ces moyens de communication, pour prendre le temps de rentrer en nous-m\u00eames afin de chercher la Source qui nous fait vivre, J\u00e9sus notre Seigneur et notre Sauveur. Nous pouvons nous mettre \u00e0 l\u2019\u00e9cole de tous les moines et moniales qui ont choisi volontairement de vivre leur vie dans un confinement permanent pour mieux scruter Dieu, \u00e9couter sa Parole, porter le monde dans la pri\u00e8re et rendre \u00e0 Dieu tout l\u2019amour qu\u2019il nous donne. Une belle parole des sages d\u2019Isra\u00ebl dit&nbsp;: \u00ab&nbsp;le monde repose sur le souffle des enfants qui apprennent la Thora (la Parole de Dieu)&nbsp;\u00bb&nbsp;? C\u2019est \u00e0 quoi s\u2019occupent les moines et nous pouvons aussi prendre du temps pour cette occupation.<\/p>\n<p>Donc vivre un temps monastique&nbsp;: un temps pour la pri\u00e8re qui nourrit l\u2019amour de Dieu et de notre prochain&nbsp;; un temps pour le travail (m\u00e9nager, t\u00e9l\u00e9travail&#8230;)&nbsp;; un temps pour l\u2019\u00e9tude&nbsp;: Parole de Dieu, livre int\u00e9ressant&nbsp;; un temps pour le repos&nbsp;: sommeil et autre pause.<\/p>\n<p>Et pour rompre notre solitude, prendre un temps de r\u00e9cr\u00e9ation, comme les moines aussi, qui \u00e9changent leurs nouvelles et savent rire ensemble, et appeler au t\u00e9l\u00e9phone une ou deux personnes chaque jour pour un bon moment d\u2019\u00e9change.<\/p>\n<p>En ce temps tr\u00e8s particulier sachons faire les choix qui plaisent \u00e0 Dieu. Celui-ci nous dit&nbsp;: \u00ab&nbsp;je mets la vie et la mort devant toi&nbsp;; choisis la vie&nbsp;\u00bb, la Vie avec Lui.<\/p>\n<p>Il n\u2019est peut-\u00eatre pas souhaitable d\u2019\u00e9changer des messages qui, semblant inviter \u00e0 la prudence nous plombent le moral, nous font croire \u00e0 une catastrophe apocalyptique, et finalement nous entra\u00eenent \u00e0 douter de la bont\u00e9 et de la tendresse de Dieu Notre P\u00e8re et du secours qu\u2019Il veut nous apporter.<\/p>\n<p>Autour de nous il y a malheureusement des personnes malfaisantes qui ne cherchent qu\u2019\u00e0 nous terroriser au lieu de nous encourager \u00e0 vivre dans la main du Seigneur.<\/p>\n<p>Donc \u00e9vitons les messages qui ne nous font pas du bien et suivons par exemple&nbsp;: KTO, Radio Notre Dame, le site du Dioc\u00e8se. Informons-nous en choisissant nos sites avec discernement.<\/p>\n<p>Par ailleurs il faut savoir qu\u2019internet est actuellement proche de la saturation \u00e0 cause des nombreuses utilisations vid\u00e9o et r\u00e9seaux sociaux et que cela pourrait g\u00eaner le trafic n\u00e9cessaire pour par exemple le t\u00e9l\u00e9travail ou le travail scolaire \u00e0 domicile. Alors essayons aussi d\u2019all\u00e9ger cet outil fort commode par ailleurs.<\/p>\n<p>Voil\u00e0 ce que nous avions envie de vous partager. Sachons discerner ce qui est bon pour nous sous le regard de Dieu et restons dans la pri\u00e8re les uns pour les autres et dans l\u2019amiti\u00e9 fraternelle.<\/p>\n<p>Caroline et Jean-Marie<\/p>\n","protected":false},"excerpt":{"rendered":"<p>Voici quelques r\u00e9flexions apr\u00e8s les nombreux&nbsp; (et peut-\u00eatre trop nombreux) partages de ces derniers jours par mail, internet, WhatsApp, et tous les r\u00e9seaux sociaux. Il nous semble que tous ces moyens sont bons pour nous permettre d\u2019\u00e9changer entre nous et lutter contre l\u2019isolement. Ils peuvent &nbsp;servir \u00e0 \u00e9changer des pri\u00e8res, des informations sur ce qui est organis\u00e9 dans notre paroisse, dans le dioc\u00e8se et plus loin, sur les c\u00e9l\u00e9brations en tout genre&nbsp;; c\u2019est ce que nous faisons d\u00e9j\u00e0. Il est <a class=\"more-link\" href=\"https:\/\/paroisses-chatenay.fr\/stgermain\/pour-etre-confine-avec-dieu-par-jean-marie-et-caroline\/\">Lire plus &#8230;<\/a><\/p>\n","protected":false},"author":1,"featured_media":5584,"comment_status":"closed","ping_status":"closed","sticky":false,"template":"","format":"standard","meta":{"_seopress_robots_primary_cat":"none","_seopress_titles_title":"","_seopress_titles_desc":"","_seopress_robots_index":"","jetpack_post_was_ever_published":false,"_jetpack_newsletter_access":"","_jetpack_dont_email_post_to_subs":false,"_jetpack_newsletter_tier_id":0,"_jetpack_memberships_contains_paywalled_content":false,"_jetpack_memberships_contains_paid_content":false,"footnotes":"","jetpack_publicize_message":"","jetpack_publicize_feature_enabled":true,"jetpack_social_post_already_shared":true,"jetpack_social_options":{"image_generator_settings":{"template":"highway","default_image_id":0,"font":"","enabled":false},"version":2}},"categories":[12],"tags":[],"class_list":["post-5580","post","type-post","status-publish","format-standard","has-post-thumbnail","hentry","category-temps-du-careme"],"jetpack_publicize_connections":[],"jetpack_featured_media_url":"https:\/\/i0.wp.com\/paroisses-chatenay.fr\/stgermain\/wp-content\/uploads\/2020\/03\/STA-Confinement.jpg?fit=1146%2C551&ssl=1","jetpack_sharing_enabled":true,"jetpack_shortlink":"https:\/\/wp.me\/p8QOZc-1s0","jetpack_likes_enabled":true,"_links":{"self":[{"href":"https:\/\/paroisses-chatenay.fr\/stgermain\/wp-json\/wp\/v2\/posts\/5580","targetHints":{"allow":["GET"]}}],"collection":[{"href":"https:\/\/paroisses-chatenay.fr\/stgermain\/wp-json\/wp\/v2\/posts"}],"about":[{"href":"https:\/\/paroisses-chatenay.fr\/stgermain\/wp-json\/wp\/v2\/types\/post"}],"author":[{"embeddable":true,"href":"https:\/\/paroisses-chatenay.fr\/stgermain\/wp-json\/wp\/v2\/users\/1"}],"replies":[{"embeddable":true,"href":"https:\/\/paroisses-chatenay.fr\/stgermain\/wp-json\/wp\/v2\/comments?post=5580"}],"version-history":[{"count":2,"href":"https:\/\/paroisses-chatenay.fr\/stgermain\/wp-json\/wp\/v2\/posts\/5580\/revisions"}],"predecessor-version":[{"id":5585,"href":"https:\/\/paroisses-chatenay.fr\/stgermain\/wp-json\/wp\/v2\/posts\/5580\/revisions\/5585"}],"wp:featuredmedia":[{"embeddable":true,"href":"https:\/\/paroisses-chatenay.fr\/stgermain\/wp-json\/wp\/v2\/media\/5584"}],"wp:attachment":[{"href":"https:\/\/paroisses-chatenay.fr\/stgermain\/wp-json\/wp\/v2\/media?parent=5580"}],"wp:term":[{"taxonomy":"category","embeddable":true,"href":"https:\/\/paroisses-chatenay.fr\/stgermain\/wp-json\/wp\/v2\/categories?post=5580"},{"taxonomy":"post_tag","embeddable":true,"href":"https:\/\/paroisses-chatenay.fr\/stgermain\/wp-json\/wp\/v2\/tags?post=5580"}],"curies":[{"name":"wp","href":"https:\/\/api.w.org\/{rel}","templated":true}]}}