{"id":5590,"date":"2020-03-25T10:58:43","date_gmt":"2020-03-25T09:58:43","guid":{"rendered":"http:\/\/www.paroisses-chatenay.fr\/stgermain\/?p=5590"},"modified":"2020-03-25T11:03:21","modified_gmt":"2020-03-25T10:03:21","slug":"mercredi-25-mars-jour-de-la-fete-de-lannonciation-du-seigneur-le-pape-francois-et-les-eveques-de-france-nous-invitent-a-effectuer-des-gestes-communs","status":"publish","type":"post","link":"https:\/\/paroisses-chatenay.fr\/stgermain\/mercredi-25-mars-jour-de-la-fete-de-lannonciation-du-seigneur-le-pape-francois-et-les-eveques-de-france-nous-invitent-a-effectuer-des-gestes-communs\/","title":{"rendered":"Mercredi 25 mars, jour de la f\u00eate de l&rsquo;Annonciation du Seigneur, le pape Fran\u00e7ois et les \u00e9v\u00eaques de France nous invitent \u00e0 effectuer des gestes communs"},"content":{"rendered":"\n\n\n<p><br data-mce-bogus=\"1\"><\/p>\n\n\n\n<figure class=\"wp-block-table\"><table><tbody><tr><td>A midi, le souverain pontife appelle <strong>tous les chr\u00e9tiens<\/strong> \u00e0 s\u2019unir dans la pri\u00e8re contre l\u2019\u00e9pid\u00e9mie de coronavirus et d&rsquo;unir leurs voix vers le Ciel, en r\u00e9citant <strong>le Notre P\u00e8re<\/strong>. <br><br>Le Pape a \u00e9galement annonc\u00e9 qu\u2019il pr\u00e9siderait un temps de pri\u00e8re ce vendredi 27 mars \u00e0 18h sur le parvis de la basilique Saint-Pierre. <br><br>Le soir, tandis que <strong>les cloches des \u00e9glises de France sonneront \u00e0 19h30<\/strong>, nous sommes invit\u00e9s par l\u2019ensemble des \u00e9v\u00eaques de France \u00e0 d\u00e9poser <strong>une bougie sur nos fen\u00eatres<\/strong> pour marquer notre communion de pens\u00e9e et de pri\u00e8re avec les d\u00e9funts, les malades et leurs proches, avec tous les soignants et tous ceux qui rendent possible la vie de notre pays.<\/td><\/tr><tr><td><img data-recalc-dims=\"1\" decoding=\"async\"  src=\"https:\/\/i0.wp.com\/x0u69.mjt.lu\/tplimg\/x0u69\/b\/x6vk4\/v7587.png?w=250&#038;ssl=1\" alt=\"Le Pape propose 2 initiatives de pri\u00e8re contre le coronavirus\"><a rel=\"noreferrer noopener\" href=\"http:\/\/x0u69.mjt.lu\/lnk\/AMUAAGtNzycAAci1_TQAAI3joTEAAAAAmZkAm6J5AA1e7QBeee99Lt8tHW_EQtW6zyo8BHn-LgANUnY\/2\/nLx7N7DeY7ZfTlxuVporyg\/aHR0cHM6Ly93d3cudmF0aWNhbm5ld3MudmEvZnIvcGFwZS9uZXdzLzIwMjAtMDMvcGFwZS1mcmFuY29pcy1hbmdlbHVzLWFwcGVscy1jb3JvbmF2aXJ1cy1wcmllcmUuaHRtbA\" target=\"_blank\"><\/a> <br>Le Pape Fran\u00e7ois appelle tous les chr\u00e9tiens \u00e0 s\u2019unir dans la pri\u00e8re contre l\u2019\u00e9pid\u00e9mie de coronavirus.<br> <a rel=\"noreferrer noopener\" href=\"http:\/\/x0u69.mjt.lu\/lnk\/AMUAAGtNzycAAci1_TQAAI3joTEAAAAAmZkAm6J5AA1e7QBeee99Lt8tHW_EQtW6zyo8BHn-LgANUnY\/3\/TOKdAbOSZPyXO65xVuNFdw\/aHR0cHM6Ly93d3cudmF0aWNhbm5ld3MudmEvZnIvcGFwZS9uZXdzLzIwMjAtMDMvcGFwZS1mcmFuY29pcy1hbmdlbHVzLWFwcGVscy1jb3JvbmF2aXJ1cy1wcmllcmUuaHRtbA\" target=\"_blank\"><strong>vaticannews.va<\/strong><\/a><br> <img data-recalc-dims=\"1\" decoding=\"async\"  src=\"https:\/\/i0.wp.com\/x0u69.mjt.lu\/tplimg\/x0u69\/b\/x6vk4\/v7589.png?w=250&#038;ssl=1\" alt=\"Illuminons L'Annonciation\"><a rel=\"noreferrer noopener\" href=\"http:\/\/x0u69.mjt.lu\/lnk\/AMUAAGtNzycAAci1_TQAAI3joTEAAAAAmZkAm6J5AA1e7QBeee99Lt8tHW_EQtW6zyo8BHn-LgANUnY\/4\/DdbPGrxGGHV7xSi8DIoIAQ\/aHR0cHM6Ly9lZ2xpc2UuY2F0aG9saXF1ZS5mci9lc3BhY2UtcHJlc3NlL2NvbW11bmlxdWVzLWRlLXByZXNzZS80OTUyNjgtY292aWQtMTktbWVzc2FnZS1ldmVxdWVzLWRlLWZyYW5jZS1hdXgtY2F0aG9saXF1ZXMtYS1ub3MtY29uY2l0b3llbnMv\" target=\"_blank\"><\/a> <br>COVID-19 : Message des \u00e9v\u00eaques de France aux catholiques et \u00e0 tous nos concitoyens. <br><a rel=\"noreferrer noopener\" href=\"http:\/\/x0u69.mjt.lu\/lnk\/AMUAAGtNzycAAci1_TQAAI3joTEAAAAAmZkAm6J5AA1e7QBeee99Lt8tHW_EQtW6zyo8BHn-LgANUnY\/5\/bAQ8x27zN0_xlRoLpTKMTw\/aHR0cHM6Ly9lZ2xpc2UuY2F0aG9saXF1ZS5mci9lc3BhY2UtcHJlc3NlL2NvbW11bmlxdWVzLWRlLXByZXNzZS80OTUyNjgtY292aWQtMTktbWVzc2FnZS1ldmVxdWVzLWRlLWZyYW5jZS1hdXgtY2F0aG9saXF1ZXMtYS1ub3MtY29uY2l0b3llbnMv\" target=\"_blank\"><strong>eglise.catholique.fr<\/strong><\/a><br> <img data-recalc-dims=\"1\" decoding=\"async\"  src=\"https:\/\/i0.wp.com\/x0u69.mjt.lu\/tplimg\/x0u69\/b\/x6vk4\/v758z.jpeg?w=300&#038;ssl=1\" alt=\"Boat\"> \u00a0 <img data-recalc-dims=\"1\" decoding=\"async\"  src=\"https:\/\/i0.wp.com\/x0u69.mjt.lu\/tplimg\/x0u69\/b\/x6vk4\/v758y.png?w=300&#038;ssl=1\" alt=\"Pri\u00e8re du dioc\u00e8se\"><a rel=\"noreferrer noopener\" href=\"http:\/\/x0u69.mjt.lu\/lnk\/AMUAAGtNzycAAci1_TQAAI3joTEAAAAAmZkAm6J5AA1e7QBeee99Lt8tHW_EQtW6zyo8BHn-LgANUnY\/6\/zfF1GwB2YYxypP7LSTsETw\/aHR0cHM6Ly9kaW9jZXNlOTIuZnIv\" target=\"_blank\"><\/a> <img data-recalc-dims=\"1\" decoding=\"async\"  src=\"https:\/\/i0.wp.com\/x0u69.mjt.lu\/tplimg\/x0u69\/b\/x6vk4\/v75yw.png?w=250&#038;ssl=1\" alt=\"Annonciation du Seigneur\"><a rel=\"noreferrer noopener\" href=\"http:\/\/x0u69.mjt.lu\/lnk\/AMUAAGtNzycAAci1_TQAAI3joTEAAAAAmZkAm6J5AA1e7QBeee99Lt8tHW_EQtW6zyo8BHn-LgANUnY\/7\/IEQBelSc6k0w1YA-agjtOA\/aHR0cHM6Ly9jeWJlcmN1cmUuZnIvbGVzLWZldGVzLWRlLWwtZWdsaXNlL2ZldGVzLW1hcmlhbGVzL2FydGljbGUvZmV0ZS1kZS1sLWFubm9uY2lhdGlvbg\" target=\"_blank\"><\/a> Solennit\u00e9 de l\u2019annonce \u00e0 Marie de l\u2019Incarnation du Seigneur. <a rel=\"noreferrer noopener\" href=\"http:\/\/x0u69.mjt.lu\/lnk\/AMUAAGtNzycAAci1_TQAAI3joTEAAAAAmZkAm6J5AA1e7QBeee99Lt8tHW_EQtW6zyo8BHn-LgANUnY\/8\/YpGxiFB3uBfx8dzNY7UKcA\/aHR0cHM6Ly9jeWJlcmN1cmUuZnIvbGVzLWZldGVzLWRlLWwtZWdsaXNlL2ZldGVzLW1hcmlhbGVzL2FydGljbGUvZmV0ZS1kZS1sLWFubm9uY2lhdGlvbg\" target=\"_blank\"><strong>cybercur\u00e9.fr<\/strong><\/a><\/td><\/tr><\/tbody><\/table><\/figure>\n\n\n\n<figure class=\"wp-block-table\"><table><tbody><tr><td><img data-recalc-dims=\"1\" decoding=\"async\" src=\"https:\/\/i0.wp.com\/x0u69.mjt.lu\/tplimg\/x0u69\/b\/x6ppw\/v7opj.jpeg?w=540&#038;ssl=1\" ><a href=\"http:\/\/x0u69.mjt.lu\/lnk\/AMUAAGtNzycAAci1_TQAAI3joTEAAAAAmZkAm6J5AA1e7QBeee99Lt8tHW_EQtW6zyo8BHn-LgANUnY\/9\/9s5jVAMk6wxtQH68K6as9A\/aHR0cHM6Ly9kaW9jZXNlOTIuZnIvQ29uZmluZW1lbnQtRXZlbmVtZW50cy1zdXNwZW5kdXM\" target=\"_blank\" rel=\"noreferrer noopener\"><\/a><\/td><\/tr><\/tbody><\/table><\/figure>\n","protected":false},"excerpt":{"rendered":"<p>A midi, le souverain pontife appelle tous les chr\u00e9tiens \u00e0 s\u2019unir dans la pri\u00e8re contre l\u2019\u00e9pid\u00e9mie de coronavirus et d&rsquo;unir leurs voix vers le Ciel, en r\u00e9citant le Notre P\u00e8re. Le Pape a \u00e9galement annonc\u00e9 qu\u2019il pr\u00e9siderait un temps de pri\u00e8re ce vendredi 27 mars \u00e0 18h sur le parvis de la basilique Saint-Pierre. Le soir, tandis que les cloches des \u00e9glises de France sonneront \u00e0 19h30, nous sommes invit\u00e9s par l\u2019ensemble des \u00e9v\u00eaques de France \u00e0 d\u00e9poser une bougie <a class=\"more-link\" href=\"https:\/\/paroisses-chatenay.fr\/stgermain\/mercredi-25-mars-jour-de-la-fete-de-lannonciation-du-seigneur-le-pape-francois-et-les-eveques-de-france-nous-invitent-a-effectuer-des-gestes-communs\/\">Lire plus &#8230;<\/a><\/p>\n","protected":false},"author":1,"featured_media":5594,"comment_status":"closed","ping_status":"closed","sticky":false,"template":"","format":"standard","meta":{"_seopress_robots_primary_cat":"none","_seopress_titles_title":"","_seopress_titles_desc":"","_seopress_robots_index":"","jetpack_post_was_ever_published":false,"_jetpack_newsletter_access":"","_jetpack_dont_email_post_to_subs":false,"_jetpack_newsletter_tier_id":0,"_jetpack_memberships_contains_paywalled_content":false,"_jetpack_memberships_contains_paid_content":false,"footnotes":"","jetpack_publicize_message":"","jetpack_publicize_feature_enabled":true,"jetpack_social_post_already_shared":true,"jetpack_social_options":{"image_generator_settings":{"template":"highway","default_image_id":0,"font":"","enabled":false},"version":2}},"categories":[11],"tags":[],"class_list":["post-5590","post","type-post","status-publish","format-standard","has-post-thumbnail","hentry","category-diocese"],"jetpack_publicize_connections":[],"jetpack_featured_media_url":"https:\/\/i0.wp.com\/paroisses-chatenay.fr\/stgermain\/wp-content\/uploads\/2020\/03\/25Mars.jpg?fit=750%2C184&ssl=1","jetpack_sharing_enabled":true,"jetpack_shortlink":"https:\/\/wp.me\/p8QOZc-1sa","jetpack_likes_enabled":true,"_links":{"self":[{"href":"https:\/\/paroisses-chatenay.fr\/stgermain\/wp-json\/wp\/v2\/posts\/5590","targetHints":{"allow":["GET"]}}],"collection":[{"href":"https:\/\/paroisses-chatenay.fr\/stgermain\/wp-json\/wp\/v2\/posts"}],"about":[{"href":"https:\/\/paroisses-chatenay.fr\/stgermain\/wp-json\/wp\/v2\/types\/post"}],"author":[{"embeddable":true,"href":"https:\/\/paroisses-chatenay.fr\/stgermain\/wp-json\/wp\/v2\/users\/1"}],"replies":[{"embeddable":true,"href":"https:\/\/paroisses-chatenay.fr\/stgermain\/wp-json\/wp\/v2\/comments?post=5590"}],"version-history":[{"count":2,"href":"https:\/\/paroisses-chatenay.fr\/stgermain\/wp-json\/wp\/v2\/posts\/5590\/revisions"}],"predecessor-version":[{"id":5595,"href":"https:\/\/paroisses-chatenay.fr\/stgermain\/wp-json\/wp\/v2\/posts\/5590\/revisions\/5595"}],"wp:featuredmedia":[{"embeddable":true,"href":"https:\/\/paroisses-chatenay.fr\/stgermain\/wp-json\/wp\/v2\/media\/5594"}],"wp:attachment":[{"href":"https:\/\/paroisses-chatenay.fr\/stgermain\/wp-json\/wp\/v2\/media?parent=5590"}],"wp:term":[{"taxonomy":"category","embeddable":true,"href":"https:\/\/paroisses-chatenay.fr\/stgermain\/wp-json\/wp\/v2\/categories?post=5590"},{"taxonomy":"post_tag","embeddable":true,"href":"https:\/\/paroisses-chatenay.fr\/stgermain\/wp-json\/wp\/v2\/tags?post=5590"}],"curies":[{"name":"wp","href":"https:\/\/api.w.org\/{rel}","templated":true}]}}