{"id":5664,"date":"2020-03-28T10:03:27","date_gmt":"2020-03-28T09:03:27","guid":{"rendered":"http:\/\/www.paroisses-chatenay.fr\/stgermain\/?p=5664"},"modified":"2020-04-12T09:47:23","modified_gmt":"2020-04-12T07:47:23","slug":"dimanche-28-mars-8h00-et-11h00-messe-sur-trois-paroisses-de-chatenay-malabry","status":"publish","type":"post","link":"https:\/\/paroisses-chatenay.fr\/stgermain\/dimanche-28-mars-8h00-et-11h00-messe-sur-trois-paroisses-de-chatenay-malabry\/","title":{"rendered":"Dimanche 29 Mars, 8h00 et 11h30 : messe sur \u00ab\u00a0Trois Paroisses de Ch\u00e2tenay-Malabry\u00a0\u00bb"},"content":{"rendered":"\n<p><a href=\"https:\/\/www.youtube.com\/channel\/UCC3rqp5Pol60WuEKwAyWPbQ\" target=\"_blank\" rel=\"noopener noreferrer\">Transmises sur la cha\u00eene \u00ab\u00a03 Paroisses de Chatenay-Malabry\u00a0\u00bb : 8h00 depuis Saint Germain l&rsquo;Auxerrois et 11h30 depuis Sainte Th\u00e9r\u00e8se d&rsquo;Avila<\/a><\/p>\n<p>De l&rsquo;\u00e9ditorial du <a href=\"http:\/\/www.paroisses-chatenay.fr\/stgermain\/wp-content\/uploads\/2020\/03\/J3P-n%C2%B054.pdf\" target=\"_blank\" rel=\"noopener noreferrer\">Journal des trois paroisses de ces mois de mars\/avril :<\/a><\/p>\n<p><em>\u00ab\u00a0C\u2019est formidable, le moyen (la c\u00e9l\u00e9bration) par lequel nous est donn\u00e9e corporellement Sa pr\u00e9sence ! Et cela \u00e0 un double titre : Il se fait Parole et Pain pour, passant dans notre corps, se donner \u00e0 nous spirituellement, nous communiquant toute sa vitalit\u00e9 pour que nous puissions donner notre vie dans nos engagements. Il nous incorpore \u00e0 son corps communautaire, nous qui avons part au m\u00eame pain, qui communions au corps du Christ, l\u2019\u00c9glise, en qui nous sommes un seul corps, membres les uns des autres.<\/em><\/p>\n<p><em>Sa gr\u00e2ce se donne \u00e0 nous corporellement, dans notre corps personnel et communautaire.<\/em><\/p>\n<p><em>Mais n\u2019oublions pas : comme le dit le vieil adage, la gr\u00e2ce (la pr\u00e9sence transformante de Dieu) se donne dans les sacrements, mais n\u2019est pas limit\u00e9e \u00e0 eux. C\u2019est Dieu qui est pr\u00e9sent o\u00f9 il veut comme il veut. Ce que nous recevons dans la merveille de l\u2019eucharistie d\u00e9borde l\u2019eucharistie, et c\u2019est cela ou plut\u00f4t Celui-l\u00e0 que nous voulons accueillir. Dans l\u2019exp\u00e9rience du je\u00fbne eucharistique, nous pouvons vivre spirituellement l\u2019eucharistie, y compris sa dimension charnelle, celle qui a le go\u00fbt du pain : j\u2019ai d\u00e9j\u00e0 communi\u00e9 concr\u00e8tement, mang\u00e9 (prenez et mangez), et m\u00eame si je n\u2019ai pas communi\u00e9 aujourd\u2019hui, comment je vis ce que j\u2019ai re\u00e7u ? Est-ce du pass\u00e9, ou du pr\u00e9sent ? D\u2019habitude, apr\u00e8s avoir communi\u00e9 le dimanche, comment je deviens un peu l\u2019\u00eatre de communion que le Seigneur a sem\u00e9 en moi, comment \u00e7a dure ?\u00a0\u00bb<\/em><\/p>\n<p>Et pour que nos paroisses continuent de vivre : <a href=\"https:\/\/www.appli-laquete.fr\/\" target=\"_blank\" rel=\"noopener noreferrer\">https:\/\/www.appli-laquete.fr\/<\/a><\/p>\n<p>\u00a0<\/p>\n","protected":false},"excerpt":{"rendered":"<p>Transmises sur la cha\u00eene \u00ab\u00a03 Paroisses de Chatenay-Malabry\u00a0\u00bb : 8h00 depuis Saint Germain l&rsquo;Auxerrois et 11h30 depuis Sainte Th\u00e9r\u00e8se d&rsquo;Avila De l&rsquo;\u00e9ditorial du Journal des trois paroisses de ces mois de mars\/avril : \u00ab\u00a0C\u2019est formidable, le moyen (la c\u00e9l\u00e9bration) par lequel nous est donn\u00e9e corporellement Sa pr\u00e9sence ! Et cela \u00e0 un double titre : Il se fait Parole et Pain pour, passant dans notre corps, se donner \u00e0 nous spirituellement, nous communiquant toute sa vitalit\u00e9 pour que nous puissions <a class=\"more-link\" href=\"https:\/\/paroisses-chatenay.fr\/stgermain\/dimanche-28-mars-8h00-et-11h00-messe-sur-trois-paroisses-de-chatenay-malabry\/\">Lire plus &#8230;<\/a><\/p>\n","protected":false},"author":1,"featured_media":0,"comment_status":"closed","ping_status":"closed","sticky":false,"template":"","format":"standard","meta":{"_seopress_robots_primary_cat":"none","_seopress_titles_title":"","_seopress_titles_desc":"","_seopress_robots_index":"","jetpack_post_was_ever_published":false,"_jetpack_newsletter_access":"","_jetpack_dont_email_post_to_subs":false,"_jetpack_newsletter_tier_id":0,"_jetpack_memberships_contains_paywalled_content":false,"_jetpack_memberships_contains_paid_content":false,"footnotes":"","jetpack_publicize_message":"","jetpack_publicize_feature_enabled":true,"jetpack_social_post_already_shared":true,"jetpack_social_options":{"image_generator_settings":{"template":"highway","default_image_id":0,"font":"","enabled":false},"version":2}},"categories":[12],"tags":[],"class_list":["post-5664","post","type-post","status-publish","format-standard","hentry","category-temps-du-careme"],"jetpack_publicize_connections":[],"jetpack_featured_media_url":"","jetpack_sharing_enabled":true,"jetpack_shortlink":"https:\/\/wp.me\/p8QOZc-1tm","jetpack_likes_enabled":true,"_links":{"self":[{"href":"https:\/\/paroisses-chatenay.fr\/stgermain\/wp-json\/wp\/v2\/posts\/5664","targetHints":{"allow":["GET"]}}],"collection":[{"href":"https:\/\/paroisses-chatenay.fr\/stgermain\/wp-json\/wp\/v2\/posts"}],"about":[{"href":"https:\/\/paroisses-chatenay.fr\/stgermain\/wp-json\/wp\/v2\/types\/post"}],"author":[{"embeddable":true,"href":"https:\/\/paroisses-chatenay.fr\/stgermain\/wp-json\/wp\/v2\/users\/1"}],"replies":[{"embeddable":true,"href":"https:\/\/paroisses-chatenay.fr\/stgermain\/wp-json\/wp\/v2\/comments?post=5664"}],"version-history":[{"count":6,"href":"https:\/\/paroisses-chatenay.fr\/stgermain\/wp-json\/wp\/v2\/posts\/5664\/revisions"}],"predecessor-version":[{"id":5673,"href":"https:\/\/paroisses-chatenay.fr\/stgermain\/wp-json\/wp\/v2\/posts\/5664\/revisions\/5673"}],"wp:attachment":[{"href":"https:\/\/paroisses-chatenay.fr\/stgermain\/wp-json\/wp\/v2\/media?parent=5664"}],"wp:term":[{"taxonomy":"category","embeddable":true,"href":"https:\/\/paroisses-chatenay.fr\/stgermain\/wp-json\/wp\/v2\/categories?post=5664"},{"taxonomy":"post_tag","embeddable":true,"href":"https:\/\/paroisses-chatenay.fr\/stgermain\/wp-json\/wp\/v2\/tags?post=5664"}],"curies":[{"name":"wp","href":"https:\/\/api.w.org\/{rel}","templated":true}]}}