{"id":5690,"date":"2020-04-03T21:08:40","date_gmt":"2020-04-03T19:08:40","guid":{"rendered":"http:\/\/www.paroisses-chatenay.fr\/stgermain\/?p=5690"},"modified":"2020-04-04T21:23:52","modified_gmt":"2020-04-04T19:23:52","slug":"vivre-la-semaine-sainte-au-temps-du-confinement","status":"publish","type":"post","link":"https:\/\/paroisses-chatenay.fr\/stgermain\/vivre-la-semaine-sainte-au-temps-du-confinement\/","title":{"rendered":"Vivre la semaine sainte au temps du confinement"},"content":{"rendered":"\n<p>Chers fr\u00e8res et s\u0153urs, comme vous le savez et comme on s\u2019en doutait, la confinement va durer au moins jusqu\u2019au lendemain de P\u00e2ques. Cette <strong>situation<\/strong> est <strong>porteuse d\u2019appels<\/strong>\u00a0:<\/p>\n<ul>\n<li>un appel <strong>\u00e0 la solidarit\u00e9<\/strong> et \u00e0 l\u2019attention. Beaucoup d\u2019entre nous, par leur m\u00e9tier ou par leurs liens familiaux ou amicaux, sont en contact avec des personnes touch\u00e9es par cette \u00e9pid\u00e9mie. Il est important de se partager les nouvelles pour nourrir notre pri\u00e8re. Vos pr\u00eatres peuvent se d\u00e9placer dans telle ou telle situation extr\u00eame. Diffusez aussi sans mod\u00e9ration le num\u00e9ro vert (<strong>0805-382-280<\/strong>) de l\u2019espace d\u2019\u00e9coute t\u00e9l\u00e9phonique ou vert par la pastorale de la sant\u00e9 du dioc\u00e8se\u00a0:<\/li>\n<\/ul>\n<p><a href=\"https:\/\/diocese92.fr\/0805-382-280-Espace-d-ecoute-telephonique-de-la-Pastorale-de-la-Sante\">https:\/\/diocese92.fr\/0805-382-280-Espace-d-ecoute-telephonique-de-la-Pastorale-de-la-Sante<\/a><\/p>\n<p>Pour des personnes vivant la grande pr\u00e9carit\u00e9 que vous pourriez conna\u00eetre, un site indiqu\u00e9 par le dioc\u00e8se recense les organismes qui restent en partie ouverts\u00a0:<\/p>\n<p>http:\/\/www.solinum.org\/coronavirus-structures-ouvertes-hauts-de-seine-92<\/p>\n<ul>\n<li>un appel <strong>\u00e0 l\u2019approfondissement<\/strong> Chacun vit diff\u00e9remment l\u2019absence des c\u00e9l\u00e9brations, plus ou moins facilement. Pour tous, il y a une opportunit\u00e9 d\u2019approfondir le sens des sacrements avant de\u00a0 pouvoir \u00e0 nouveau les vivre dans la joie. Chaque soir, de 20h \u00e0 21h, sur notre chaine de t\u00e9l\u00e9 Youtube, (<strong>3 Paroisses de Chatenay-Malabry<\/strong>), en direct de ste Th\u00e9r\u00e8se, nous pouvons vivre, dans l\u2019adoration eucharistique, l\u2019exp\u00e9rience que Celui que nous regardons, c\u2019est Celui Auquel nous avons communi\u00e9 ou Auquel nous d\u00e9sirons communier, Celui qui a fait ou qui veut faire Sa demeure en nous.\u00a0 Chaque midi, en attendant de pouvoir un jour communier, nous communions \u00e0 la Parole de la messe du jour partag\u00e9e par vos pr\u00eatres. La liste serait longue des possibilit\u00e9s d\u2019approfondissement qui atteignent les plus connect\u00e9s via les sites et groupes de discussion sur les r\u00e9seaux sociaux. Signalons \u00e0 nouveau le site du dioc\u00e8se (<a href=\"https:\/\/diocese92.fr\">https:\/\/diocese92.fr<\/a>), et les deux brefs enseignements de notre \u00e9v\u00eaque sur la <em>Communion Spirituelle<\/em> et sur la <em>Contrition parfaite<\/em>.<\/li>\n<\/ul>\n<p>Il reste que nous entrons dans la <strong>Semaine Sainte<\/strong>. Comment, tout en respectant loyalement le confinement et en vivant les c\u00e9l\u00e9brations par \u00e9crans interpos\u00e9s, les vivre de la mani\u00e8re la plus nourrissante et communautaire\u00a0?<\/p>\n<ul>\n<li>Pour les <strong>Rameaux<\/strong>: outre les deux messes diffus\u00e9es auxquelles vous \u00eates maintenant habitu\u00e9s (petite messe \u00e0 8h \u00e0 st Germain, grand messe \u00e0 11h30 \u00e0 ste Th\u00e9r\u00e8se), <strong>notre \u00e9v\u00eaque vid\u00e9o-b\u00e9nira tous les rameaux<\/strong> que vous vous serez procur\u00e9s <strong>\u00e0 9h30<\/strong>\u00a0! Si vous ratez le d\u00e9but, vous pourrez aussi les pr\u00e9senter devant votre \u00e9cran, lorsque je b\u00e9nirai quelques rameaux \u00e0 11h30 &#8211; qui ne seront pas distribu\u00e9s (inutile et interdit de vous d\u00e9placer\u00a0!) mais seront conserv\u00e9s pour les personnes en grande difficult\u00e9 visit\u00e9es par les pr\u00eatres ou les membres de nos associations.\u00a0 \u00a0\u00a0<\/li>\n<\/ul>\n<p>Pour la semaine sainte, des propositions pour vivre la semaine sainte en famille sont faites\u00a0: site du dioc\u00e8se, du service dioc\u00e9sain de la cat\u00e9ch\u00e8se (\u00e0 venir), de la conf\u00e9rence des \u00e9v\u00eaques de France\u2026 Le dioc\u00e8se diffusera\u00a0 \u00e9galement un \u00a0chapelet pour les vocations mardi saint \u00e0 21h, mercredi saint \u00e0 18h les v\u00eapres c\u00e9l\u00e9br\u00e9es par les ministres ordonn\u00e9s et le renouvellement des promesses d\u2019ordination (\u00e0 la place de la messe chrismale report\u00e9e au 26 mai), etc\u2026 Les bapt\u00eames de nos adultes seront reprogramm\u00e9s (vers la Trinit\u00e9\u00a0?) avec les candidats, en fonction de l\u2019\u00e9volution de la situation.<\/p>\n<p>Sous r\u00e9serves de modifications ult\u00e9rieures, les offices du <strong>Triduum Pascal<\/strong> et la messe du jour de P\u00e2ques seront c\u00e9l\u00e9br\u00e9s \u00ab\u00a0en mode confin\u00e9\u00a0\u00bb et transmis via votre chaine\u00a0:\u00a0\u00a0\u00a0<\/p>\n<ul>\n<li>Jeudi saint \u00e0 ste Th\u00e9r\u00e8se 20h30, suivi d\u2019un temps d\u2019adoration au reposoir \u00ab\u00a0interne\u00a0\u00bb \u00a0\u00a0\u00a0\u00a0\u00a0\u00a0\u00a0\u00a0\u00a0\u00a0\u00a0\u00a0\u00a0\u00a0\u00a0\u00a0\u00a0\u00a0\u00a0\u00a0\u00a0\u00a0\u00a0\u00a0\u00a0\u00a0\u00a0\u00a0\u00a0\u00a0\u00a0\u00a0\u00a0\u00a0\u00a0\u00a0\u00a0\u00a0\u00a0\u00a0\u00a0\u00a0\u00a0\u00a0\u00a0\u00a0<\/li>\n<li>Office de la Passion, vendredi saint, depuis ste Bathilde, \u00e0 21h00<\/li>\n<li>Vigile Pascale depuis St Germain l\u2019auxerrois, \u00e0 21h00<\/li>\n<li>Messe du jour de P\u00e2ques, depuis ste Th\u00e9r\u00e8se, \u00e0 11h30<\/li>\n<\/ul>\n<p>Nous allons petit \u00e0 petit nous organiser pour trouver comment donner du relief \u00e0 nos c\u00e9l\u00e9brations confin\u00e9es, par exemple en faisant appel \u00e0 des lectures ou \u00e0 des chants enregistr\u00e9s chez vous (mais en veillant \u00e0 la qualit\u00e9, donc indications techniques \u00e0 venir \u00e0 suivre !), pour essayer de faire d\u2019un moins un plus. Pensez aussi \u00e0 signaler \u00e0 ceux qui n\u2019ont pas d\u2019acc\u00e8s \u00e0 internet, les c\u00e9l\u00e9brations diffus\u00e9es par les grandes chaines de t\u00e9l\u00e9vision ou de radio (cf. plus bas pour la radio)).<\/p>\n<p>Merci, \u00e0 vous, on reste \u00e0 l\u2019\u00e9coute et dans la pri\u00e8re<\/p>\n<p>P. <strong>Dominique<\/strong> et l\u2019EAP<\/p>\n<p><img data-recalc-dims=\"1\" loading=\"lazy\" decoding=\"async\" class=\"alignnone size-full wp-image-5697\" src=\"https:\/\/i0.wp.com\/www.paroisses-chatenay.fr\/stgermain\/wp-content\/uploads\/2020\/04\/TPascal.jpg?resize=291%2C219\" alt=\"\" width=\"291\" height=\"219\" \/><\/p>\n","protected":false},"excerpt":{"rendered":"<p>Chers fr\u00e8res et s\u0153urs, comme vous le savez et comme on s\u2019en doutait, la confinement va durer au moins jusqu\u2019au lendemain de P\u00e2ques. Cette situation est porteuse d\u2019appels\u00a0: un appel \u00e0 la solidarit\u00e9 et \u00e0 l\u2019attention. Beaucoup d\u2019entre nous, par leur m\u00e9tier ou par leurs liens familiaux ou amicaux, sont en contact avec des personnes touch\u00e9es par cette \u00e9pid\u00e9mie. Il est important de se partager les nouvelles pour nourrir notre pri\u00e8re. Vos pr\u00eatres peuvent se d\u00e9placer dans telle ou telle <a class=\"more-link\" href=\"https:\/\/paroisses-chatenay.fr\/stgermain\/vivre-la-semaine-sainte-au-temps-du-confinement\/\">Lire plus &#8230;<\/a><\/p>\n","protected":false},"author":1,"featured_media":5676,"comment_status":"closed","ping_status":"closed","sticky":false,"template":"","format":"standard","meta":{"_seopress_robots_primary_cat":"none","_seopress_titles_title":"","_seopress_titles_desc":"","_seopress_robots_index":"","jetpack_post_was_ever_published":false,"_jetpack_newsletter_access":"","_jetpack_dont_email_post_to_subs":false,"_jetpack_newsletter_tier_id":0,"_jetpack_memberships_contains_paywalled_content":false,"_jetpack_memberships_contains_paid_content":false,"footnotes":"","jetpack_publicize_message":"","jetpack_publicize_feature_enabled":true,"jetpack_social_post_already_shared":true,"jetpack_social_options":{"image_generator_settings":{"template":"highway","default_image_id":0,"font":"","enabled":false},"version":2}},"categories":[5],"tags":[],"class_list":["post-5690","post","type-post","status-publish","format-standard","has-post-thumbnail","hentry","category-la-paroisse-2"],"jetpack_publicize_connections":[],"jetpack_featured_media_url":"https:\/\/i0.wp.com\/paroisses-chatenay.fr\/stgermain\/wp-content\/uploads\/2020\/03\/rameaux-scaled.jpg?fit=1920%2C2560&ssl=1","jetpack_sharing_enabled":true,"jetpack_shortlink":"https:\/\/wp.me\/p8QOZc-1tM","jetpack_likes_enabled":true,"_links":{"self":[{"href":"https:\/\/paroisses-chatenay.fr\/stgermain\/wp-json\/wp\/v2\/posts\/5690","targetHints":{"allow":["GET"]}}],"collection":[{"href":"https:\/\/paroisses-chatenay.fr\/stgermain\/wp-json\/wp\/v2\/posts"}],"about":[{"href":"https:\/\/paroisses-chatenay.fr\/stgermain\/wp-json\/wp\/v2\/types\/post"}],"author":[{"embeddable":true,"href":"https:\/\/paroisses-chatenay.fr\/stgermain\/wp-json\/wp\/v2\/users\/1"}],"replies":[{"embeddable":true,"href":"https:\/\/paroisses-chatenay.fr\/stgermain\/wp-json\/wp\/v2\/comments?post=5690"}],"version-history":[{"count":4,"href":"https:\/\/paroisses-chatenay.fr\/stgermain\/wp-json\/wp\/v2\/posts\/5690\/revisions"}],"predecessor-version":[{"id":5766,"href":"https:\/\/paroisses-chatenay.fr\/stgermain\/wp-json\/wp\/v2\/posts\/5690\/revisions\/5766"}],"wp:featuredmedia":[{"embeddable":true,"href":"https:\/\/paroisses-chatenay.fr\/stgermain\/wp-json\/wp\/v2\/media\/5676"}],"wp:attachment":[{"href":"https:\/\/paroisses-chatenay.fr\/stgermain\/wp-json\/wp\/v2\/media?parent=5690"}],"wp:term":[{"taxonomy":"category","embeddable":true,"href":"https:\/\/paroisses-chatenay.fr\/stgermain\/wp-json\/wp\/v2\/categories?post=5690"},{"taxonomy":"post_tag","embeddable":true,"href":"https:\/\/paroisses-chatenay.fr\/stgermain\/wp-json\/wp\/v2\/tags?post=5690"}],"curies":[{"name":"wp","href":"https:\/\/api.w.org\/{rel}","templated":true}]}}