{"id":6801,"date":"2020-12-05T06:30:00","date_gmt":"2020-12-05T05:30:00","guid":{"rendered":"http:\/\/www.paroisses-chatenay.fr\/stgermain\/?p=6801"},"modified":"2020-12-05T14:50:16","modified_gmt":"2020-12-05T13:50:16","slug":"quelles-sont-les-figures-des-lectures-du-temps-de-lavent-qui-minspirent","status":"publish","type":"post","link":"https:\/\/paroisses-chatenay.fr\/stgermain\/quelles-sont-les-figures-des-lectures-du-temps-de-lavent-qui-minspirent\/","title":{"rendered":"Quelles sont les figures des lectures du temps de l\u2019Avent qui m\u2019inspirent ?"},"content":{"rendered":"\n<p>Ce deuxi\u00e8me dimanche de l\u2019Avent, l\u2019Evangile insiste sur l\u2019envoi&nbsp;: \u00ab&nbsp;Voici que j\u2019envoie mon messager en avant de toi, pour ouvrir ton chemin&nbsp;\u00bb. Nous aussi sommes invit\u00e9s \u00e0 ouvrir des passages et peut \u00eatre l\u2019appui de figures bibliques peut nous y aider. Alors, quelles sont les figures des lectures du temps de l\u2019Avent qui m\u2019inspirent&nbsp;?<\/p>\n","protected":false},"excerpt":{"rendered":"<p>Ce deuxi\u00e8me dimanche de l\u2019Avent, l\u2019Evangile insiste sur l\u2019envoi&nbsp;: \u00ab&nbsp;Voici que j\u2019envoie mon messager en avant de toi, pour ouvrir ton chemin&nbsp;\u00bb. Nous aussi sommes invit\u00e9s \u00e0 ouvrir des passages et peut \u00eatre l\u2019appui de figures bibliques peut nous y aider. Alors, quelles sont les figures des lectures du temps de l\u2019Avent qui m\u2019inspirent&nbsp;?<\/p>\n","protected":false},"author":1,"featured_media":0,"comment_status":"closed","ping_status":"closed","sticky":false,"template":"","format":"standard","meta":{"_seopress_robots_primary_cat":"none","_seopress_titles_title":"","_seopress_titles_desc":"","_seopress_robots_index":"","jetpack_post_was_ever_published":false,"_jetpack_newsletter_access":"","_jetpack_dont_email_post_to_subs":false,"_jetpack_newsletter_tier_id":0,"_jetpack_memberships_contains_paywalled_content":false,"_jetpack_memberships_contains_paid_content":false,"footnotes":"","jetpack_publicize_message":"","jetpack_publicize_feature_enabled":true,"jetpack_social_post_already_shared":true,"jetpack_social_options":{"image_generator_settings":{"template":"highway","default_image_id":0,"font":"","enabled":false},"version":2}},"categories":[5],"tags":[],"class_list":["post-6801","post","type-post","status-publish","format-standard","hentry","category-la-paroisse-2"],"jetpack_publicize_connections":[],"jetpack_featured_media_url":"","jetpack_sharing_enabled":true,"jetpack_shortlink":"https:\/\/wp.me\/p8QOZc-1LH","jetpack_likes_enabled":true,"_links":{"self":[{"href":"https:\/\/paroisses-chatenay.fr\/stgermain\/wp-json\/wp\/v2\/posts\/6801","targetHints":{"allow":["GET"]}}],"collection":[{"href":"https:\/\/paroisses-chatenay.fr\/stgermain\/wp-json\/wp\/v2\/posts"}],"about":[{"href":"https:\/\/paroisses-chatenay.fr\/stgermain\/wp-json\/wp\/v2\/types\/post"}],"author":[{"embeddable":true,"href":"https:\/\/paroisses-chatenay.fr\/stgermain\/wp-json\/wp\/v2\/users\/1"}],"replies":[{"embeddable":true,"href":"https:\/\/paroisses-chatenay.fr\/stgermain\/wp-json\/wp\/v2\/comments?post=6801"}],"version-history":[{"count":2,"href":"https:\/\/paroisses-chatenay.fr\/stgermain\/wp-json\/wp\/v2\/posts\/6801\/revisions"}],"predecessor-version":[{"id":6855,"href":"https:\/\/paroisses-chatenay.fr\/stgermain\/wp-json\/wp\/v2\/posts\/6801\/revisions\/6855"}],"wp:attachment":[{"href":"https:\/\/paroisses-chatenay.fr\/stgermain\/wp-json\/wp\/v2\/media?parent=6801"}],"wp:term":[{"taxonomy":"category","embeddable":true,"href":"https:\/\/paroisses-chatenay.fr\/stgermain\/wp-json\/wp\/v2\/categories?post=6801"},{"taxonomy":"post_tag","embeddable":true,"href":"https:\/\/paroisses-chatenay.fr\/stgermain\/wp-json\/wp\/v2\/tags?post=6801"}],"curies":[{"name":"wp","href":"https:\/\/api.w.org\/{rel}","templated":true}]}}